{"id":33205,"date":"2018-10-21T18:01:54","date_gmt":"2018-10-21T23:01:54","guid":{"rendered":"http:\/\/contraluzcucuta.co\/?p=33205"},"modified":"2018-10-21T18:01:54","modified_gmt":"2018-10-21T23:01:54","slug":"gimnasia-seleccion-colombia-de-mayores-disputara-mundial-en-qatar","status":"publish","type":"post","link":"https:\/\/contraluzcucuta.co\/?p=33205","title":{"rendered":"GIMNASIA. Selecci\u00f3n Colombia de mayores disputar\u00e1 mundial en Qatar"},"content":{"rendered":"<p style=\"padding-left: 60px;\"><span style=\"color: #ff6600;\"><strong>C\u00daCUTA.-<\/strong> Cinco deportistas nortesantandereanos conforman la selecci\u00f3n mayor de gimnasia de Colombia que disputar\u00e1 el Mundial de Doha (Qatar). &nbsp;Jossimar Calvo, Javier Sandoval, Didier Lugo, Carlos Calvo y Eric Vargas enarbolar\u00e1n la bandera rojinegra. &nbsp;Andr\u00e9s Mart\u00ednez, de Antioquia, completa la lista de viajeros dirigidos por Jairo Ruiz Casas. El torneo se llevar\u00e1 a cabo del 25 de octubre al 3 de noviembre.<\/span><\/p>\n<p>El reto no solo ser\u00e1 para los deportistas y el cuerpo de entrenadores, tambi\u00e9n el equipo interdisciplinario busca buenos resultados, seg\u00fan lo planificado durante el a\u00f1o y los controles despu\u00e9s de cada entrenamiento. &nbsp;<\/p>\n<p>Orlando Arias, fisioterapeuta &nbsp;de la selecci\u00f3n nacional, dijo que es vital &nbsp;una buena presentaci\u00f3n de los gimnastas de la categor\u00eda mayor, porque es clasificatorio para los Juegos Ol\u00edmpicos.<\/p>\n<p>\u201cNecesitamos quedar entre los 18 primeros para clasificar y lograr el sue\u00f1o que hemos perseguido durante mucho tiempo, clasificar por equipos\u201d, dijo Arias.<\/p>\n<p>La sicolog\u00eda tambi\u00e9n juega papel importante en la preparaci\u00f3n. Carlos Guti\u00e9rrez, sic\u00f3logo de la delegaci\u00f3n cafetera, &nbsp;ha cumplido una etapa pre competencia con los muchachos. El objetivo es aumentar la concentraci\u00f3n y prepararlos para el entorno de los desaf\u00edos.<\/p>\n<p>\u201cHemos preparado a los gimnastas con ejercicios de preparaci\u00f3n, atenci\u00f3n, visualizaci\u00f3n y de respiraci\u00f3n que les permita dar un rendimiento \u00f3ptimo durante estas competencias\u201d, concluy\u00f3 Guti\u00e9rrez. <\/p>\n","protected":false},"excerpt":{"rendered":"<p>C\u00daCUTA.- Cinco deportistas nortesantandereanos conforman la selecci\u00f3n mayor de gimnasia de Colombia que disputar\u00e1 el Mundial de Doha (Qatar). &nbsp;Jossimar Calvo, Javier Sandoval, Didier Lugo, Carlos Calvo y Eric Vargas enarbolar\u00e1n la bandera rojinegra. &nbsp;Andr\u00e9s Mart\u00ednez, de Antioquia, completa la lista de viajeros dirigidos por Jairo Ruiz Casas. El torneo se llevar\u00e1 a cabo del &hellip;<\/p>\n","protected":false},"author":1,"featured_media":33206,"comment_status":"open","ping_status":"open","sticky":false,"template":"","format":"standard","meta":{"footnotes":""},"categories":[28],"tags":[2148,1605,639],"class_list":["post-33205","post","type-post","status-publish","format-standard","has-post-thumbnail","hentry","category-vistazo-deportivo","tag-federacion-colombiana-de-gimnasia","tag-gimnasia-de-norte-de-santander","tag-jossimar-calvo"],"_links":{"self":[{"href":"https:\/\/contraluzcucuta.co\/index.php?rest_route=\/wp\/v2\/posts\/33205","targetHints":{"allow":["GET"]}}],"collection":[{"href":"https:\/\/contraluzcucuta.co\/index.php?rest_route=\/wp\/v2\/posts"}],"about":[{"href":"https:\/\/contraluzcucuta.co\/index.php?rest_route=\/wp\/v2\/types\/post"}],"author":[{"embeddable":true,"href":"https:\/\/contraluzcucuta.co\/index.php?rest_route=\/wp\/v2\/users\/1"}],"replies":[{"embeddable":true,"href":"https:\/\/contraluzcucuta.co\/index.php?rest_route=%2Fwp%2Fv2%2Fcomments&post=33205"}],"version-history":[{"count":1,"href":"https:\/\/contraluzcucuta.co\/index.php?rest_route=\/wp\/v2\/posts\/33205\/revisions"}],"predecessor-version":[{"id":33207,"href":"https:\/\/contraluzcucuta.co\/index.php?rest_route=\/wp\/v2\/posts\/33205\/revisions\/33207"}],"wp:featuredmedia":[{"embeddable":true,"href":"https:\/\/contraluzcucuta.co\/index.php?rest_route=\/wp\/v2\/media\/33206"}],"wp:attachment":[{"href":"https:\/\/contraluzcucuta.co\/index.php?rest_route=%2Fwp%2Fv2%2Fmedia&parent=33205"}],"wp:term":[{"taxonomy":"category","embeddable":true,"href":"https:\/\/contraluzcucuta.co\/index.php?rest_route=%2Fwp%2Fv2%2Fcategories&post=33205"},{"taxonomy":"post_tag","embeddable":true,"href":"https:\/\/contraluzcucuta.co\/index.php?rest_route=%2Fwp%2Fv2%2Ftags&post=33205"}],"curies":[{"name":"wp","href":"https:\/\/api.w.org\/{rel}","templated":true}]}}