{"id":33192,"date":"2018-10-10T21:19:07","date_gmt":"2018-10-11T02:19:07","guid":{"rendered":"http:\/\/contraluzcucuta.co\/?p=33192"},"modified":"2018-10-10T21:19:07","modified_gmt":"2018-10-11T02:19:07","slug":"crisis-en-venezuela-colombia-no-cerrara-sus-fronteras-duque","status":"publish","type":"post","link":"https:\/\/contraluzcucuta.co\/?p=33192","title":{"rendered":"CRISIS EN VENEZUELA. Colombia no cerrar\u00e1 sus fronteras: Duque"},"content":{"rendered":"<p style=\"padding-left: 60px;\"><span style=\"color: #ff6600;\"><strong>BOGOT\u00c1.-<\/strong> Las fronteras colombianas no se cerrar\u00e1n al \u00e9xodo de venezolanos, dijo el presidente Iv\u00e1n Duque. Insisti\u00f3 en la necesidad de que \u201cotros pa\u00edses de Am\u00e9rica Latina asuman el compromiso de tener estatus de protecci\u00f3n temporal migratoria para que no seamos solo nosotros los que absorbamos ese flujo\u201d.<\/span><\/p>\n<p>El jefe del Estado, asisti\u00f3 a la instalaci\u00f3n de la XXIV Reuni\u00f3n Plenaria del C\u00edrculo de Montevideo y resalt\u00f3 que \u201cla aptitud de Colombia frente a los hermanos venezolanos ha sido la de la fraternidad. No solo frente a ellos, sino frente a los hijos y nietos de colombianos\u201d, en un mundo donde muchos tienen sentimientos de xenofobia o se deciden por el aislacionismo.<\/p>\n<p>Las fronteras abiertas generar\u00e1n al pa\u00eds \u201cpresiones fiscales y sociales\u201d.&nbsp;&nbsp; Ante \u201cla m\u00e1s grave crisis migratoria que haya visto Am\u00e9rica Latina en su historia reciente, Colombia estar\u00e1 a la altura de las circunstancias\u201d.<\/p>\n<p>Lo que vive Venezuela \u201ces un drama. El drama de una regi\u00f3n que por a\u00f1os dej\u00f3 que la dictadura empezara a cobrar fuerza, vestida con el sacoleva de la democracia, hasta que por completo se tom\u00f3 todos los poderes\u201d.<\/p>\n<p>En el auditorio integrado por expresidentes y l\u00edderes de la regi\u00f3n, Duque expres\u00f3 su orgullo de haber suscrito, junto a otros gobernantes, la denuncia \u201ccontra el dictador de Venezuela ante la Corte Penal Internacional, no por pol\u00edtica, sino porque es moralmente necesario\u201d.<\/p>\n<p>El presidente Iv\u00e1n Duque asever\u00f3 que \u201ctenemos que ser capaces internacionalmente de ejercer todas las presiones necesarias para que haya una verdadera transici\u00f3n a la democracia y un sentimiento de esperanza y de retorno\u201d. <\/p>\n","protected":false},"excerpt":{"rendered":"<p>BOGOT\u00c1.- Las fronteras colombianas no se cerrar\u00e1n al \u00e9xodo de venezolanos, dijo el presidente Iv\u00e1n Duque. Insisti\u00f3 en la necesidad de que \u201cotros pa\u00edses de Am\u00e9rica Latina asuman el compromiso de tener estatus de protecci\u00f3n temporal migratoria para que no seamos solo nosotros los que absorbamos ese flujo\u201d. El jefe del Estado, asisti\u00f3 a la &hellip;<\/p>\n","protected":false},"author":1,"featured_media":33193,"comment_status":"open","ping_status":"open","sticky":false,"template":"","format":"standard","meta":{"footnotes":""},"categories":[4,32],"tags":[2483,1164,4339],"class_list":["post-33192","post","type-post","status-publish","format-standard","has-post-thumbnail","hentry","category-barra","category-recorrido-por-la-region","tag-crisis-en-la-frontera","tag-crisis-en-venezuela","tag-presidente-ivan-duque"],"_links":{"self":[{"href":"https:\/\/contraluzcucuta.co\/index.php?rest_route=\/wp\/v2\/posts\/33192","targetHints":{"allow":["GET"]}}],"collection":[{"href":"https:\/\/contraluzcucuta.co\/index.php?rest_route=\/wp\/v2\/posts"}],"about":[{"href":"https:\/\/contraluzcucuta.co\/index.php?rest_route=\/wp\/v2\/types\/post"}],"author":[{"embeddable":true,"href":"https:\/\/contraluzcucuta.co\/index.php?rest_route=\/wp\/v2\/users\/1"}],"replies":[{"embeddable":true,"href":"https:\/\/contraluzcucuta.co\/index.php?rest_route=%2Fwp%2Fv2%2Fcomments&post=33192"}],"version-history":[{"count":1,"href":"https:\/\/contraluzcucuta.co\/index.php?rest_route=\/wp\/v2\/posts\/33192\/revisions"}],"predecessor-version":[{"id":33194,"href":"https:\/\/contraluzcucuta.co\/index.php?rest_route=\/wp\/v2\/posts\/33192\/revisions\/33194"}],"wp:featuredmedia":[{"embeddable":true,"href":"https:\/\/contraluzcucuta.co\/index.php?rest_route=\/wp\/v2\/media\/33193"}],"wp:attachment":[{"href":"https:\/\/contraluzcucuta.co\/index.php?rest_route=%2Fwp%2Fv2%2Fmedia&parent=33192"}],"wp:term":[{"taxonomy":"category","embeddable":true,"href":"https:\/\/contraluzcucuta.co\/index.php?rest_route=%2Fwp%2Fv2%2Fcategories&post=33192"},{"taxonomy":"post_tag","embeddable":true,"href":"https:\/\/contraluzcucuta.co\/index.php?rest_route=%2Fwp%2Fv2%2Ftags&post=33192"}],"curies":[{"name":"wp","href":"https:\/\/api.w.org\/{rel}","templated":true}]}}