{"id":33161,"date":"2018-10-07T15:56:13","date_gmt":"2018-10-07T20:56:13","guid":{"rendered":"http:\/\/contraluzcucuta.co\/?p=33161"},"modified":"2018-10-07T15:56:13","modified_gmt":"2018-10-07T20:56:13","slug":"medimas-347-244-afiliados-en-norte-de-santander-esperan-normalidad-en-los-servicios","status":"publish","type":"post","link":"https:\/\/contraluzcucuta.co\/?p=33161","title":{"rendered":"MEDIMAS. 347.244 afiliados en Norte de Santander esperan normalidad en los servicios"},"content":{"rendered":"<p style=\"padding-left: 60px;\"><span style=\"color: #ff6600;\"><strong>C\u00daCUTA.-<\/strong> Los 186.680 afiliados en el r\u00e9gimen subsidiado y los 160.564 en el r\u00e9gimen contributivo, que tiene Medimas en Norte de Santander, aguardan expectantes por la soluci\u00f3n que se d\u00e9 a la prestaci\u00f3n del servicio de salud. El 2 de octubre, mediante la Resoluci\u00f3n 10037 &nbsp;la Superintendencia Nacional de Salud dio plazo de 30 d\u00edas a la EPS para que presente un plan de mejora y garantice la atenci\u00f3n a los usuarios.<\/span><\/p>\n<p>El Instituto Departamental de Salud y la Procuradur\u00eda Regional hicieron un llamado a la red de prestadores de servicios de Medimas a continuar el trabajo con normalidad. A los afiliados les pidieron que tengan tranquilidad frente a la atenci\u00f3n de salud brindada por la EPS.<\/p>\n<p>La liquidadora de la EPS Saludcoop notific\u00f3 al procurador general Fernando Carrillo de la decisi\u00f3n de revocar la venta de Cafesalud (Medimas), porque no estaba en &#8220;condiciones de asumir de manera responsable la atenci\u00f3n a los usuarios.<\/p>\n<p>Buena parte de los afiliados en Norte de Santander se sintieron desorientados. El director del IDS, Juan Bitar, y el procurador regional Edgar Fandi\u00f1o pidieron a la comunidad y a los prestadores no entrar en p\u00e1nico asistencial.<\/p>\n<p>La Procuradur\u00eda y el Instituto Departamental de Salud adelantan la auditor\u00eda y hacen seguimiento para que la prestaci\u00f3n se lleve a cabo y no haya ninguna afectaci\u00f3n del servicio de salud.<\/p>\n<p>\u201cSi se diera un cierre definitivo de la EPS el Gobierno tendr\u00eda que tener un plan de contingencia para hacer los traslados autom\u00e1ticos y los usuarios tendr\u00edan 3 meses para hacer un cambio a la EPS de preferencia\u201d, dijo Juan Bitar.<\/p>\n<p>El procurador Fandi\u00f1o record\u00f3 que la Superintendencia de Salud, por medio de la Resoluci\u00f3n 10037 dio plazo de 30 d\u00edas a Medimas para que presente el plan de mejora. El objetivo es garantizar la prestaci\u00f3n del servicio de salud a sus usuarios. <\/p>\n","protected":false},"excerpt":{"rendered":"<p>C\u00daCUTA.- Los 186.680 afiliados en el r\u00e9gimen subsidiado y los 160.564 en el r\u00e9gimen contributivo, que tiene Medimas en Norte de Santander, aguardan expectantes por la soluci\u00f3n que se d\u00e9 a la prestaci\u00f3n del servicio de salud. El 2 de octubre, mediante la Resoluci\u00f3n 10037 &nbsp;la Superintendencia Nacional de Salud dio plazo de 30 d\u00edas &hellip;<\/p>\n","protected":false},"author":1,"featured_media":33162,"comment_status":"open","ping_status":"open","sticky":false,"template":"","format":"standard","meta":{"footnotes":""},"categories":[4,6],"tags":[1468,4328,2721],"class_list":["post-33161","post","type-post","status-publish","format-standard","has-post-thumbnail","hentry","category-barra","category-ojo-avizor","tag-ids","tag-medimas","tag-procuraduria-regional"],"_links":{"self":[{"href":"https:\/\/contraluzcucuta.co\/index.php?rest_route=\/wp\/v2\/posts\/33161","targetHints":{"allow":["GET"]}}],"collection":[{"href":"https:\/\/contraluzcucuta.co\/index.php?rest_route=\/wp\/v2\/posts"}],"about":[{"href":"https:\/\/contraluzcucuta.co\/index.php?rest_route=\/wp\/v2\/types\/post"}],"author":[{"embeddable":true,"href":"https:\/\/contraluzcucuta.co\/index.php?rest_route=\/wp\/v2\/users\/1"}],"replies":[{"embeddable":true,"href":"https:\/\/contraluzcucuta.co\/index.php?rest_route=%2Fwp%2Fv2%2Fcomments&post=33161"}],"version-history":[{"count":1,"href":"https:\/\/contraluzcucuta.co\/index.php?rest_route=\/wp\/v2\/posts\/33161\/revisions"}],"predecessor-version":[{"id":33163,"href":"https:\/\/contraluzcucuta.co\/index.php?rest_route=\/wp\/v2\/posts\/33161\/revisions\/33163"}],"wp:featuredmedia":[{"embeddable":true,"href":"https:\/\/contraluzcucuta.co\/index.php?rest_route=\/wp\/v2\/media\/33162"}],"wp:attachment":[{"href":"https:\/\/contraluzcucuta.co\/index.php?rest_route=%2Fwp%2Fv2%2Fmedia&parent=33161"}],"wp:term":[{"taxonomy":"category","embeddable":true,"href":"https:\/\/contraluzcucuta.co\/index.php?rest_route=%2Fwp%2Fv2%2Fcategories&post=33161"},{"taxonomy":"post_tag","embeddable":true,"href":"https:\/\/contraluzcucuta.co\/index.php?rest_route=%2Fwp%2Fv2%2Ftags&post=33161"}],"curies":[{"name":"wp","href":"https:\/\/api.w.org\/{rel}","templated":true}]}}