{"id":33092,"date":"2018-09-17T15:44:49","date_gmt":"2018-09-17T20:44:49","guid":{"rendered":"http:\/\/contraluzcucuta.co\/?p=33092"},"modified":"2018-09-17T15:44:49","modified_gmt":"2018-09-17T20:44:49","slug":"notas-al-margen-ante-la-realidad-de-la-frontera-y-el-reto-de-su-futuro","status":"publish","type":"post","link":"https:\/\/contraluzcucuta.co\/?p=33092","title":{"rendered":"NOTAS AL MARGEN. Ante la realidad de la frontera y el reto de su futuro"},"content":{"rendered":"<p style=\"padding-left: 60px;\"><span style=\"color: #ff6600;\"><em>Por la ubicaci\u00f3n geoestrat\u00e9gica y las ventajas comparativas, la frontera es una zona especial y lo que se requiere es implementar acciones constructivas y de proyecci\u00f3n.<\/em><\/span><\/p>\n<p>1.- Los anuncios del nuevo gobierno y los prop\u00f3sitos del presidente Iv\u00e1n Duque, en procura de darles vivencia a las opciones que desde los comienzos de la existencia afloran sobre esta zona de inmensas posibilidades, pero que no ha sido administrada, ni proyectada, hacia el aprovechamiento de las muy particulares condiciones y caracter\u00edsticas, pese a los intentos que en el pasado se han formulado y a las circunstancias que gravitan sobre el territorio y que conmocionan&nbsp; a los habitantes, porque se ha llegado hasta el extremo de inhabilitar las prerrogativas de ubicar, establecer e impulsar verdaderos programas trasformadores no solo de car\u00e1cter nacional, sino internacional, porque el centralismo y su arraigo en lo pol\u00edtico ha sido m\u00e1s fuerte y dominante que la implementaci\u00f3n de incentivos, est\u00edmulos, mecanismos, como tantas veces se ha expuesto, pero que no prosperan, porque la falta de una labor asociada y unitaria en prop\u00f3sitos y empe\u00f1os no logre vencer el facilismo y la ausencia de intereses interrelacionados para innovar, presentar iniciativas que coadyuven al cambio y trasformaci\u00f3n que en la gesti\u00f3n empresarial debe cumplirse y asistidos por programas de capacitaci\u00f3n y ayuda tecnol\u00f3gica, que permitan facilitar los mejoramientos en todas las \u00e1reas&nbsp; y la cabida a la industrializaci\u00f3n, el mejoramiento agr\u00edcola y la aplicaci\u00f3n de inversiones a lo b\u00e1sico de nuestras necesidades, como lo exigen los requerimientos de comunicaci\u00f3n en v\u00edas a\u00e9reas, f\u00e9rreas y de utilizaci\u00f3n permanente para abrirles puertas al desarrollo, al empleo, a la tecnolog\u00eda y al progreso colectivo.<\/p>\n<p>2.- El solo anuncio de una Zona Especial es una referencia a la necesidad de un cambio operativo y a la urgencia de no quedarnos como espectadores, tanto en lo nacional, como en lo internacional, cuando podemos ser activos exponentes de una noci\u00f3n moderna y funcional de la econom\u00eda y del progreso de los pueblos.<\/p>\n<p>Eso de tener Parques Industriales y Tecnol\u00f3gicos, Zonas Francas Especializadas y&nbsp; consorcios aplicados al manejo de las maquiladoras, como lo han&nbsp; cumplido y aplican decenas de naciones, es ubicarnos ante la realidad de los prop\u00f3sitos y anhelos que se viven y experimentan por millones de personas, ubicadas en distintos lugares del mundo.<\/p>\n<p>Creer o estimar que eso no nos interesa o que no podemos adelantarlo con nuestra gente, es lo que nos tiene semiparalizados y esperando sin hacer lo pertinente, ni comprometernos en el cambio y la trasformaci\u00f3n que debe operarse y efectuarse entre nosotros.<\/p>\n<p>3.- Como para la puesta en marcha de ese giro hacia la modernidad y las innovaciones tecnol\u00f3gicas competitivas es indispensable contar con apoyo de hombres y mujeres que se instruyan y eduquen en las universidades y centros de estudio que dominen y ense\u00f1en estas novedades, es necesario &#8211; e ineludible &#8211; si queremos crecer y penetrar en los c\u00edrculos de la competitividad nacional&nbsp; e internacional, en lo que estamos haciendo en la educaci\u00f3n y en la orientaci\u00f3n a las nuevas generaciones.<\/p>\n<p>Por eso y porque empiezan a correr nuevas impresiones y es v\u00e1lido intentar lo permisible, viene estudi\u00e1ndose la posibilidad de dar aliento y establecer lo que ha llegado en llamarse el Centro del Pensamiento y el desarrollo fronterizo, que en esencia es lograr dar aliento y vida a la primera universidad de frontera en el mundo, dando as\u00ed pasos claros y definitivos hacia ese proceso que est\u00e1 inocul\u00e1ndose para salir del atraso y enfrentar la realidad de nuestro destino.<\/p>\n<p>Y, todo lo anterior, sin caer en la desp\u00f3tica intervenci\u00f3n de los sectores y grupos politiqueros, que no han visto hace muchos a\u00f1os y con muchas demostraciones que han sido los que han impedido el establecimiento de nuevos valores y la apertura franca y definitiva hacia nuestro futuro.<\/p>\n<p>Si hay uni\u00f3n, labor en equipo&nbsp; y una disposici\u00f3n amplia y decidida a enfrentar esta realidad, bienvenida&nbsp; la Zona Especial, que se insin\u00faa sobre nuestra regi\u00f3n, porque poco a poco abrir\u00e1 la verdadera trocha y v\u00eda para nuestro desarrollo.<\/p>\n<p><strong>JOS\u00c9 NEIRA REY<\/strong><\/p>\n<p><a href=\"mailto:jneirarey@hotmail.com\">jneirarey@hotmail.com<\/a> <\/p>\n","protected":false},"excerpt":{"rendered":"<p>Por la ubicaci\u00f3n geoestrat\u00e9gica y las ventajas comparativas, la frontera es una zona especial y lo que se requiere es implementar acciones constructivas y de proyecci\u00f3n. 1.- Los anuncios del nuevo gobierno y los prop\u00f3sitos del presidente Iv\u00e1n Duque, en procura de darles vivencia a las opciones que desde los comienzos de la existencia afloran &hellip;<\/p>\n","protected":false},"author":1,"featured_media":33093,"comment_status":"open","ping_status":"open","sticky":false,"template":"","format":"standard","meta":{"footnotes":""},"categories":[14,4],"tags":[2483,382,956,4304],"class_list":["post-33092","post","type-post","status-publish","format-standard","has-post-thumbnail","hentry","category-articulistas","category-barra","tag-crisis-en-la-frontera","tag-jose-neira","tag-notas-al-margen","tag-zona-especial"],"_links":{"self":[{"href":"https:\/\/contraluzcucuta.co\/index.php?rest_route=\/wp\/v2\/posts\/33092","targetHints":{"allow":["GET"]}}],"collection":[{"href":"https:\/\/contraluzcucuta.co\/index.php?rest_route=\/wp\/v2\/posts"}],"about":[{"href":"https:\/\/contraluzcucuta.co\/index.php?rest_route=\/wp\/v2\/types\/post"}],"author":[{"embeddable":true,"href":"https:\/\/contraluzcucuta.co\/index.php?rest_route=\/wp\/v2\/users\/1"}],"replies":[{"embeddable":true,"href":"https:\/\/contraluzcucuta.co\/index.php?rest_route=%2Fwp%2Fv2%2Fcomments&post=33092"}],"version-history":[{"count":1,"href":"https:\/\/contraluzcucuta.co\/index.php?rest_route=\/wp\/v2\/posts\/33092\/revisions"}],"predecessor-version":[{"id":33094,"href":"https:\/\/contraluzcucuta.co\/index.php?rest_route=\/wp\/v2\/posts\/33092\/revisions\/33094"}],"wp:featuredmedia":[{"embeddable":true,"href":"https:\/\/contraluzcucuta.co\/index.php?rest_route=\/wp\/v2\/media\/33093"}],"wp:attachment":[{"href":"https:\/\/contraluzcucuta.co\/index.php?rest_route=%2Fwp%2Fv2%2Fmedia&parent=33092"}],"wp:term":[{"taxonomy":"category","embeddable":true,"href":"https:\/\/contraluzcucuta.co\/index.php?rest_route=%2Fwp%2Fv2%2Fcategories&post=33092"},{"taxonomy":"post_tag","embeddable":true,"href":"https:\/\/contraluzcucuta.co\/index.php?rest_route=%2Fwp%2Fv2%2Ftags&post=33092"}],"curies":[{"name":"wp","href":"https:\/\/api.w.org\/{rel}","templated":true}]}}