{"id":33089,"date":"2018-09-16T19:45:02","date_gmt":"2018-09-17T00:45:02","guid":{"rendered":"http:\/\/contraluzcucuta.co\/?p=33089"},"modified":"2018-09-16T19:45:02","modified_gmt":"2018-09-17T00:45:02","slug":"mano-mano-con-cesar-augusto-mas-que-profesor-soy-orientador","status":"publish","type":"post","link":"https:\/\/contraluzcucuta.co\/?p=33089","title":{"rendered":"MANO A MANO CON C\u00c9SAR AUGUSTO. M\u00e1s que profesor, soy orientador"},"content":{"rendered":"<p style=\"padding-left: 60px;\"><span style=\"color: #ff6600;\">Para Cesar Augusto Londo\u00f1o siempre su sue\u00f1o fue ser periodista deportivo, y aunque la vida le puso pruebas, lo llev\u00f3 a estudiar arquitectura, &nbsp;jam\u00e1s perdi\u00f3 ese anhelo. Ahora, siente que lo que ha logrado en la carrera es con disciplina y amor por la profesi\u00f3n. Desde el rol como maestro de la Universidad Sergio Arboleda imparte conocimientos basado en la larga trayectoria para que las nuevas generaciones amen y disfruten del oficio tanto como lo hizo.<\/span><\/p>\n<p><strong>\u00bfC\u00f3mo empieza su historia en el periodismo?<\/strong><\/p>\n<ul>\n<li><em>Toda la vida quise ser periodista, lo ten\u00eda claro desde peque\u00f1o, pero en Manizales no hab\u00eda comunicaci\u00f3n social. Entonces, empec\u00e9 a estudiar arquitectura. Cuando estaba en tercer semestre se me dio la posibilidad de entrar a los medios, porque un periodista renunci\u00f3 al peri\u00f3dico La Patria. Le dije a mi amigo Javier Giraldo que lo remplazaba, que estaba de vacaciones de la universidad. Y ah\u00ed empez\u00f3 mi vida period\u00edstica.<\/em><\/li>\n<\/ul>\n<p><strong>\u00bfC\u00f3mo fue su infancia?<\/strong><\/p>\n<ul>\n<li><em>Fue la de un ni\u00f1o normal, con los pap\u00e1s que atendieron la intenci\u00f3n de los hijos. Mi pap\u00e1 era amante a los deportes, me llev\u00f3 a f\u00fatbol y a viajar, desde chiquito. Fue una infancia en la que el deporte estuvo presente. <\/em><\/li>\n<\/ul>\n<p><strong>\u00bfEn qu\u00e9 medios se le dio la posibilidad de incursionar en el periodismo deportivo?<\/strong><\/p>\n<ul>\n<li><em>Empec\u00e9 en La Patria; luego, hice reporter\u00edaen Todelar, en 1982 me llam\u00f3 Dar\u00edo Vargas para hacer el Mundial de Futbol por televisi\u00f3n en una alianza de RTI y Caracol.<\/em><\/li>\n<\/ul>\n<p><strong>\u00bfQu\u00e9 recuerda de esa primera vez que estuvo al aire en un programa de radio?<\/strong><\/p>\n<ul>\n<li><em>Pues esa primera vez en radio fue terrible, ocurri\u00f3 en un partido Once Caldas &#8211; Nacional. El t\u00e9cnico del Once Caldas era Eduardo Luj\u00e1n Manera y llevaba siete meses sin hablarle al periodismo de Manizales. Ten\u00eda problemas con Javier Giraldo (quien era mi jefe) y con los periodistas de Manizales. Era un buen debut para m\u00ed, porque era entrevistar al t\u00e9cnico que no hablaba y cuando lo fui a entrevistar le dije: \u201cHola, profesor Manera \u00bfC\u00f3mo le va? Muy buenas noches. Me respondi\u00f3: \u2018bien\u2019. Y empez\u00f3&nbsp; hablar de mi jefe. Pens\u00e9 que era debut y despedida, pero al final el tema no pas\u00f3 a mayores.<\/em><\/li>\n<\/ul>\n<p><strong>\u00bfQu\u00e9 recuerda de la primera vez que debut\u00f3 en la televisi\u00f3n?<\/strong><\/p>\n<ul>\n<li><em>La primera vez fue en el Mundial de 1982. Me llam\u00f3 Dar\u00edo Vargas, cuando yo trabajaba en Caracol Manizales, y me dijo que quer\u00eda que hiciera el Mundial por televisi\u00f3n y lo hice en ese momento con muchas figuras de la \u00e9poca, David Ca\u00f1\u00f3n, Gabriel Mu\u00f1oz L\u00f3pez, \u00c1lvaro Cornejo, entre otros personajes. Era joven y fue la primera vez que sal\u00ed en televisi\u00f3n. <\/em><\/li>\n<\/ul>\n<p><strong>\u00bfSe le hizo dif\u00edcil entrar al periodismo en esa \u00e9poca?<\/strong><\/p>\n<ul>\n<li><em>En ese momento no fue tan dif\u00edcil, porque la competencia no era tan fuerte. Simplemente, le dije a Javier Giraldo que me diera la oportunidad y me la dio. No podr\u00eda decir que fue realmente dif\u00edcil. Hoy s\u00ed es complicado comenzar en televisi\u00f3n y radio.<\/em><\/li>\n<\/ul>\n<p><strong>\u00bfEn qu\u00e9 ha cambiado el periodismo?<\/strong><\/p>\n<ul>\n<li><em>El periodismo ha cambiado mucho. Lo han cambiado las redes sociales, la tecnolog\u00eda y el internet. Hoy se hace de manera diferente con respecto a cuando empec\u00e9. La tecnolog\u00eda cambi\u00f3 el periodismo de manera radical.<\/em><\/li>\n<\/ul>\n<p><strong>\u00bfPor qu\u00e9 decidi\u00f3 estudiar en alg\u00fan momento arquitectura?<\/strong><\/p>\n<ul>\n<li><em>Porque no hab\u00eda comunicaci\u00f3n social. Quer\u00eda una carrera creativa, me dieron una beca para estudiar econom\u00eda en Estados Unidos, pero al final me qued\u00e9 para estudiar arquitectura con el pensamiento a corto plazo de ser periodista, como al final lo fui. <\/em><\/li>\n<\/ul>\n<p><strong>\u00bfQu\u00e9 opina sobre el periodismo que ejercen &nbsp;no solo los comunicadores sociales, sino otros profesionales?<\/strong><\/p>\n<ul>\n<li><em>Creo que la comunicaci\u00f3n puede ser una actividad perfectamente paralela a cualquier profesi\u00f3n. Si uno estudia otra carrera tiene la ventaja de tener una metodolog\u00eda universitaria, acad\u00e9mica que le permite un complemento importante para hacer periodismo. Hoy, con las redes sociales, con las ganas para que todos nos escuchen y sientan la opini\u00f3n la mayor\u00eda de la gente, sea ingeniera, abogada, quiere comunicar y decir lo que piensa y siente.<\/em><\/li>\n<\/ul>\n<p><strong>\u00bfCu\u00e1l fue el primer libro que usted escribi\u00f3?<\/strong><\/p>\n<ul>\n<li><em>Fue sobre la Historia de la Selecci\u00f3n Colombia<\/em><\/li>\n<\/ul>\n<p><strong>\u00bfQue lo motivo a escribir ese libro?<\/strong><\/p>\n<ul>\n<li><em>Ese libro naci\u00f3 cuando hab\u00eda finalizado el Mundial de Brasil 2014. Lo hice en compa\u00f1\u00eda de Guillermo Ruiz Bonilla y lo que recuerdo es que fue un lindo documento hist\u00f3rico, fue la compilaci\u00f3n de la historia de la Selecci\u00f3n Colombia por medio de los futbolistas, de los t\u00e9cnicos, de los partidos y de los sucesos. Fue un trabajo verdaderamente interesante. <\/em><\/li>\n<\/ul>\n<p><strong>\u00bfC\u00f3mo llega al noticiero de CM&amp;?<\/strong><\/p>\n<ul>\n<li><em>Antes de entrar a CM&amp;, trabajaba en TV Hoy y en 24 horas. Cuando en el gobierno de Cesar Gaviria le entregaron a algunos periodistas los noticieros, CM&amp; se lo entregaron a Juan Gossain y Yamit Amad que no ten\u00edan contacto con la televisi\u00f3n, eran periodistas de Radio. Me llamaron para que los ayudara a montar el noticiero y para hacer los deportes. As\u00ed llegu\u00e9 a CM&amp;.<\/em><\/li>\n<\/ul>\n<p><strong>\u00bfQu\u00e9 tanto le aport\u00f3 a su vida profesional haber pasado por CM&amp;?<\/strong><\/p>\n<ul>\n<li><em>Mucho de lo que soy como periodista. Tuve un s\u00faper maestro que es Yamid Amat, es maestro de todos, trabaj\u00e9 27 a\u00f1os y uno aprende lo divino y lo humano. Me dio muchas responsabilidades, de las cuales me siento satisfecho y orgulloso. Aprend\u00ed mucho de lo que hoy pongo en pr\u00e1ctica como periodista. <\/em><\/li>\n<\/ul>\n<p><strong>\u00bfC\u00f3mo era su relaci\u00f3n con Jaime Garz\u00f3n?<\/strong><\/p>\n<ul>\n<li><em>Lo conoc\u00ed en TV Hoy, cuando lleg\u00f3 a mirar lo que era un noticiero de televisi\u00f3n, posteriormente Andr\u00e9s Pastrana lo nombr\u00f3 alcalde de Sumapaz y de ah\u00ed me hice muy amigo. Fue una gran relaci\u00f3n, trabajar con \u00e9l fue una maravilla. Era una hombre culto, una persona que ten\u00eda clara la realidad del pa\u00eds y adem\u00e1s no ten\u00eda pelos en la lengua y lo hacia re\u00edr a uno todo el d\u00eda. <\/em><\/li>\n<\/ul>\n<p><strong>\u00bfC\u00f3mo era Yamit Amad como jefe?<\/strong><\/p>\n<ul>\n<li><em>Es un jefe extraordinario, es exigente, riguroso. Es un jefe que no lo deja a uno respirar, que en todo momento lo motiva y lo incita al trabajo, a la pasi\u00f3n y a la responsabilidad. Es un gran jefe.<\/em><\/li>\n<\/ul>\n<p><strong>\u00bfC\u00f3mo lleg\u00f3 a Caracol Radio?<\/strong><\/p>\n<ul>\n<li><em>Me llam\u00f3 en ese momento Jairo Tob\u00f3n de la Roche, cuando trabaja en Todelar, en Manizales. Me ofrecen la direcci\u00f3n de deportes de Caracol en Manizales, ah\u00ed trabajaba Carlos Antonio V\u00e9lez y lo remplac\u00e9. Llegu\u00e9 a trabajar con Dagoberto Cuello Vuelvas como narrador. Esa es mi primera aparici\u00f3n en Caracol Radio en Manizales.<\/em><\/li>\n<\/ul>\n<p><strong>\u00bfC\u00f3mo fue esa experiencia de compartir con Periodistas de la Talla de Hern\u00e1n Pel\u00e1ez, Iv\u00e1n Mej\u00eda, Benjam\u00edn Cuello y Diego Rueda?<\/strong><\/p>\n<ul>\n<li><em>Es maravilloso. Son periodistas de una gran competencia, conocedores profundos del medio y uno siente que le ense\u00f1an todos los d\u00edas. Compartir con Iv\u00e1n, con Hern\u00e1n, es una maravilla. Realmente, es una experiencia enriquecedora que alimenta la posibilidad de hacer mejor la profesi\u00f3n. <\/em><\/li>\n<\/ul>\n<p><strong>\u00bfQu\u00e9 tanto le dej\u00f3 el programa Carrusel para su vida profesional y personal?<\/strong><\/p>\n<ul>\n<li><em>El Carrusel siempre estar\u00e1 en mi coraz\u00f3n. Despu\u00e9s de haber hecho Todo F\u00fatbol, de haber cambiado radicalmente la programaci\u00f3n al Carrusel fue duro al comienzo, porque la gente no lo aceptaba y criticaba enormemente. Despu\u00e9s, paso a ser el programa m\u00e1s escuchado de la radio en Colombia. Fue el programa n\u00famero 1 los domingos. Fue una alegr\u00eda, porque fue la posibilidad de hacer un espect\u00e1culo radial entorno al deporte con grandes profesionales. <\/em><\/li>\n<\/ul>\n<p><strong>\u00bfQu\u00e9 recuerdo le dej\u00f3 la llegada al Gol Caracol, entre el 2003 y 2007?<\/strong><\/p>\n<ul>\n<li><em>Me llev\u00f3 Pablo Laserna a ser el presentador de los deportes en la emisi\u00f3n del medio d\u00eda y en el noticiero de las 10:30 de la noche. Adem\u00e1s, llegu\u00e9 como director de producci\u00f3n del Centro de Noticias. Fue una experiencia administrativa y deportiva. En ese momento renunci\u00f3 Gonzalo Guerra, o se lo llevaron a la producci\u00f3n general del Canal, era el gerente del Centro de Noticias y me toc\u00f3 estar ah\u00ed, al&nbsp; frente de la administraci\u00f3n, por varios meses. Fue interesante la experiencia. <\/em><\/li>\n<\/ul>\n<p><strong>\u00bfC\u00f3mo es Javier Hern\u00e1ndez Bonnet como jefe?<\/strong><\/p>\n<ul>\n<li><em>Es un gran jefe, una gran persona y un valioso periodista.<\/em><\/li>\n<\/ul>\n<p><strong>\u00bfQu\u00e9 le molesta de esta profesi\u00f3n?<\/strong><\/p>\n<ul>\n<li><em>La verdad es que no me molesta nada. Es una profesi\u00f3n grata, exigente, que lo ocupa a uno las 24 horas del d\u00eda. No me molesta nada, porque es distinta todos los d\u00edas, porque tiene contacto con la gente, con los protagonistas y con las historias de vida, que son lo m\u00e1s importante. <\/em><\/li>\n<\/ul>\n<p><strong>\u00bfCu\u00e1l es el partido o evento deportivo que m\u00e1s lo haya hecho sonre\u00edr?<\/strong><\/p>\n<ul>\n<li>Tengo recuerdos de muchos partidos que viv\u00ed, que presenci\u00e9 en los estadios. Recuerdo el 1-1 de Colombia &#8211; Alemania en el Mundial de Italia; el 5-0 contra Argentina en el Monumental; el 3-3 en Barranquilla contra Chile para clasificar a Brasil, despu\u00e9s de empezar abajo en el marcador con tres goles, y el \u00faltimo partido contra Inglaterra, el gol de Yerry Mina, es un partido que quedar\u00e1 en la memoria as\u00ed se haya perdido por penales, y el partido en el que Once Caldas le gan\u00f3 a Boca la Copa Libertadores del 2004.<\/li>\n<\/ul>\n<p><strong>\u00bfCu\u00e1l es el momento o evento period\u00edstico m\u00e1s triste que haya cubierto?<\/strong><\/p>\n<ul>\n<li><em>El asesinato de Jaime Garz\u00f3n. Ese fue un momento particularmente triste por la relaci\u00f3n que ten\u00eda con Jaime&nbsp; y porque lo vimos muerto en la camioneta cuando lleg\u00e1bamos a trabajar en Radionet.&nbsp; <\/em><\/li>\n<\/ul>\n<p><strong>\u00bfQu\u00e9 opina de las nuevas generaciones del periodismo?<\/strong><\/p>\n<ul>\n<li><em>Creo que son generaciones importantes que mientras est\u00e9n preparados por la academia van a tener fundamento intelectual para desarrollar bien la profesi\u00f3n. Son generaciones cada vez m\u00e1s preparadas, m\u00e1s capaces y que quieren hacer un buen periodismo.<\/em><\/li>\n<\/ul>\n<p><strong>\u00bfQu\u00e9 virtudes y qu\u00e9 desventajas encuentra en la nueva generaci\u00f3n?<\/strong><\/p>\n<ul>\n<li><em>Creo que las virtudes son la preparaci\u00f3n, haber estado en la academia. La manera como quieren llegar a hacer periodismo con muchas ganas. La desventaja es que a veces se ponen c\u00f3modos, porque sienten que la informaci\u00f3n se encuentra en las redes y les sale un poquito de perspicacia para meterse al campo de la informaci\u00f3n de las historias y conocerlas por iniciativa propia y no por sugerencia de las redes. <\/em><\/li>\n<\/ul>\n<p><strong>\u00bfQu\u00e9 consejos les da a las nuevas generaciones?<\/strong><\/p>\n<ul>\n<li><em>El consejo es que tengan mucha pasi\u00f3n, que entiendan que es una profesi\u00f3n exigente, de sacrificio y que defiendan la verdad.<\/em><\/li>\n<\/ul>\n<p><strong>\u00bfQu\u00e9 tanto determina la pasi\u00f3n de un periodista por alg\u00fan deporte y que sirva para mover masas?<\/strong><\/p>\n<ul>\n<li><em>Siendo creativo, hacer las cosas bien, trabajar con dedicaci\u00f3n, motivaci\u00f3n, esfuerzo, pasi\u00f3n y, sobre todo, con rigor. Eso es lo m\u00e1s importante.<\/em><\/li>\n<\/ul>\n<p><strong>\u00bfQu\u00e9 opina del periodismo femenino?<\/strong><\/p>\n<ul>\n<li><em>Me encanta. La primera mujer que hizo periodismo en Colombia la tuve en TV Hoy. Y desde ese momento he trabajado con mujeres en las empresas donde he tenido la posibilidad de ser director. Me parece que tienen un enorme valor, le dan un factor diferencial al periodismo deportivo. <\/em><\/li>\n<\/ul>\n<p><strong>\u00bfQu\u00e9 factor diferencial aporta el periodismo femenino que no lo tiene el masculino?<\/strong><\/p>\n<ul>\n<li><em>Ellas, a veces, son m\u00e1s sensibles en mucho, a veces son acuciosas en los temas personales, tienen una visi\u00f3n diferente de lo que es la realidad. Creo que eso es importante para el periodismo. <\/em><\/li>\n<\/ul>\n<p><strong>\u00bfQu\u00e9 tan cierto es que C\u00e9sar Augusto se desempe\u00f1a como maestro en una Universidad?<\/strong><\/p>\n<ul>\n<li><em>Es cierto, soy decano de la facultad de ciencias de la salud y el deporte en la Universidad Sergio Arboleda. Fui decano de la facultad de comunicaci\u00f3n de esa universidad por dos a\u00f1os.<\/em><\/li>\n<\/ul>\n<p><strong>\u00bfC\u00f3mo es la vida de maestro en la universidad?<\/strong><\/p>\n<ul>\n<li><em>Es una maravilla, porque es lo \u00fanico que le queda a uno en la vida. Es bonito que uno pueda ense\u00f1ar lo poquito que aprendi\u00f3, lo poquito que sabe, compartirlo con las nuevas generaciones.<\/em><\/li>\n<\/ul>\n<p><strong>\u00bfQu\u00e9 tipo de profesor es y c\u00f3mo es la relaci\u00f3n con los alumnos?<\/strong><\/p>\n<ul>\n<li><em>Dir\u00eda que m\u00e1s que un profesor, soy un orientador, es una posibilidad de encausarlos por el camino correcto para que puedan hacer de la mejor manera posible la profesi\u00f3n que estudian. Es llevar el conocimiento, la educaci\u00f3n y el periodismo a gente que lo asume con pasi\u00f3n y con dedicaci\u00f3n.<\/em><\/li>\n<\/ul>\n<p><strong>\u00bfC\u00f3mo fue esa primera experiencia en un sal\u00f3n de clases como profesor?<\/strong><\/p>\n<ul>\n<li><em>Siempre estar con gente genera tensi\u00f3n. Hoy, los estudiantes est\u00e1n dateados, son conocedores de absolutamente todo y tienen posiciones distintas. La primera vez fue algo interesante, porque pude impartir academia a mentes distintas y pensamientos diferentes. <\/em><\/li>\n<\/ul>\n<p><strong>\u00bfQu\u00e9 le agradece a la vida?<\/strong><\/p>\n<ul>\n<li><em>Que he podido ser feliz por lo que he hecho y hacer lo que me gusta. Tener una familia y haber tenido una vida que se ha llevado por el camino del bien.<\/em><\/li>\n<\/ul>\n<p><strong>\u00bfEl periodista se nace o se hace?<\/strong><\/p>\n<ul>\n<li><em>Creo que las dos. Hay una condici\u00f3n natural de una persona que quiere ser comunicadora, que quiere contar historias, pero tambi\u00e9n es posible que no tenga esa condici\u00f3n natural y la adquiera, la busque en el camino y la pueda desarrollar con buena capacidad.<\/em><\/li>\n<\/ul>\n<p><strong>\u00bfQu\u00e9 opina del periodismo cucute\u00f1o?<\/strong><\/p>\n<ul>\n<li><em>No puedo ubicar el periodismo cucute\u00f1o, ni barranquillero, ni cale\u00f1o, ni manizale\u00f1o. Hay periodismo y eso es lo que vale. <\/em><\/li>\n<\/ul>\n<p><strong>\u00bfC\u00f3mo podemos describir a Cesar Augusto Londo\u00f1o?<\/strong><\/p>\n<ul>\n<li><em>Soy una persona corriente que trata ser feliz, trato de compartir lo que s\u00e9 y que hago con los dem\u00e1s. <\/em><\/li>\n<\/ul>\n<p><strong>JORDY ORLANDO CRUZ<\/strong> <\/p>\n","protected":false},"excerpt":{"rendered":"<p>Para Cesar Augusto Londo\u00f1o siempre su sue\u00f1o fue ser periodista deportivo, y aunque la vida le puso pruebas, lo llev\u00f3 a estudiar arquitectura, &nbsp;jam\u00e1s perdi\u00f3 ese anhelo. Ahora, siente que lo que ha logrado en la carrera es con disciplina y amor por la profesi\u00f3n. Desde el rol como maestro de la Universidad Sergio Arboleda &hellip;<\/p>\n","protected":false},"author":1,"featured_media":33090,"comment_status":"open","ping_status":"open","sticky":false,"template":"","format":"standard","meta":{"footnotes":""},"categories":[17,4],"tags":[4303,2929],"class_list":["post-33089","post","type-post","status-publish","format-standard","has-post-thumbnail","hentry","category-conversaciones-a-contraluz","category-barra","tag-cesar-augusto-londono","tag-conversaciones-a-contraluz"],"_links":{"self":[{"href":"https:\/\/contraluzcucuta.co\/index.php?rest_route=\/wp\/v2\/posts\/33089","targetHints":{"allow":["GET"]}}],"collection":[{"href":"https:\/\/contraluzcucuta.co\/index.php?rest_route=\/wp\/v2\/posts"}],"about":[{"href":"https:\/\/contraluzcucuta.co\/index.php?rest_route=\/wp\/v2\/types\/post"}],"author":[{"embeddable":true,"href":"https:\/\/contraluzcucuta.co\/index.php?rest_route=\/wp\/v2\/users\/1"}],"replies":[{"embeddable":true,"href":"https:\/\/contraluzcucuta.co\/index.php?rest_route=%2Fwp%2Fv2%2Fcomments&post=33089"}],"version-history":[{"count":1,"href":"https:\/\/contraluzcucuta.co\/index.php?rest_route=\/wp\/v2\/posts\/33089\/revisions"}],"predecessor-version":[{"id":33091,"href":"https:\/\/contraluzcucuta.co\/index.php?rest_route=\/wp\/v2\/posts\/33089\/revisions\/33091"}],"wp:featuredmedia":[{"embeddable":true,"href":"https:\/\/contraluzcucuta.co\/index.php?rest_route=\/wp\/v2\/media\/33090"}],"wp:attachment":[{"href":"https:\/\/contraluzcucuta.co\/index.php?rest_route=%2Fwp%2Fv2%2Fmedia&parent=33089"}],"wp:term":[{"taxonomy":"category","embeddable":true,"href":"https:\/\/contraluzcucuta.co\/index.php?rest_route=%2Fwp%2Fv2%2Fcategories&post=33089"},{"taxonomy":"post_tag","embeddable":true,"href":"https:\/\/contraluzcucuta.co\/index.php?rest_route=%2Fwp%2Fv2%2Ftags&post=33089"}],"curies":[{"name":"wp","href":"https:\/\/api.w.org\/{rel}","templated":true}]}}