{"id":33085,"date":"2018-09-14T21:00:25","date_gmt":"2018-09-15T02:00:25","guid":{"rendered":"http:\/\/contraluzcucuta.co\/?p=33085"},"modified":"2018-09-14T21:00:25","modified_gmt":"2018-09-15T02:00:25","slug":"crisis-en-la-frontera-oea-y-cancilleria-buscan-reconocimiento-de-la-crisis-humanitaria-por-la-migracion","status":"publish","type":"post","link":"https:\/\/contraluzcucuta.co\/?p=33085","title":{"rendered":"CRISIS EN LA FRONTERA. OEA y Canciller\u00eda buscan reconocimiento de la crisis humanitaria por la migraci\u00f3n"},"content":{"rendered":"<p style=\"padding-left: 60px;\"><span style=\"color: #ff6600;\"><strong>C\u00daCUTA.-<\/strong> La situaci\u00f3n migratoria de venezolanos a la frontera trajo a C\u00facuta al secretario general de la Organizaci\u00f3n de Estados Americanos (OEA), Luis Almagro; el embajador ante la OEA, Alejandro Ord\u00f3\u00f1ez, y el Canciller de Colombia, Carlos Holmes Trujillo. El fin de la visita es que se reconozca la crisis humanitaria que se vive en esta zona del pa\u00eds.<\/span><\/p>\n<p>Los altos dignatarios se trasladaron al corregimiento La Parada (Villa del Rosario) y visitaron el comedor La Divina Providencia. En el lugar reciben desayunos y almuerzos unos 3000 venezolanos cada d\u00eda.<\/p>\n<p>El canciller Holmes Trujillo se\u00f1al\u00f3 que \u201cvenimos con la OEA para reiterarles que el prop\u00f3sito es seguir trabajando con intensidad, afecto y solidaridad para fortalecer las capacidades precarias que tiene Colombia para hacerle frente a la crisis migratoria\u201d.<\/p>\n<p>La OEA crear\u00e1 un grupo t\u00e9cnico que presentar\u00e1 el informe \u2018a la mayor brevedad\u2019 con el que se busca conseguir apoyo presupuestal e institucional. La iniciativa se replicar\u00e1 con la Uni\u00f3n Europea para impulsar mayor apoyo y la solidaridad regional.<\/p>\n<p>Luis Almagro, secretario general de la OEA, dijo que \u201cestoy honrado de estar rodeado de venezolanos\u201d. Agradeci\u00f3 la oportunidad de estar en la frontera y reconoci\u00f3 la labor adelantada para dar alimentaci\u00f3n y albergue a los migrantes.<\/p>\n<p>\u201cSabemos que esto no se resuelve de esta manera. Esto se resuelve cayendo (Nicol\u00e1s) Maduro, con democracia en el pa\u00eds, con derechos humanos, con trabajo, con un pa\u00eds productivo y con ustedes de vuelta en Venezuela, capaces de definir el futuro que quieren\u201d.<\/p>\n<p>El gobernador William Villamizar, anfitri\u00f3n de la visita, anot\u00f3 que el trabajo con el gobierno del presidente Iv\u00e1n Duque y la OEA es factor de agradecimiento desde esta regi\u00f3n. Se\u00f1al\u00f3 que la situaci\u00f3n migratoria es una \u2018cruzada\u2019 que merece reconocimiento internacional para atender, disminuir y mitigar la crisis.<\/p>\n<p>\u201cDesde ac\u00e1 no ahorraremos esfuerzos ni recursos -hasta donde podamos- para ayudar a generar bienestar a la poblaci\u00f3n que tanto lo necesita. Estamos atentos para darles la mano\u201d, puntualiz\u00f3 Villamizar Laguado.<\/p>\n<p>La delegaci\u00f3n la completaron el coordinador del equipo t\u00e9cnico de la OEA, David Smolansky; el director para las Am\u00e9ricas de Human Rights Watch (HRW), Jos\u00e9 Miguel Vivanco, la viceministra de Asuntos Multilaterales, Adriana Mej\u00eda; el Embajador de Colombia ante la OEA, Alejandro Ordo\u00f1ez; el director para el Desarrollo y la Integraci\u00f3n Fronteriza, V\u00edctor Bautista; el Alto Consejero Presidencial de DDHH y Asuntos Internacionales,&nbsp; Francisco Barbosa; el director de la Unidad Nacional para la Gesti\u00f3n del Riesgo de Desastres, Eduardo Gonz\u00e1lez; el director de Migraci\u00f3n Colombia, Christian Krug\u00fcer; la subdirectora del Instituto Colombiano de Bienestar Familiar, Mar\u00eda Mercedes Li\u00e9vano; el gerente de Frontera con Venezuela, Felipe Mu\u00f1oz; el Defensor del Pueblo, Carlos Alfonso Negret, y el viceprocurador, Juan Carlos Cort\u00e9s.<\/p>\n<p>Colombia es el primer lugar que visita el equipo t\u00e9cnico de la OEA, que viajar\u00e1 a las fronteras de los pa\u00edses receptores de migrantes venezolanos y que elaborar\u00e1 un informe que incluya definici\u00f3n de&nbsp;mecanismos de cooperaci\u00f3n que puedan ser destinados a estos pa\u00edses. <\/p>\n","protected":false},"excerpt":{"rendered":"<p>C\u00daCUTA.- La situaci\u00f3n migratoria de venezolanos a la frontera trajo a C\u00facuta al secretario general de la Organizaci\u00f3n de Estados Americanos (OEA), Luis Almagro; el embajador ante la OEA, Alejandro Ord\u00f3\u00f1ez, y el Canciller de Colombia, Carlos Holmes Trujillo. El fin de la visita es que se reconozca la crisis humanitaria que se vive en &hellip;<\/p>\n","protected":false},"author":1,"featured_media":33087,"comment_status":"open","ping_status":"open","sticky":false,"template":"","format":"standard","meta":{"footnotes":""},"categories":[45,4],"tags":[2343,2501],"class_list":["post-33085","post","type-post","status-publish","format-standard","has-post-thumbnail","hentry","category-destacado","category-barra","tag-cancilleria-de-colombia","tag-secretario-general-de-la-oea"],"_links":{"self":[{"href":"https:\/\/contraluzcucuta.co\/index.php?rest_route=\/wp\/v2\/posts\/33085","targetHints":{"allow":["GET"]}}],"collection":[{"href":"https:\/\/contraluzcucuta.co\/index.php?rest_route=\/wp\/v2\/posts"}],"about":[{"href":"https:\/\/contraluzcucuta.co\/index.php?rest_route=\/wp\/v2\/types\/post"}],"author":[{"embeddable":true,"href":"https:\/\/contraluzcucuta.co\/index.php?rest_route=\/wp\/v2\/users\/1"}],"replies":[{"embeddable":true,"href":"https:\/\/contraluzcucuta.co\/index.php?rest_route=%2Fwp%2Fv2%2Fcomments&post=33085"}],"version-history":[{"count":1,"href":"https:\/\/contraluzcucuta.co\/index.php?rest_route=\/wp\/v2\/posts\/33085\/revisions"}],"predecessor-version":[{"id":33088,"href":"https:\/\/contraluzcucuta.co\/index.php?rest_route=\/wp\/v2\/posts\/33085\/revisions\/33088"}],"wp:featuredmedia":[{"embeddable":true,"href":"https:\/\/contraluzcucuta.co\/index.php?rest_route=\/wp\/v2\/media\/33087"}],"wp:attachment":[{"href":"https:\/\/contraluzcucuta.co\/index.php?rest_route=%2Fwp%2Fv2%2Fmedia&parent=33085"}],"wp:term":[{"taxonomy":"category","embeddable":true,"href":"https:\/\/contraluzcucuta.co\/index.php?rest_route=%2Fwp%2Fv2%2Fcategories&post=33085"},{"taxonomy":"post_tag","embeddable":true,"href":"https:\/\/contraluzcucuta.co\/index.php?rest_route=%2Fwp%2Fv2%2Ftags&post=33085"}],"curies":[{"name":"wp","href":"https:\/\/api.w.org\/{rel}","templated":true}]}}