{"id":33072,"date":"2018-09-09T18:05:36","date_gmt":"2018-09-09T23:05:36","guid":{"rendered":"http:\/\/contraluzcucuta.co\/?p=33072"},"modified":"2018-09-09T18:05:36","modified_gmt":"2018-09-09T23:05:36","slug":"dnbh-la-historia-continua-para-recordar-y-hacerle-trampa-la-memoria","status":"publish","type":"post","link":"https:\/\/contraluzcucuta.co\/?p=33072","title":{"rendered":"DNBH- LA HISTORIA CONTIN\u00daA. Para recordar y hacerle trampa a la memoria"},"content":{"rendered":"<p style=\"padding-left: 60px;\"><span style=\"color: #ff6600;\"><strong>C\u00daCUTA.-<\/strong> 5ta con 5tacrew no nace en las entra\u00f1as del barrio motilones. Nace en el los pensamientos y las acciones de chicos cansados de su realidad. Desde la fundaci\u00f3n, en el 2007, esta organizaci\u00f3n art\u00edstica se ha enfrentado a estigmas de voz de los m\u00e1s viejos y a la irreverencia de las nuevas generaciones que parecen estar destinadas a ocupar el tiempo en malas pr\u00e1cticas.<\/span><\/p>\n<p>Jorge Botello, l\u00edder de la organizaci\u00f3n cultural, afirm\u00f3 que \u201cel objetivo era canalizar la personalidad de esos a los que llamaron las ovejas negras\u201d. Y que nada existe en la realidad, si antes no ha sido creado en la imaginaci\u00f3n. \u201cPor eso estimulamos con sonido, pintura y baile las experiencias de la vida, centrando el aprendizaje en la recursividad\u201d.<\/p>\n<p>En los \u00faltimos a\u00f1os, la fundaci\u00f3n creci\u00f3 y se acopl\u00f3 a las necesidades que afronta la frontera. \u201cAl principio fue dif\u00edcil, pero empezamos a so\u00f1ar y poco a poco fuimos encontrando amigos, conectando redes y habilidades\u201d. Se juntaron las historias, lleg\u00f3 gente preparada y otra dispuesta a aprender. El hip-hop se ha convertido en una raz\u00f3n de ser en Norte de Santander.<\/p>\n<p>Jorge, conocido como Ahiman, es la cabeza visible de la organizaci\u00f3n. Detr\u00e1s de \u00e9l existe una maquinaria que son ficha clave para el \u00e9xito de los procesos que se ejecutan. En el camino se han encontrado con organizaciones, como GIZ, que brinda el acompa\u00f1amiento y cooperaci\u00f3n internacional. Ha ense\u00f1ado a mejorar y a capacitar a los integrantes de la 5ta con 5ta. Los colectivos independientes e instituciones p\u00fablicas y privadas tambi\u00e9n han sembrado frutos que hoy se recogen.<\/p>\n<p><strong>DNBH un sue\u00f1o hecho realidad<\/strong><\/p>\n<p>Del Norte Bravos Hijos (DNBH), proyecto bandera de la fundaci\u00f3n, es el resultado de las escuelas de formaci\u00f3n, tem\u00e1ticas y art\u00edsticas. Este a\u00f1o el festival internacional de Hip-Hop, en la quinta edici\u00f3n, promovi\u00f3 el eje trasversal con contenido enfocado en la reconstrucci\u00f3n de la memoria hist\u00f3rica que ha permitido a los semilleros la apropiaci\u00f3n y la inclusi\u00f3n en la participaci\u00f3n.<\/p>\n<p><strong>\u00bfCu\u00e1l es la importancia del arte y la memoria? <\/strong><\/p>\n<p>El despertar la sensibilidad art\u00edstica en ni\u00f1os y adolescentes v\u00edctimas, y en comunidades vulnerables. Es una labor que trae recompensas personales, por eso la formaci\u00f3n del car\u00e1cter, la personalidad, la centralizaci\u00f3n de los pensamientos y la canalizaci\u00f3n de ideas de un grupo permite el empoderamiento y eso construye pa\u00eds.<\/p>\n<p>La importancia de la memoria es aprender de la conducta de la violencia. Son tantas historias, con diferentes caracter\u00edsticas, con distintos actores (civiles y armados), en diferentes matices, en distintos territorios, todos con gran impacto de dolor, generando fuerza en el cuerpo y dureza en el alma de las v\u00edctimas.<\/p>\n<p>Harold Sierra, integrante de la fundaci\u00f3n, dijo que el proceso ha sido de crecimiento humano. \u201cLa satisfacci\u00f3n de vivir la experiencia, el conocer la historia, los relatos y el contraste del inter\u00e9s de los j\u00f3venes por reconocer la historia de guerra de sus territorios y declararlos como tierras de paz\u201d.<\/p>\n<p>La memoria de Mauro Ujueta, de 19 a\u00f1os, asesinado en el barrio Lomitas (Villa Del Rosario), dej\u00f3 un vac\u00edo cargado de impunidad. La madre lo cataloga como el complemento perfecto y hoy lucha para que los recuerdos perduren y no se convierta en una cifra m\u00e1s.<\/p>\n<p>\u201cEn honor a \u00e9l, la fundaci\u00f3n y los integrantes de las escuelas itinerantes se comprometieron a escribir su historia de la manera m\u00e1s humana posible y con el coraz\u00f3n\u201d.<\/p>\n<p>De esas historias se alimenta a diario 5ta con 5ta. En cada taller o actividad crecen juntos, dibujan, cantan y bailan la realidad de un departamento repleto de inconsistencias y brechas sociales.<\/p>\n<p>\u201cEsta es la historia de una tierra, en que guerreras y guerreros, con su arte prometieron aportar al mundo entero, valent\u00eda su grandeza, libertad su camino, el faro del Catatumbo alumbraron su camino\u201d. Del Norte bravos hijos con orgullo de regi\u00f3n les presento.<\/p>\n<p><strong>RUB\u00c9N AGUDELO<\/strong> <\/p>\n","protected":false},"excerpt":{"rendered":"<p>C\u00daCUTA.- 5ta con 5tacrew no nace en las entra\u00f1as del barrio motilones. Nace en el los pensamientos y las acciones de chicos cansados de su realidad. Desde la fundaci\u00f3n, en el 2007, esta organizaci\u00f3n art\u00edstica se ha enfrentado a estigmas de voz de los m\u00e1s viejos y a la irreverencia de las nuevas generaciones que &hellip;<\/p>\n","protected":false},"author":1,"featured_media":33073,"comment_status":"open","ping_status":"open","sticky":false,"template":"","format":"standard","meta":{"footnotes":""},"categories":[4,37],"tags":[4298],"class_list":["post-33072","post","type-post","status-publish","format-standard","has-post-thumbnail","hentry","category-barra","category-paseo-cultural","tag-5ta-con-5ta"],"_links":{"self":[{"href":"https:\/\/contraluzcucuta.co\/index.php?rest_route=\/wp\/v2\/posts\/33072","targetHints":{"allow":["GET"]}}],"collection":[{"href":"https:\/\/contraluzcucuta.co\/index.php?rest_route=\/wp\/v2\/posts"}],"about":[{"href":"https:\/\/contraluzcucuta.co\/index.php?rest_route=\/wp\/v2\/types\/post"}],"author":[{"embeddable":true,"href":"https:\/\/contraluzcucuta.co\/index.php?rest_route=\/wp\/v2\/users\/1"}],"replies":[{"embeddable":true,"href":"https:\/\/contraluzcucuta.co\/index.php?rest_route=%2Fwp%2Fv2%2Fcomments&post=33072"}],"version-history":[{"count":1,"href":"https:\/\/contraluzcucuta.co\/index.php?rest_route=\/wp\/v2\/posts\/33072\/revisions"}],"predecessor-version":[{"id":33074,"href":"https:\/\/contraluzcucuta.co\/index.php?rest_route=\/wp\/v2\/posts\/33072\/revisions\/33074"}],"wp:featuredmedia":[{"embeddable":true,"href":"https:\/\/contraluzcucuta.co\/index.php?rest_route=\/wp\/v2\/media\/33073"}],"wp:attachment":[{"href":"https:\/\/contraluzcucuta.co\/index.php?rest_route=%2Fwp%2Fv2%2Fmedia&parent=33072"}],"wp:term":[{"taxonomy":"category","embeddable":true,"href":"https:\/\/contraluzcucuta.co\/index.php?rest_route=%2Fwp%2Fv2%2Fcategories&post=33072"},{"taxonomy":"post_tag","embeddable":true,"href":"https:\/\/contraluzcucuta.co\/index.php?rest_route=%2Fwp%2Fv2%2Ftags&post=33072"}],"curies":[{"name":"wp","href":"https:\/\/api.w.org\/{rel}","templated":true}]}}