{"id":33069,"date":"2018-09-08T19:02:50","date_gmt":"2018-09-09T00:02:50","guid":{"rendered":"http:\/\/contraluzcucuta.co\/?p=33069"},"modified":"2018-09-08T19:02:50","modified_gmt":"2018-09-09T00:02:50","slug":"notas-al-margen-reiteracion-del-pedido-sobre-las-fronteras","status":"publish","type":"post","link":"https:\/\/contraluzcucuta.co\/?p=33069","title":{"rendered":"NOTAS AL MARGEN. Reiteraci\u00f3n del pedido sobre las fronteras"},"content":{"rendered":"<p style=\"padding-left: 60px;\"><span style=\"color: #ff6600;\">1.- Durante el desarrollo de los actos correspondientes a la celebraci\u00f3n de los 70 a\u00f1os de la Federaci\u00f3n Nacional de Comerciantes, seccional Norte de Santander, que constituy\u00f3 un&nbsp; aut\u00e9ntico acontecimiento y la congregaci\u00f3n de una participativa asistencia, formul\u00e9 a Guillermo Botero Mej\u00eda, presidente ejecutivo de Fenalco, y ahora ministro de Defensa, la necesidad y conveniencia de solicitar y lograr del Gobierno y, ojal\u00e1 lo m\u00e1s pronto posible, la conformaci\u00f3n al m\u00e1s alto nivel y representatividad, incluida la fronteriza, de una Comisi\u00f3n Extraordinaria y Especial para precisar, en orden a la particular situaci\u00f3n de las regiones y zonas fronterizas, que &nbsp;representan al 53 %&nbsp; de la faja territorial nacional, pero que, a su vez, son las zonas m\u00e1s descuidadas y marginales del pa\u00eds, la decisi\u00f3n y logro de incentivos, est\u00edmulos y mecanismos que permitan atender e impulsar las soluciones para el desarrollo y la coparticipaci\u00f3n en el progreso nacional.<\/span><\/p>\n<p>2.- Ped\u00ed, obviamente y con respeto, a Pedro Mar\u00fan Meyer, presidente de la junta directiva nacional, como de la seccional nortesantandereana, y ahora presidente de Fenalco, apoyo y respaldo para que la solicitud, esperada &nbsp;desde antes del cierre de frontera y reiterada muchas veces despu\u00e9s, pero no atendida, logre ahora sortear los tr\u00e1nsitos necesarios, hasta la obtenci\u00f3n. Y anot\u00e9 que es tanta la necesidad de soluciones sociales, econ\u00f3micas y pol\u00edticas, porque los problemas son: locales, regionales, nacionales y binacionales. Al punto que, paralelamente, el Gobierno, debiera dar paso a la creaci\u00f3n del Ministerio de Fronteras y a la Contralor\u00eda de Fronteras, porque son muchos los factores y las secuencias que necesitan seguimiento, control y formulaci\u00f3n de iniciativas, dados los m\u00faltiples aspectos y tem\u00e1ticas que confluyen sobre los pobladores en estas \u00e1reas.<\/p>\n<p>3.- Cumplidos los tres a\u00f1os de cierre de la frontera, el 19 de agosto, y observando la pasividad y la apat\u00eda, como se observa y eval\u00faa lo que se vive y acontece, es necesario acudir a la naci\u00f3n y a sus miembros para que nos ayuden a despertar la atenci\u00f3n y obtener el apoyo que necesitamos. Adem\u00e1s,&nbsp; por que&nbsp; las fronteras son y representan m\u00e1s de la mitad de Colombia y la atenci\u00f3n sobre las fronteras debe ser prioritaria, \u00e1gil y urgente, dada la magnitud del colapso que experimentan. Como bien lo saben y con mayor precisi\u00f3n, tanto el ministro de la Defensa, como el presidente del gremio comercial.<\/p>\n<p>Es tanto, tanto lo que hay por hacer y atender con esmero, que sin lugar a dudas la frontera est\u00e1 llamada a constituirse en el factor de mayor motivaci\u00f3n e importancia, para iniciar la nueva etapa que debe surgir en las relaciones colombo-venezolanas, como en la conformaci\u00f3n de planes, programas y proyectos alusivos a la industrializaci\u00f3n, el aprovechamiento de ventajas comparativas, la ubicaci\u00f3n geoestrat\u00e9gica y la innovaci\u00f3n ante el hallazgo y la canalizaci\u00f3n de mercados y potenciales impulsores de m\u00faltiples actividades y empleos. Por eso, Usted debe transformarse en un nuevo peticionario, para que la petici\u00f3n llegue a su destino y pronto podamos exclamar que fuimos atendidos e iniciamos nuevas vivencias.<\/p>\n<p><strong>JOS\u00c9 NEIRA REY<\/strong><\/p>\n<p><strong><br \/>\n<\/strong><\/p>\n<p><a href=\"mailto:jneirarey@hotmail.com\">jneirarey@hotmail.com<\/a> <\/p>\n","protected":false},"excerpt":{"rendered":"<p>1.- Durante el desarrollo de los actos correspondientes a la celebraci\u00f3n de los 70 a\u00f1os de la Federaci\u00f3n Nacional de Comerciantes, seccional Norte de Santander, que constituy\u00f3 un&nbsp; aut\u00e9ntico acontecimiento y la congregaci\u00f3n de una participativa asistencia, formul\u00e9 a Guillermo Botero Mej\u00eda, presidente ejecutivo de Fenalco, y ahora ministro de Defensa, la necesidad y conveniencia &hellip;<\/p>\n","protected":false},"author":1,"featured_media":33070,"comment_status":"open","ping_status":"open","sticky":false,"template":"","format":"standard","meta":{"footnotes":""},"categories":[14,4],"tags":[1589,2483,382,956],"class_list":["post-33069","post","type-post","status-publish","format-standard","has-post-thumbnail","hentry","category-articulistas","category-barra","tag-cierre-de-la-frontera","tag-crisis-en-la-frontera","tag-jose-neira","tag-notas-al-margen"],"_links":{"self":[{"href":"https:\/\/contraluzcucuta.co\/index.php?rest_route=\/wp\/v2\/posts\/33069","targetHints":{"allow":["GET"]}}],"collection":[{"href":"https:\/\/contraluzcucuta.co\/index.php?rest_route=\/wp\/v2\/posts"}],"about":[{"href":"https:\/\/contraluzcucuta.co\/index.php?rest_route=\/wp\/v2\/types\/post"}],"author":[{"embeddable":true,"href":"https:\/\/contraluzcucuta.co\/index.php?rest_route=\/wp\/v2\/users\/1"}],"replies":[{"embeddable":true,"href":"https:\/\/contraluzcucuta.co\/index.php?rest_route=%2Fwp%2Fv2%2Fcomments&post=33069"}],"version-history":[{"count":1,"href":"https:\/\/contraluzcucuta.co\/index.php?rest_route=\/wp\/v2\/posts\/33069\/revisions"}],"predecessor-version":[{"id":33071,"href":"https:\/\/contraluzcucuta.co\/index.php?rest_route=\/wp\/v2\/posts\/33069\/revisions\/33071"}],"wp:featuredmedia":[{"embeddable":true,"href":"https:\/\/contraluzcucuta.co\/index.php?rest_route=\/wp\/v2\/media\/33070"}],"wp:attachment":[{"href":"https:\/\/contraluzcucuta.co\/index.php?rest_route=%2Fwp%2Fv2%2Fmedia&parent=33069"}],"wp:term":[{"taxonomy":"category","embeddable":true,"href":"https:\/\/contraluzcucuta.co\/index.php?rest_route=%2Fwp%2Fv2%2Fcategories&post=33069"},{"taxonomy":"post_tag","embeddable":true,"href":"https:\/\/contraluzcucuta.co\/index.php?rest_route=%2Fwp%2Fv2%2Ftags&post=33069"}],"curies":[{"name":"wp","href":"https:\/\/api.w.org\/{rel}","templated":true}]}}