{"id":33053,"date":"2018-09-02T20:05:46","date_gmt":"2018-09-03T01:05:46","guid":{"rendered":"http:\/\/contraluzcucuta.co\/?p=33053"},"modified":"2018-09-02T20:05:46","modified_gmt":"2018-09-03T01:05:46","slug":"notas-al-margen-de-la-innovacion-y-la-aplicacion-la-trasformacion-depende-nuestro-futuro","status":"publish","type":"post","link":"https:\/\/contraluzcucuta.co\/?p=33053","title":{"rendered":"NOTAS AL MARGEN. De la innovaci\u00f3n y la aplicaci\u00f3n a la trasformaci\u00f3n depende nuestro futuro"},"content":{"rendered":"<p style=\"padding-left: 60px;\"><span style=\"color: #ff6600;\">1.- Que las zonas y regiones fronterizas requieren de la atenci\u00f3n central y que el Gobierno est\u00e1 comprometido con la dotaci\u00f3n y la fijaci\u00f3n de pautas y acciones que permitan a estos territorios y a sus pobladores &nbsp;hallar incentivos, est\u00edmulos y mecanismos, indispensables para encarar el reto del desarrollo y el acople con el concierto nacional, es un algo que surge y resuena en todas partes, porque estas \u00e1reas territoriales siguen marginadas y abandonadas en sus fundamentos&nbsp; b\u00e1sicos y porque la estructuraci\u00f3n socioecon\u00f3mica y pol\u00edtica de estos conglomerados a\u00fan no cuentan con&nbsp; los liderazgos, respaldos y apoyos b\u00e1sicos que exige todo proceso de cambio y trasformaci\u00f3n, para acentuar e iniciar el despegue hacia el desarrollo.<\/span><\/p>\n<p>Anotamos lo anterior, porque la tipicidad de lo nuestro &#8211; s\u00ed, de lo nortesantandereano y fronterizo &#8211; todav\u00eda no registra la asistencia y la ayuda indispensables para darle mayor aliento y fijaci\u00f3n de nuevos derroteros al proceso de industrializaci\u00f3n y a la utilizaci\u00f3n de la innovaci\u00f3n y la aplicaci\u00f3n de nuevas tecnolog\u00edas a productos y necesidades que diariamente se constituyen en la antesala y la visi\u00f3n de perspectivas de nuevas gestiones y empe\u00f1os. Prueba clara y demostrativa de los vac\u00edos que hay, lo otorga y define la falta de un Parque Industrial, un Parque Tecnol\u00f3gico y la lenta comprensi\u00f3n y valoraci\u00f3n de lo que es la Zona Franca, en lo industrial como en lo comercial, as\u00ed como el Aeropuerto, que debe disponer del mayor registro de vuelos para que los contactos y los negocios nacionales e internacionales experimenten el favorecimiento m\u00e1s inmediato posible y no lo que acontece, donde lo externo pareciera no cuantificarse, ni valorarse, porque no hay aplicaciones hacia Venezuela, Centro Am\u00e9rica ni&nbsp; sobre los puntos de mayor alusi\u00f3n para empalmes y gestiones internacionales.<\/p>\n<p>2.- Destacamos lo anterior, porque si en verdad queremos y anhelamos que se suceda una trasformaci\u00f3n de amplio espectro y calado, hay que comenzar a darles contenido a las aproximaciones y los contactos referidos al manejo y al desarrollo de productos con demanda internacional. Tema que involucra una visi\u00f3n&nbsp; de realidades inocultables, porque la demanda, como la oferta de productos, requiere la aplicaci\u00f3n de la modernidad y la utilizaci\u00f3n de lo funcional, pr\u00e1ctico&nbsp; y operativo.<\/p>\n<p>3.- Esta tem\u00e1tica exige de lo educativo y universitario la irrupci\u00f3n clara, amplia y definitiva de personal especializado, para que los centros formativos puedan otorgar a los estudiantes y al conjunto de la sociedad que busca un m\u00e1s acentuado desarrollo, puntos de apoyo y contar con personal preparado y dispuesto a cubrir nuestras necesidades&nbsp; y requerimientos.<\/p>\n<p>Por eso, la iniciativa de crear y dar aliento al Centro del Pensamiento y Desarrollo Fronterizo no es ninguna quimera. \u00bfPor qu\u00e9? Porque tenemos que ir al d\u00eda con los avances y los aprovechamientos cient\u00edficos si queremos subsistir y aplicar conocimientos y apoyos para el servicio de la humanidad.<\/p>\n<p>Si se conocieran los requisitos que en ocasiones son exigentes en los enfoques y an\u00e1lisis de los procesos binacionales o bilaterales, como en los multilaterales, la comprensi\u00f3n sobre estos giros y necesidades apremiantes, tomar\u00edan vivencias comprometidas y actuantes. Prop\u00f3sito este que tiene que crecer, porque el reto existente es latiente y manifiesto.<\/p>\n<p>C\u00facuta y la Zona o Regi\u00f3n Fronteriza tienen un inmenso futuro, pero para consolidar este anhelo hay que crear y alimentar permanentemente&nbsp; un liderazgo de acci\u00f3n, con personas que entiendan y valoren que para avanzar hay que contar con mentes preparadas y dispuestas que llenen los vac\u00edos y mejoren la instrucci\u00f3n, en todo el proceso educativo. Y que quienes lleguen a las posiciones de poder, orientaci\u00f3n y mando tengan la comprensi\u00f3n y el compromiso&nbsp; de velar por la fuerza y el vigor de la innovaci\u00f3n y la trasformaci\u00f3n,&nbsp; como algo irrenunciable. De esto, depender\u00e1, en gran medida, lo que nos espera.&nbsp;&nbsp;&nbsp;&nbsp;<\/p>\n<p><strong>JOS\u00c9 NEIRA REY<\/strong> <\/p>\n","protected":false},"excerpt":{"rendered":"<p>1.- Que las zonas y regiones fronterizas requieren de la atenci\u00f3n central y que el Gobierno est\u00e1 comprometido con la dotaci\u00f3n y la fijaci\u00f3n de pautas y acciones que permitan a estos territorios y a sus pobladores &nbsp;hallar incentivos, est\u00edmulos y mecanismos, indispensables para encarar el reto del desarrollo y el acople con el concierto &hellip;<\/p>\n","protected":false},"author":1,"featured_media":33054,"comment_status":"open","ping_status":"open","sticky":false,"template":"","format":"standard","meta":{"footnotes":""},"categories":[14,4],"tags":[382,956],"class_list":["post-33053","post","type-post","status-publish","format-standard","has-post-thumbnail","hentry","category-articulistas","category-barra","tag-jose-neira","tag-notas-al-margen"],"_links":{"self":[{"href":"https:\/\/contraluzcucuta.co\/index.php?rest_route=\/wp\/v2\/posts\/33053","targetHints":{"allow":["GET"]}}],"collection":[{"href":"https:\/\/contraluzcucuta.co\/index.php?rest_route=\/wp\/v2\/posts"}],"about":[{"href":"https:\/\/contraluzcucuta.co\/index.php?rest_route=\/wp\/v2\/types\/post"}],"author":[{"embeddable":true,"href":"https:\/\/contraluzcucuta.co\/index.php?rest_route=\/wp\/v2\/users\/1"}],"replies":[{"embeddable":true,"href":"https:\/\/contraluzcucuta.co\/index.php?rest_route=%2Fwp%2Fv2%2Fcomments&post=33053"}],"version-history":[{"count":1,"href":"https:\/\/contraluzcucuta.co\/index.php?rest_route=\/wp\/v2\/posts\/33053\/revisions"}],"predecessor-version":[{"id":33055,"href":"https:\/\/contraluzcucuta.co\/index.php?rest_route=\/wp\/v2\/posts\/33053\/revisions\/33055"}],"wp:featuredmedia":[{"embeddable":true,"href":"https:\/\/contraluzcucuta.co\/index.php?rest_route=\/wp\/v2\/media\/33054"}],"wp:attachment":[{"href":"https:\/\/contraluzcucuta.co\/index.php?rest_route=%2Fwp%2Fv2%2Fmedia&parent=33053"}],"wp:term":[{"taxonomy":"category","embeddable":true,"href":"https:\/\/contraluzcucuta.co\/index.php?rest_route=%2Fwp%2Fv2%2Fcategories&post=33053"},{"taxonomy":"post_tag","embeddable":true,"href":"https:\/\/contraluzcucuta.co\/index.php?rest_route=%2Fwp%2Fv2%2Ftags&post=33053"}],"curies":[{"name":"wp","href":"https:\/\/api.w.org\/{rel}","templated":true}]}}