{"id":33046,"date":"2018-09-02T18:21:34","date_gmt":"2018-09-02T23:21:34","guid":{"rendered":"http:\/\/contraluzcucuta.co\/?p=33046"},"modified":"2018-09-02T18:21:34","modified_gmt":"2018-09-02T23:21:34","slug":"clamor-zuliano-el-puente-mariano-ospina-perez-no-aguanta-un-cuchepazo","status":"publish","type":"post","link":"https:\/\/contraluzcucuta.co\/?p=33046","title":{"rendered":"CLAMOR ZULIANO. El puente Mariano Ospina P\u00e9rez \u201cno aguanta un \u201ccuchepazo\u2019\u201d"},"content":{"rendered":"<p style=\"padding-left: 60px;\"><span style=\"color: #ff6600;\"><strong>EL ZULIA \u2013 Norte de Santander.-<\/strong> \u201cEl Gremio de carga pesada (tractomulas, camiones y volquetas doble troque)&nbsp; no colaboro con lo establecido en la norma de transitar un solo veh\u00edculo pesado sobre la estructura agotada del puente\u201d Mariano Ospina P\u00e9rez, en El Zulia. La queja la puso Luis Alberto G\u00f3mez Forero, presidente de la Veedur\u00eda ciudadana para la vigilancia de la repotenciaci\u00f3n y posterior construcci\u00f3n del puente.<\/span><\/p>\n<p>La voz se alz\u00f3 en la comunicaci\u00f3n enviada a William Villamizar, Gobernador de Norte de Santander; C\u00e9sar Rojas, Alcalde de C\u00facuta, y Elkin Caballero, Alcalde de El Zulia. En la misiva el veedor pide control estricto las 24 horas para el tr\u00e1fico de carga pesada.<\/p>\n<p>\u201cTristemente debemos reconocer la ausencia de responsabilidad social\u201d, dijo G\u00f3mez Forero, y reiter\u00f3 que el estado del Mariano Ospina P\u00e9rez es lamentable. El riesgo de provocar una tragedia es alto, por el bamboleo que se increment\u00f3, similar a lo que ocurr\u00eda antes de la repotenciaci\u00f3n hace menos de un a\u00f1o.<\/p>\n<p>Seg\u00fan informes t\u00e9cnicos revelados por funcionarios&nbsp; de ingenier\u00eda de Inv\u00edas y la Concesi\u00f3n Vial San Sim\u00f3n, en la reuni\u00f3n celebrada en la C\u00e1mara de Comercio, el puente \u201cno aguanta un cuchepazo\u201d.<\/p>\n<p>Amparado en el derecho de petici\u00f3n, G\u00f3mez Forero solicit\u00f3 &nbsp;ejercer acciones preventivas pertinentes para establecer el control vehicular a la carga pesada 24 horas y gestionar la&nbsp; instalaci\u00f3n de&nbsp; avisos, iluminar y c\u00e1maras que registren el acontecer para la protecci\u00f3n. Esto debe cumplirse \u201cpara evitar el colapso del puente, lo cual ser\u00eda catastr\u00f3fico para nuestra d\u00e9bil y aporreada econom\u00eda regional\u201d.<\/p>\n<p>El presidente de la Veedur\u00eda &nbsp;insisti\u00f3 ente el alcalde C\u00e9sar Rojas que es justo y oportuno reponer el desmantelado alumbrado p\u00fablico en el trayecto anillo vial \u2013 Puente Mariano Ospina P\u00e9rez, ejecutado en las administraciones de Margarita Silva (1988-1990) y Jairo Slebi Medina (1990-1992).<\/p>\n<p>Los industriales apostados en el corredor vial efect\u00faan una cuantiosa contribuci\u00f3n a la Concesi\u00f3n de Alumbrado P\u00fablico. La reparaci\u00f3n del alumbrado permitir\u00eda mayor seguridad y movilidad de ciclistas, motorizados y peatones que&nbsp; laboran o se desplazan en fines de semana al rio Zulia.<\/p>\n<p>Copia de la misiva fue remitida a la Procuradur\u00eda Departamental, Contralor\u00eda Departamental, Contralor\u00eda de C\u00facuta, Personeros de C\u00facuta y El Zulia,&nbsp; Asamblea, Alcaldes Pueblos de Occidente, Concejos, C\u00e1mara de Comercio, Comit\u00e9 Intergremial, Inv\u00edas, Concesi\u00f3n Vial San Sim\u00f3n, Concesi\u00f3n de Alumbrado P\u00fablico de C\u00facuta y Medios de Comunicaci\u00f3n Social. <\/p>\n","protected":false},"excerpt":{"rendered":"<p>EL ZULIA \u2013 Norte de Santander.- \u201cEl Gremio de carga pesada (tractomulas, camiones y volquetas doble troque)&nbsp; no colaboro con lo establecido en la norma de transitar un solo veh\u00edculo pesado sobre la estructura agotada del puente\u201d Mariano Ospina P\u00e9rez, en El Zulia. La queja la puso Luis Alberto G\u00f3mez Forero, presidente de la Veedur\u00eda &hellip;<\/p>\n","protected":false},"author":1,"featured_media":33047,"comment_status":"open","ping_status":"open","sticky":false,"template":"","format":"standard","meta":{"footnotes":""},"categories":[4,32],"tags":[1307,676],"class_list":["post-33046","post","type-post","status-publish","format-standard","has-post-thumbnail","hentry","category-barra","category-recorrido-por-la-region","tag-luis-alberto-gomez-forero","tag-puente-mariano-ospina-perez"],"_links":{"self":[{"href":"https:\/\/contraluzcucuta.co\/index.php?rest_route=\/wp\/v2\/posts\/33046","targetHints":{"allow":["GET"]}}],"collection":[{"href":"https:\/\/contraluzcucuta.co\/index.php?rest_route=\/wp\/v2\/posts"}],"about":[{"href":"https:\/\/contraluzcucuta.co\/index.php?rest_route=\/wp\/v2\/types\/post"}],"author":[{"embeddable":true,"href":"https:\/\/contraluzcucuta.co\/index.php?rest_route=\/wp\/v2\/users\/1"}],"replies":[{"embeddable":true,"href":"https:\/\/contraluzcucuta.co\/index.php?rest_route=%2Fwp%2Fv2%2Fcomments&post=33046"}],"version-history":[{"count":1,"href":"https:\/\/contraluzcucuta.co\/index.php?rest_route=\/wp\/v2\/posts\/33046\/revisions"}],"predecessor-version":[{"id":33048,"href":"https:\/\/contraluzcucuta.co\/index.php?rest_route=\/wp\/v2\/posts\/33046\/revisions\/33048"}],"wp:featuredmedia":[{"embeddable":true,"href":"https:\/\/contraluzcucuta.co\/index.php?rest_route=\/wp\/v2\/media\/33047"}],"wp:attachment":[{"href":"https:\/\/contraluzcucuta.co\/index.php?rest_route=%2Fwp%2Fv2%2Fmedia&parent=33046"}],"wp:term":[{"taxonomy":"category","embeddable":true,"href":"https:\/\/contraluzcucuta.co\/index.php?rest_route=%2Fwp%2Fv2%2Fcategories&post=33046"},{"taxonomy":"post_tag","embeddable":true,"href":"https:\/\/contraluzcucuta.co\/index.php?rest_route=%2Fwp%2Fv2%2Ftags&post=33046"}],"curies":[{"name":"wp","href":"https:\/\/api.w.org\/{rel}","templated":true}]}}