{"id":33006,"date":"2018-08-19T18:19:32","date_gmt":"2018-08-19T23:19:32","guid":{"rendered":"http:\/\/contraluzcucuta.co\/?p=33006"},"modified":"2018-08-19T18:19:32","modified_gmt":"2018-08-19T23:19:32","slug":"notas-al-margen-ahora-necesitamos-una-urgente-y-prioritaria-atencion-binacional","status":"publish","type":"post","link":"https:\/\/contraluzcucuta.co\/?p=33006","title":{"rendered":"NOTAS AL MARGEN. Ahora, necesitamos una urgente y prioritaria atenci\u00f3n binacional"},"content":{"rendered":"<p style=\"padding-left: 60px;\"><span style=\"color: #ff6600;\">1.- Quienes por A, B o C razones hemos tenido alg\u00fan acercamiento, conocimiento y vinculaci\u00f3n al complejo, cambiante y enmara\u00f1ado proceso&nbsp; de desarrollo que ha vivido la zona metropolitana de C\u00facuta y la abandonada y poco atendida faja fronteriza binacional, experimentamos un duro golpe cuando, transcurridos m\u00e1s de tres a\u00f1os, los gobiernos de Venezuela y Colombia en actos y actitudes que agravan m\u00e1s la situaci\u00f3n, porque hasta se olvidan que social, econ\u00f3mica y pol\u00edticamente son hermanos, con opciones y perspectivas de amplia proyecci\u00f3n como lo advierten y se\u00f1alan informes, estudios, propuestas e iniciativas de incuestionable importancia, as\u00ed como Cartas de Intenci\u00f3n, Acuerdos&nbsp; y Tratados Binacionales de gran prioridad, que prefieren guardar silencio y no atender \u2013 como se necesita y urge &#8211; a la masa poblacional que ha quedado aislada y seriamente desvertebrada en miles de familias, postergando la adopci\u00f3n de verdaderas y transformantes pol\u00edticas de Estado para que mediante incentivos, est\u00edmulos y mecanismos, surjan Los Parques Industriales y Tecnol\u00f3gicos, las Zonas Francas Especializadas y la Zona Aduanera para impulsar las maquilas, la innovaci\u00f3n y el aprovechamiento de ventajas comparativas y servicios que se pueden implementar y poner en marcha, para crear fuentes de empleo y promover una realidad distinta y un mejor futuro.<\/span><\/p>\n<p>2.- \u00bfPor qu\u00e9 anotamos esto?&nbsp; Porque el cierre de la frontera \u2013 que &nbsp;cumpli\u00f3 1095 d\u00edas &#8211; y el desatino de mantener tal oprobio en nada le sirven a Venezuela y tampoco a Colombia, porque si hay tropiezos y situaciones por resolver mediante variaciones o cambios lo elemental &nbsp;era \u2013 y sigue siendo \u2013 constituir con facultades y la mejor representaci\u00f3n una Comisi\u00f3n Extraordinaria y Especial Fronteriza como tantas veces se ha expuesto y solicitado para otorgarles a estas fajas territoriales fronterizas no solo el trato que merecen, sino la proyecci\u00f3n y alcance que la ubicaci\u00f3n y ventajas comparativas advierten y proclaman en lugar del desempleo, la informalidad, la inseguridad, la disminuci\u00f3n del transporte, m\u00e1s la irrupci\u00f3n&nbsp; paralela de los avisos de \u2018Se arrienda\u2019, \u2018Se vende\u2019, que anuncian el decaimiento y la apat\u00eda empresarial existente, junto a la venta de pasteles y zonas de parqueo para motos, que remplazan almacenes y centros de negocio, que se cierran.<\/p>\n<p>3.- A la regi\u00f3n fronteriza colombo-venezolana le falta una positiva y constructiva&nbsp; activaci\u00f3n, con mayor presencia, asistencia&nbsp; y vigor productivo, porque est\u00e1 perdi\u00e9ndose hasta la noci\u00f3n de lo que es la bilateralidad integracionista, ante la pasividad de los que deber\u00edan actuar. Adem\u00e1s, el exagerado centralismo y la carencia de una gesti\u00f3n unitaria que convoque, estudie y promueva un aut\u00e9ntico programa de desarrollo compartido a lado y lado de la frontera com\u00fan o de la zona que se delimite para labores conjuntas y de alcance internacional, empezando, entre otras iniciativas, d\u00e1ndoles cuerpo incentivos, est\u00edmulos y mecanismos, que conduzcan a gestiones de amplia perspectiva&nbsp; como la creaci\u00f3n y establecimiento del Banco de Fomento Colombo-Venezolano, en el que participen los Bancos Centrales de Venezuela y Colombia, el Banco Interamericano de Desarrollo (BID), la Corporaci\u00f3n Andina de Fomento (CAF) y cambistas y empresarios, que quieran asociarse. El organismo fomentar\u00eda el desarrollo, el sustento y la financiaci\u00f3n para prospectos mayores de convergencia y auxilio, para las dos naciones, en diversos campos y actividades. Esta es una de las necesidades apremiantes. Esto y algo m\u00e1s, surge espont\u00e1neamente, cuando se constata y, sinceramente, as\u00ed duela anotarlo, nos falta m\u00e1s solidaridad, presencia y labor en equipo. No saldremos del hueco y par\u00e1lisis en que estamos si no hay una postura y una actitud inteligentes regional y fronteriza, que congreguen, ampl\u00eden&nbsp; y comprometan a los dos gobiernos y a&nbsp; su gente, en una visi\u00f3n de futuro, programada con fundamentos estructurales v\u00e1lidos y de significativa trascendencia e innovaci\u00f3n para canalizar las ventajas comparativas que no utilizamos, ni aprovechamos. Seguir solo esperando y sin avanzar en nada constituye el mayor descalabro hist\u00f3rico e integracionista, con graves&nbsp; implicaciones socioecon\u00f3micos y pol\u00edticas. Por eso, hay que pedir asistencia, comprensi\u00f3n y visi\u00f3n&nbsp; binacional, porque el problema afecta seria y gravemente a Venezuela y Colombia.<\/p>\n<p><strong>JOS\u00c9 NEIRA REY<\/strong> <\/p>\n","protected":false},"excerpt":{"rendered":"<p>1.- Quienes por A, B o C razones hemos tenido alg\u00fan acercamiento, conocimiento y vinculaci\u00f3n al complejo, cambiante y enmara\u00f1ado proceso&nbsp; de desarrollo que ha vivido la zona metropolitana de C\u00facuta y la abandonada y poco atendida faja fronteriza binacional, experimentamos un duro golpe cuando, transcurridos m\u00e1s de tres a\u00f1os, los gobiernos de Venezuela y &hellip;<\/p>\n","protected":false},"author":1,"featured_media":33007,"comment_status":"open","ping_status":"open","sticky":false,"template":"","format":"standard","meta":{"footnotes":""},"categories":[14,4],"tags":[2483,382,956],"class_list":["post-33006","post","type-post","status-publish","format-standard","has-post-thumbnail","hentry","category-articulistas","category-barra","tag-crisis-en-la-frontera","tag-jose-neira","tag-notas-al-margen"],"_links":{"self":[{"href":"https:\/\/contraluzcucuta.co\/index.php?rest_route=\/wp\/v2\/posts\/33006","targetHints":{"allow":["GET"]}}],"collection":[{"href":"https:\/\/contraluzcucuta.co\/index.php?rest_route=\/wp\/v2\/posts"}],"about":[{"href":"https:\/\/contraluzcucuta.co\/index.php?rest_route=\/wp\/v2\/types\/post"}],"author":[{"embeddable":true,"href":"https:\/\/contraluzcucuta.co\/index.php?rest_route=\/wp\/v2\/users\/1"}],"replies":[{"embeddable":true,"href":"https:\/\/contraluzcucuta.co\/index.php?rest_route=%2Fwp%2Fv2%2Fcomments&post=33006"}],"version-history":[{"count":1,"href":"https:\/\/contraluzcucuta.co\/index.php?rest_route=\/wp\/v2\/posts\/33006\/revisions"}],"predecessor-version":[{"id":33008,"href":"https:\/\/contraluzcucuta.co\/index.php?rest_route=\/wp\/v2\/posts\/33006\/revisions\/33008"}],"wp:featuredmedia":[{"embeddable":true,"href":"https:\/\/contraluzcucuta.co\/index.php?rest_route=\/wp\/v2\/media\/33007"}],"wp:attachment":[{"href":"https:\/\/contraluzcucuta.co\/index.php?rest_route=%2Fwp%2Fv2%2Fmedia&parent=33006"}],"wp:term":[{"taxonomy":"category","embeddable":true,"href":"https:\/\/contraluzcucuta.co\/index.php?rest_route=%2Fwp%2Fv2%2Fcategories&post=33006"},{"taxonomy":"post_tag","embeddable":true,"href":"https:\/\/contraluzcucuta.co\/index.php?rest_route=%2Fwp%2Fv2%2Ftags&post=33006"}],"curies":[{"name":"wp","href":"https:\/\/api.w.org\/{rel}","templated":true}]}}