{"id":33003,"date":"2018-08-19T17:43:13","date_gmt":"2018-08-19T22:43:13","guid":{"rendered":"http:\/\/contraluzcucuta.co\/?p=33003"},"modified":"2018-08-19T17:43:13","modified_gmt":"2018-08-19T22:43:13","slug":"cuarta-entrega-desayunos-y-recreacion-para-ninos-de-la-frontera","status":"publish","type":"post","link":"https:\/\/contraluzcucuta.co\/?p=33003","title":{"rendered":"CUARTA ENTREGA. Desayunos y recreaci\u00f3n para ni\u00f1os de la frontera"},"content":{"rendered":"<p style=\"padding-left: 60px;\"><span style=\"color: #ff6600;\"><strong>VILLA DEL ROSARIO &#8211; Norte de Santander.<\/strong> M\u00e1s de 600 ni\u00f1os de la zona de frontera recibieron desayunos y participaron en actividades de recreaci\u00f3n, en el puente internacional Sim\u00f3n Bol\u00edvar. La jornada humanitaria se llev\u00f3 a cabo en La Parada (Villa del Rosario), en desarrollo del plan de choque \u2018El que la hace la paga\u2019.<\/span><\/p>\n<p>La Polic\u00eda Metropolitana de C\u00facuta, el Grupo de participaci\u00f3n ciudadana C\u00edvica de Mayores y el Grupo de Protecci\u00f3n a la Infancia y Adolescencia, el CAI interactivo del \u00c1rea de Prevenci\u00f3n y Educaci\u00f3n Ciudadana y j\u00f3venes del Grupo C\u00edvica Juvenil de la Estaci\u00f3n de Polic\u00eda de Villa del Rosario se dieron cita para llevar a cabo la actividad.<\/p>\n<p>Posteriormente, con apoyo de Gisella Buend\u00eda, coordinadora del Grupo de la C\u00edvica de Mayores, se distribuyeron los desayunos a centenares de ni\u00f1os colombianos y venezolanos que caminaban por el paso fronterizo binacional.<\/p>\n<p>El Grupo de Protecci\u00f3n a la Infancia y Adolescencia y el Grupo de Carabineros y Gu\u00edas llevaron entretenimiento con los caninos y socializaron mensajes del respeto por la vida y el C\u00f3digo Nacional de Polic\u00eda.&nbsp;<\/p>\n<p>Las acciones buscar fortalecer los valores y principios morales a la ni\u00f1ez del \u00c1rea Metropolitana y tener mayor acercamiento con la comunidad. La instituci\u00f3n invit\u00f3 a los ciudadanos a participar en los encuentros comunitarios programados en los barrios con el fin de escuchar sugerencias e inquietudes sobre seguridad y convivencia. <\/p>\n","protected":false},"excerpt":{"rendered":"<p>VILLA DEL ROSARIO &#8211; Norte de Santander. M\u00e1s de 600 ni\u00f1os de la zona de frontera recibieron desayunos y participaron en actividades de recreaci\u00f3n, en el puente internacional Sim\u00f3n Bol\u00edvar. La jornada humanitaria se llev\u00f3 a cabo en La Parada (Villa del Rosario), en desarrollo del plan de choque \u2018El que la hace la paga\u2019. &hellip;<\/p>\n","protected":false},"author":1,"featured_media":33004,"comment_status":"open","ping_status":"open","sticky":false,"template":"","format":"standard","meta":{"footnotes":""},"categories":[11,4],"tags":[4283,323,163],"class_list":["post-33003","post","type-post","status-publish","format-standard","has-post-thumbnail","hentry","category-cronica-roja","category-barra","tag-desayunos-en-la-frontera","tag-mecuc","tag-policia-metropolitana"],"_links":{"self":[{"href":"https:\/\/contraluzcucuta.co\/index.php?rest_route=\/wp\/v2\/posts\/33003","targetHints":{"allow":["GET"]}}],"collection":[{"href":"https:\/\/contraluzcucuta.co\/index.php?rest_route=\/wp\/v2\/posts"}],"about":[{"href":"https:\/\/contraluzcucuta.co\/index.php?rest_route=\/wp\/v2\/types\/post"}],"author":[{"embeddable":true,"href":"https:\/\/contraluzcucuta.co\/index.php?rest_route=\/wp\/v2\/users\/1"}],"replies":[{"embeddable":true,"href":"https:\/\/contraluzcucuta.co\/index.php?rest_route=%2Fwp%2Fv2%2Fcomments&post=33003"}],"version-history":[{"count":1,"href":"https:\/\/contraluzcucuta.co\/index.php?rest_route=\/wp\/v2\/posts\/33003\/revisions"}],"predecessor-version":[{"id":33005,"href":"https:\/\/contraluzcucuta.co\/index.php?rest_route=\/wp\/v2\/posts\/33003\/revisions\/33005"}],"wp:featuredmedia":[{"embeddable":true,"href":"https:\/\/contraluzcucuta.co\/index.php?rest_route=\/wp\/v2\/media\/33004"}],"wp:attachment":[{"href":"https:\/\/contraluzcucuta.co\/index.php?rest_route=%2Fwp%2Fv2%2Fmedia&parent=33003"}],"wp:term":[{"taxonomy":"category","embeddable":true,"href":"https:\/\/contraluzcucuta.co\/index.php?rest_route=%2Fwp%2Fv2%2Fcategories&post=33003"},{"taxonomy":"post_tag","embeddable":true,"href":"https:\/\/contraluzcucuta.co\/index.php?rest_route=%2Fwp%2Fv2%2Ftags&post=33003"}],"curies":[{"name":"wp","href":"https:\/\/api.w.org\/{rel}","templated":true}]}}