{"id":32997,"date":"2018-08-13T21:31:54","date_gmt":"2018-08-14T02:31:54","guid":{"rendered":"http:\/\/contraluzcucuta.co\/?p=32997"},"modified":"2018-08-13T21:31:54","modified_gmt":"2018-08-14T02:31:54","slug":"mano-mano-con-walter-saavedra-el-deporte-tiene-que-ser-una-herramienta-de-diversion-para-el-nino","status":"publish","type":"post","link":"https:\/\/contraluzcucuta.co\/?p=32997","title":{"rendered":"MANO A MANO CON WALTER SAAVEDRA. El deporte tiene que ser una herramienta de diversi\u00f3n para el ni\u00f1o"},"content":{"rendered":"<p style=\"padding-left: 60px;\"><span style=\"color: #ff6600;\"><strong>C\u00daCUTA.-<\/strong> La delegaci\u00f3n femenina de Per\u00fa lleg\u00f3 a C\u00facuta con el fin de ejecutar un proyecto con la mira puesta en los Juegos Ol\u00edmpicos del 2024 y 2028. Misael C\u00e1rdenas, profesor oriundo de Tumbes, ciudad al noroeste del pa\u00eds, dijo que C\u00facuta es la base de entrenamientos que les permitir\u00e1 llevar a cabo correctamente la iniciativa.<\/span><\/p>\n<p>El peruano reconoci\u00f3 que para llegar a la capital nortesantanderena necesit\u00f3 apoyo de los padres de familia y que solo los resultados le permitir\u00e1n tener el respaldo oficial.<\/p>\n<p><strong>\u00bfC\u00f3mo empieza su historia en la gimnasia?<\/strong><\/p>\n<ul>\n<li><em>Nac\u00ed en Tumbes, en la frontera con Ecuador. En 1980, por el \u2018Conflicto de Paquisha\u2019, me toc\u00f3 emigrar hacia la capital. En Lima se me present\u00f3 la oportunidad de ver c\u00f3mo se pr\u00e1ctica este deporte. De ah\u00ed empec\u00e9 mi proceso como entrenador en 1981.<\/em><\/li>\n<\/ul>\n<p><strong>\u00bfA qu\u00e9 edad emigr\u00f3 a Lima?<\/strong><\/p>\n<ul>\n<li><em>A los 17 a\u00f1os. <\/em><\/li>\n<\/ul>\n<p><strong>\u00bfTuvo dificultades econ\u00f3micas al llegar a Lima?<\/strong><\/p>\n<ul>\n<li><em>Como todo migrante, no fue f\u00e1cil. Nos venimos a instalar con nuestra familia en la capital, eran condiciones muy precarias. Gracias al trabajo se mejor\u00f3 el estatus econ\u00f3mico. Fue un proceso de adaptaci\u00f3n bonito, que lo recuerdo con cari\u00f1o.<\/em><\/li>\n<\/ul>\n<p><strong>\u00bfQu\u00e9 le llam\u00f3 la atenci\u00f3n de la gimnasia?<\/strong><\/p>\n<ul>\n<li><em>Siempre ha sido un deporte que nos ha fascinado. Recuerdo haber escuchado, en 1976, a los campeones ol\u00edmpicos de Montreal (Canad\u00e1), mucho de esto, combinado con las ense\u00f1anzas y lo que vi en la televisi\u00f3n sobre <\/em><em>Nadia<\/em> <em>Com\u0103neci<\/em><em> fue lo que me inspir\u00f3 para seguir en este deporte.<\/em><\/li>\n<\/ul>\n<p><strong>\u00bfC\u00f3mo ha sido la preparaci\u00f3n para &nbsp;dedicarse a la gimnasia?<\/strong><\/p>\n<ul>\n<li><em>Estudie para ser profesor de educaci\u00f3n secundaria, con \u00e9nfasis en filosof\u00eda y sicolog\u00eda. Gracias a esto aplico la pedagog\u00eda y la ense\u00f1anza en la gimnasia. No solo ha sido de car\u00e1cter universitario, sino tambi\u00e9n en varios pa\u00edses de Sudam\u00e9rica. Entre 2006 y 2014 me prepar\u00e9 en los Estados Unidos, en un curso de capacitaci\u00f3n de la Uni\u00f3n Americana y la Federaci\u00f3n Norteamericana.<\/em><\/li>\n<\/ul>\n<p><strong>\u00bfQu\u00e9 recuerda de la primera vez que manej\u00f3 un grupo de gimnasia?<\/strong><\/p>\n<ul>\n<li><em>Es una historia linda. Era un grupo de gimnasia femenina. Recuerdo a cada una de las integrantes. Inici\u00e9 como entrenador, en 1981, y que para mi buena suerte, en 1986 ten\u00edamos gimnastas en la selecci\u00f3n nacional. Actualmente, muchas est\u00e1n en el pa\u00eds, otras est\u00e1n afuera, tienen diferentes profesiones y me llena de satisfacci\u00f3n que esas ense\u00f1anzas adquiridas en la gimnasia no tan solo sirvieron para llegar a una selecci\u00f3n sino para la vida diaria. <\/em><\/li>\n<\/ul>\n<p><strong>\u00bfCu\u00e1l es la manera correcta para que una ni\u00f1a se sienta c\u00f3moda al practicar gimnasia?<\/strong><\/p>\n<ul>\n<li><em>Los entrenadores tenemos que tener la sapiencia y el conocimiento para manejar sicol\u00f3gicamente las etapas de la vida de los seres humanos. Al ni\u00f1o y a los adolescentes hay que hablarles de acuerdo con su lenguaje. Trabajo con ni\u00f1os y la mejor metodolog\u00eda es explicarles con palabras sencillas lo que hay que hacer. Todo se hace por medio de actividades l\u00fadicas o juegos, para que aprendan y se diviertan. El deporte debe ser una herramienta para que el ni\u00f1o no se aburra, para que as\u00ed pueda llegar al alto rendimiento. <\/em><\/li>\n<\/ul>\n<p><strong>\u00bfCu\u00e1l es la metodolog\u00eda para entender la adaptaci\u00f3n del ni\u00f1o?<\/strong><\/p>\n<ul>\n<li><em>Como en todos los deportes, existen protocolos de entrenamiento que se han difundido por el mundo. Nos podemos identificar con las escuelas rusa, romana, cubana y muchas otras. Para la ense\u00f1anza, cada entrenador debe identificarse con una escuela y aplicar la did\u00e1ctica del entrenamiento. Si un entrenador no se capacita con t\u00e9cnicas y procesos metodol\u00f3gicos, su avance ser\u00e1 poco y puede ser que se torne tediosa la ense\u00f1anza. Nos apegamos mucho a las ense\u00f1anzas y a los protocolos de entrenamiento.<\/em><\/li>\n<\/ul>\n<p><strong>\u00bfCu\u00e1l es la raz\u00f3n de la visita a C\u00facuta con este grupo de gimnastas femeninas de Per\u00fa?<\/strong><\/p>\n<ul>\n<li><em>Ellas hacen parte del proyecto que se desarroll\u00f3 en enero del 2017. Cuando seleccionamos a las gimnastas, iniciamos los entrenamientos en marzo. Este proyecto tiene varias etapas, la meta final es llegar a los Juegos Ol\u00edmpicos del 2024 y 2028. A corto plazo, la meta que se planific\u00f3 fue venir como primera experiencia internacional a este gimnasio, en C\u00facuta, que nos ofrece comodidades para practicar este deporte. Hay que aprovechar las ense\u00f1anzas del profesor Jairo Ruiz, que es uno de los mejores entrenadores del mundo en la ejecuci\u00f3n de este proyecto. <\/em><\/li>\n<\/ul>\n<p><strong>\u00bfQu\u00e9 los motivo a tomar como primera experiencia internacional a C\u00facuta?<\/strong><\/p>\n<ul>\n<li><em>No fue f\u00e1cil escoger a C\u00facuta, pues los que tienen la \u00faltima palabra son los padres de familia, que pagan este viaje. La motivaci\u00f3n para venir fueron las ense\u00f1anzas que da el profesor Ruiz y la confianza que brinda. Desde cuando le coment\u00e9 el proyecto nos ha ayudado a ejecutarlo y estamos m\u00e1s que agradecidos por el apoyo. <\/em><\/li>\n<\/ul>\n<p><strong>\u00bfC\u00f3mo motiv\u00f3 a los padres de Familia para que viajaran?<\/strong><\/p>\n<ul>\n<li><em>Debido a que el promedio de edad de las gimnastas es entre 10 y 11 a\u00f1os, tuve que hacer varias reuniones con los padres para explicarles el proyecto. Entendieron lo fundamental que era esta base de entrenamientos. Con la llegada a C\u00facuta, podemos entrenar m\u00e1s concentrados, y se han cumplido varios objetivos con ayuda del equipo interdisciplinario, encabezado por Jairo Ruiz. Todo el \u00e9xito de esta base de entrenamientos lo han visto los padres de familia que nos acompa\u00f1an.<\/em><\/li>\n<\/ul>\n<p><strong>\u00bfQu\u00e9 tanto aportan los padres de familia que vinieron a C\u00facuta?<\/strong><\/p>\n<ul>\n<li><em>Aportan mucho en la convivencia de las ni\u00f1as. La gimnasta con menor edad tiene 7 a\u00f1os y la de mayor edad tiene 13. Adem\u00e1s, este proyecto todav\u00eda no cuenta con aval del Estado. Hasta cuando tengamos resultados recibiremos apoyo. Por estas dos razones es que necesito que los padres de familia est\u00e9n ac\u00e1 con nosotros.<\/em><\/li>\n<\/ul>\n<p><strong>\u00bfCu\u00e1l ha sido su mayor logro como entrenador?<\/strong><\/p>\n<ul>\n<li><em>Despu\u00e9s de 33 a\u00f1os como entrenador, aport\u00e9 una gimnasta a la selecci\u00f3n peruana en los Ol\u00edmpicos de R\u00edo. <\/em><\/li>\n<\/ul>\n<p><strong>\u00bfC\u00f3mo podemos describir a <\/strong><strong>Walter Saavedra?&nbsp;<\/strong><\/p>\n<ul>\n<li><em>Me considero una persona que en 36 a\u00f1os como entrenador he tratado de evolucionar de acuerdo con las tendencias de la gimnasia. Siempre me han gustado el estudio y la investigaci\u00f3n sobre las nuevas t\u00e9cnicas, la planificaci\u00f3n y soy acucioso en lo que tiene que ver con los gimnastas. <\/em><\/li>\n<\/ul>\n<p><strong>JORDY ORLANDO CRUZ<\/strong> <\/p>\n","protected":false},"excerpt":{"rendered":"<p>C\u00daCUTA.- La delegaci\u00f3n femenina de Per\u00fa lleg\u00f3 a C\u00facuta con el fin de ejecutar un proyecto con la mira puesta en los Juegos Ol\u00edmpicos del 2024 y 2028. Misael C\u00e1rdenas, profesor oriundo de Tumbes, ciudad al noroeste del pa\u00eds, dijo que C\u00facuta es la base de entrenamientos que les permitir\u00e1 llevar a cabo correctamente la &hellip;<\/p>\n","protected":false},"author":1,"featured_media":32998,"comment_status":"open","ping_status":"open","sticky":false,"template":"","format":"standard","meta":{"footnotes":""},"categories":[4,28],"tags":[3591,1605],"class_list":["post-32997","post","type-post","status-publish","format-standard","has-post-thumbnail","hentry","category-barra","category-vistazo-deportivo","tag-federacion-de-gimnasia","tag-gimnasia-de-norte-de-santander"],"_links":{"self":[{"href":"https:\/\/contraluzcucuta.co\/index.php?rest_route=\/wp\/v2\/posts\/32997","targetHints":{"allow":["GET"]}}],"collection":[{"href":"https:\/\/contraluzcucuta.co\/index.php?rest_route=\/wp\/v2\/posts"}],"about":[{"href":"https:\/\/contraluzcucuta.co\/index.php?rest_route=\/wp\/v2\/types\/post"}],"author":[{"embeddable":true,"href":"https:\/\/contraluzcucuta.co\/index.php?rest_route=\/wp\/v2\/users\/1"}],"replies":[{"embeddable":true,"href":"https:\/\/contraluzcucuta.co\/index.php?rest_route=%2Fwp%2Fv2%2Fcomments&post=32997"}],"version-history":[{"count":1,"href":"https:\/\/contraluzcucuta.co\/index.php?rest_route=\/wp\/v2\/posts\/32997\/revisions"}],"predecessor-version":[{"id":32999,"href":"https:\/\/contraluzcucuta.co\/index.php?rest_route=\/wp\/v2\/posts\/32997\/revisions\/32999"}],"wp:featuredmedia":[{"embeddable":true,"href":"https:\/\/contraluzcucuta.co\/index.php?rest_route=\/wp\/v2\/media\/32998"}],"wp:attachment":[{"href":"https:\/\/contraluzcucuta.co\/index.php?rest_route=%2Fwp%2Fv2%2Fmedia&parent=32997"}],"wp:term":[{"taxonomy":"category","embeddable":true,"href":"https:\/\/contraluzcucuta.co\/index.php?rest_route=%2Fwp%2Fv2%2Fcategories&post=32997"},{"taxonomy":"post_tag","embeddable":true,"href":"https:\/\/contraluzcucuta.co\/index.php?rest_route=%2Fwp%2Fv2%2Ftags&post=32997"}],"curies":[{"name":"wp","href":"https:\/\/api.w.org\/{rel}","templated":true}]}}