{"id":32991,"date":"2018-08-13T20:53:43","date_gmt":"2018-08-14T01:53:43","guid":{"rendered":"http:\/\/contraluzcucuta.co\/?p=32991"},"modified":"2018-08-13T21:05:09","modified_gmt":"2018-08-14T02:05:09","slug":"comunidad-despues-de-15-anos-habitantes-de-alfonso-lopez-estrenan-parque-y-cancha","status":"publish","type":"post","link":"https:\/\/contraluzcucuta.co\/?p=32991","title":{"rendered":"COMUNIDAD. Despu\u00e9s de 15 a\u00f1os, habitantes de Alfonso L\u00f3pez estrenan parque y cancha"},"content":{"rendered":"<p style=\"padding-left: 60px;\"><span style=\"color: #ff6600;\"><strong>C\u00daCUTA.-<\/strong> El alcalde C\u00e9sar Rojas entreg\u00f3 el moderno parque \u2018Jorge Eliecer Gait\u00e1n\u2019 y la adecuaci\u00f3n de la cancha en el barrio Alfonso L\u00f3pez. Las obras benefician a los habitantes de la Comuna 10 de la ciudad. La inversi\u00f3n alcanz\u00f3 los $ 520 millones, por medio de la Secretar\u00eda de Infraestructura.<\/span><\/p>\n<p>Los trabajos constan de:<\/p>\n<p>1.- Construcci\u00f3n de grader\u00eda<\/p>\n<p>2.- Reconstrucci\u00f3n del piso de la cancha multifuncional<\/p>\n<p>3.- Encerramiento del escenario deportivo<\/p>\n<p>4.- Demarcaci\u00f3n de la cancha<\/p>\n<p>5.- Mantenimiento de la cubierta<\/p>\n<p>6.- Reubicaci\u00f3n y recuperaci\u00f3n del monumento Jorge Eliecer Gait\u00e1n<\/p>\n<p>7.- Construcci\u00f3n de la cancha de banquitas en c\u00e9sped sint\u00e9tico con encerramiento<\/p>\n<p>8.- Senderos peatonales y tarima para eventos<\/p>\n<p>9.- Mantenimiento a las m\u00e1quinas biosaludables<\/p>\n<p>10.- Zona infantil e instalaci\u00f3n de luz LED.<\/p>\n<p><strong>PARQUE LAS PARAB\u00d3LICAS<\/strong><\/p>\n<p>Dos mil quinientos metros cuadrados del parque \u2018Las Parab\u00f3licas, en el barrio Prados del Este, ser\u00e1n intervenidos por la administraci\u00f3n municipal. La inversi\u00f3n ser\u00e1 de $ 900 millones y se estima en cinco meses el tiempo para embellecer, modernizar y adecuar el lugar.<\/p>\n<p>Se construir\u00e1 un \u00e1rea canina, espacio de calistenia, zona de actividad f\u00edsica con tarima para el instructor (aer\u00f3bicos), mesas de pimp\u00f3n m\u00e1quinas Biosaludables, 162 metros lineales de cicloruta, reposici\u00f3n de losas de accesos peatonales, zonas azules para personas en condici\u00f3n de discapacidad, cancha de banquitas y \u00e1rea infantil en c\u00e9sped sint\u00e9tico, juegos de mesas, puntos de reciclaje, \u00e1reas decorativas y quiosco administrativo del parque.<\/p>\n<p>\u201cEsta obra se har\u00e1 teniendo en cuenta todos los integrantes de la familia incluyendo las mascotas, tambi\u00e9n los adultos mayores, un parque con espacios para todos\u201d, dijo Yonny Contreras, secretario de Infraestructura Municipal.<\/p>\n<p>La concesi\u00f3n de alumbrado p\u00fablico instalar\u00e1 la iluminaci\u00f3n LED en este parque que beneficiar\u00e1 a los cucute\u00f1os de este sector de la ciudad.<\/p>\n<p><strong>CENTROS DE DESARROLLO INFANTIL<\/strong><\/p>\n<p>El Departamento Administrativo de Bienestar Social, la Secretar\u00eda de Infraestructura, Comfaoriente y Bienestar Familiar entregaron los Centros de Desarrollo Infantil (CDI) \u2018Mentes Creativas\u2019 y \u2018Mundo M\u00e1gico\u2019, en los barrios Siglo XXI y Ciudad Rodeo.<\/p>\n<p>En los CDI se invirtieron $ 2350 millones, en cada uno. La dotaci\u00f3n consta de muebles de cocina, nevera, estufa industrial, comedores, cunas, cobijas, colchonetas, entre otros elementos. Beneficiar\u00e1n a m\u00e1s de 260 ni\u00f1os de 6 meses a 5 a\u00f1os, con atenci\u00f3n integral a la primera infancia en servicios sicosociales, nutricionales, pedag\u00f3gicos, de crecimiento y desarrollo.<\/p>\n<p>Las obras cuentan con \u00e1reas recreativas, zona de almacenamiento de alimentos y lavander\u00eda.<\/p>\n<p><strong>INAUGURADO PARQUE EN CLARET<\/strong><\/p>\n<p>Las obras de adecuaci\u00f3n y remodelaci\u00f3n del parque Claret de C\u00facuta, en la Ciudadela Juan Atalaya, fueron entregadas la comunidad por el gobernador William Villamizar. La administraci\u00f3n departamental invirti\u00f3 m\u00e1s de $ 1400 millones.<\/p>\n<p>\u201cEl nuevo escenario tiene un \u00e1rea intervenida de 4447 metros cuadrados. Se dot\u00f3 con cubierta para el coliseo, bordillo de confinamiento, luminarias tipo led, jardines en grama verde, \u00e1rea de pisos circulares en adoqu\u00edn y sillas tipo tubo en concreto, juegos infantiles, senderos peatonales para el disfrute de m\u00e1s de 3.500 familias\u201d, precis\u00f3 el mandatario regional. <\/p>\n","protected":false},"excerpt":{"rendered":"<p>C\u00daCUTA.- El alcalde C\u00e9sar Rojas entreg\u00f3 el moderno parque \u2018Jorge Eliecer Gait\u00e1n\u2019 y la adecuaci\u00f3n de la cancha en el barrio Alfonso L\u00f3pez. Las obras benefician a los habitantes de la Comuna 10 de la ciudad. La inversi\u00f3n alcanz\u00f3 los $ 520 millones, por medio de la Secretar\u00eda de Infraestructura. Los trabajos constan de: 1.- &hellip;<\/p>\n","protected":false},"author":1,"featured_media":32992,"comment_status":"open","ping_status":"open","sticky":false,"template":"","format":"standard","meta":{"footnotes":""},"categories":[2625,4],"tags":[226,4281,463,4282],"class_list":["post-32991","post","type-post","status-publish","format-standard","has-post-thumbnail","hentry","category-alcaldia-de-cucuta","category-barra","tag-alcaldia-de-cucuta","tag-barrio-alfonso-lopez","tag-centro-de-desarrollo-infantil","tag-paruqe-las-parabolicas"],"_links":{"self":[{"href":"https:\/\/contraluzcucuta.co\/index.php?rest_route=\/wp\/v2\/posts\/32991","targetHints":{"allow":["GET"]}}],"collection":[{"href":"https:\/\/contraluzcucuta.co\/index.php?rest_route=\/wp\/v2\/posts"}],"about":[{"href":"https:\/\/contraluzcucuta.co\/index.php?rest_route=\/wp\/v2\/types\/post"}],"author":[{"embeddable":true,"href":"https:\/\/contraluzcucuta.co\/index.php?rest_route=\/wp\/v2\/users\/1"}],"replies":[{"embeddable":true,"href":"https:\/\/contraluzcucuta.co\/index.php?rest_route=%2Fwp%2Fv2%2Fcomments&post=32991"}],"version-history":[{"count":3,"href":"https:\/\/contraluzcucuta.co\/index.php?rest_route=\/wp\/v2\/posts\/32991\/revisions"}],"predecessor-version":[{"id":32996,"href":"https:\/\/contraluzcucuta.co\/index.php?rest_route=\/wp\/v2\/posts\/32991\/revisions\/32996"}],"wp:featuredmedia":[{"embeddable":true,"href":"https:\/\/contraluzcucuta.co\/index.php?rest_route=\/wp\/v2\/media\/32992"}],"wp:attachment":[{"href":"https:\/\/contraluzcucuta.co\/index.php?rest_route=%2Fwp%2Fv2%2Fmedia&parent=32991"}],"wp:term":[{"taxonomy":"category","embeddable":true,"href":"https:\/\/contraluzcucuta.co\/index.php?rest_route=%2Fwp%2Fv2%2Fcategories&post=32991"},{"taxonomy":"post_tag","embeddable":true,"href":"https:\/\/contraluzcucuta.co\/index.php?rest_route=%2Fwp%2Fv2%2Ftags&post=32991"}],"curies":[{"name":"wp","href":"https:\/\/api.w.org\/{rel}","templated":true}]}}