{"id":32978,"date":"2018-08-11T19:57:00","date_gmt":"2018-08-12T00:57:00","guid":{"rendered":"http:\/\/contraluzcucuta.co\/?p=32978"},"modified":"2018-08-11T19:57:00","modified_gmt":"2018-08-12T00:57:00","slug":"cronica-los-guardianes-del-arbol","status":"publish","type":"post","link":"https:\/\/contraluzcucuta.co\/?p=32978","title":{"rendered":"CR\u00d3NICA. Los guardianes del \u00e1rbol"},"content":{"rendered":"<p style=\"padding-left: 60px;\"><span style=\"color: #ff6600;\"><strong>C\u00daCUTA.-<\/strong> El sonido de bombos, redoblantes y trompetas marcan el inicio a la marcha de paz, homenaje a los Lanceros que batallaron por la rep\u00fablica hasta triunfar y morir por la soberan\u00eda. La historia ocurri\u00f3 el 7 agosto de 1819, en el cruce del r\u00edo Teatinos.<\/span><\/p>\n<p>Sim\u00f3n, lleva un vaso de guarapo en la mano derecha y un meg\u00e1fono en la izquierda. El gran Bol\u00edvar engalana con su presencia el \u00e1rbol protegido por el ej\u00e9rcito de guardianes de esta \u00e9poca.<\/p>\n<p>El Libertador alz\u00f3 la voz de nuevo, porque un d\u00eda como hoy, pero hace 199 a\u00f1os, se sublev\u00f3 contra el yugo espa\u00f1ol. La batalla liderada en Boyac\u00e1 repercuti\u00f3 a lo largo de la historia como la campa\u00f1a de 78 d\u00edas. Comenz\u00f3 en suelo venezolano y se prolong\u00f3 hasta inmediaciones de Tunja, en donde consigui\u00f3 la deseada independencia del Virreinato de Espa\u00f1a<\/p>\n<p>Dos mil ochocientos cincuenta hombres y mujeres combatieron contra las tropas realistas del brigadier Jos\u00e9 Mar\u00eda Barreiro. Los m\u00e1s de 2300 infantes, 350 en caballer\u00eda y 20 artilleros, no soportaron el ataque que Bol\u00edvar lider\u00f3 junto a los generales Santander y Anzo\u00e1tegui.&nbsp;<\/p>\n<p>La jornada cultural y ambiental a cargo de varios colectivos art\u00edsticos de C\u00facuta se caracteriz\u00f3 por la integraci\u00f3n y la solidaridad, para la contribuci\u00f3n de la comunidad, el tejido hist\u00f3rico y la apropiaci\u00f3n y empoderamiento de nuevos espacios.<\/p>\n<p>M\u00fasica, baile, poes\u00eda, cuentear\u00eda, malabares, juegos tradicionales (trompo) y otros no tan tradicionales (f\u00fatbol romano), hicieron parte de las actividades que se desarrollaron a lo largo del d\u00eda. \u201cUna fecha especial, que ten\u00eda que estar cargada de emociones y sentimientos encontrados\u201d, dijo Rolxer Cer\u00f3n, promotor art\u00edstico y l\u00edder de la propuesta.<\/p>\n<p>Todo empez\u00f3 con el llamado del espacio. El \u00e1rbol, a lo lejos, gritaba, pero solo lo escuchaban los visitantes repletos de jeringas y excremento. Muchos j\u00f3venes de la regi\u00f3n se encuentran al borde del colapso, las oportunidades son nulas en algunos casos y las necesidades van en aumento.&nbsp;&nbsp;&nbsp;&nbsp;&nbsp;<\/p>\n<p>La situaci\u00f3n de la frontera es la principal raz\u00f3n para contrastar con arte las brechas sociales que se distinguen en cualquier rinc\u00f3n de la ciudad. Al principio, solo eran dos guardianes; hoy, despu\u00e9s de ocho jornadas de limpieza, son m\u00e1s de 50. Todos con disposici\u00f3n y aprecio por la pacha mam\u00e1 y como dicen los amigos de Di\u00e1stole, \u201crescatemos a mi tierra\u201d y ponerle pecho a lo importante, sembrando una semilla simb\u00f3lica en el pensamiento de los que participan.&nbsp;&nbsp;<\/p>\n<p>El arte genera vanguardia en C\u00facuta y el enfoque ecol\u00f3gico cada d\u00eda tiene m\u00e1s acogida en la cultura ciudadana. Las propuestas son apoyadas por el voluntariado y la espontaneidad de la creatividad individual y colectiva.&nbsp;&nbsp;&nbsp;<\/p>\n<p>Esta primera edici\u00f3n culmin\u00f3 con la mezcla de experiencias vividas a lo largo de ocho s\u00e1bados de trabajo arduo, cargada de retos y formaci\u00f3n ecol\u00f3gica. La idea queda vigente, se espera tener la segunda jornada de rescate de espacios y conseguir m\u00e1s guardianes que est\u00e9n dispuestos, como Bol\u00edvar y sus generales, a morir por el triunfo.<\/p>\n<p>Agradecimientos:<\/p>\n<p>A Taller de T\u00edteres de Colombia, Destro Arte, Eco Cultura, Corpomudarte, Di\u00e1stole, Neche, PK recreaci\u00f3n, Mafer Cotamo m\u00fasica y a los artistas que participaron.&nbsp;<\/p>\n<p><strong>RUBEN AGUDELO<\/strong><\/p>\n<p><strong><a href=\"mailto:cafuagudelo@gmail.com\">cafuagudelo@gmail.com<\/a><\/strong> <\/p>\n","protected":false},"excerpt":{"rendered":"<p>C\u00daCUTA.- El sonido de bombos, redoblantes y trompetas marcan el inicio a la marcha de paz, homenaje a los Lanceros que batallaron por la rep\u00fablica hasta triunfar y morir por la soberan\u00eda. La historia ocurri\u00f3 el 7 agosto de 1819, en el cruce del r\u00edo Teatinos. Sim\u00f3n, lleva un vaso de guarapo en la mano &hellip;<\/p>\n","protected":false},"author":1,"featured_media":32979,"comment_status":"open","ping_status":"open","sticky":false,"template":"","format":"standard","meta":{"footnotes":""},"categories":[74,4,347],"tags":[4272,4270,4273,4271,4276,4274,4275,4269],"class_list":["post-32978","post","type-post","status-publish","format-standard","has-post-thumbnail","hentry","category-aula-universitaria","category-barra","category-medio-ambiente","tag-corpomudarte","tag-destro-arte","tag-diastole","tag-eco-cultura","tag-mafer-cotamo-musica","tag-neche","tag-pk-recreacion","tag-taller-de-titeres-de-colombia"],"_links":{"self":[{"href":"https:\/\/contraluzcucuta.co\/index.php?rest_route=\/wp\/v2\/posts\/32978","targetHints":{"allow":["GET"]}}],"collection":[{"href":"https:\/\/contraluzcucuta.co\/index.php?rest_route=\/wp\/v2\/posts"}],"about":[{"href":"https:\/\/contraluzcucuta.co\/index.php?rest_route=\/wp\/v2\/types\/post"}],"author":[{"embeddable":true,"href":"https:\/\/contraluzcucuta.co\/index.php?rest_route=\/wp\/v2\/users\/1"}],"replies":[{"embeddable":true,"href":"https:\/\/contraluzcucuta.co\/index.php?rest_route=%2Fwp%2Fv2%2Fcomments&post=32978"}],"version-history":[{"count":1,"href":"https:\/\/contraluzcucuta.co\/index.php?rest_route=\/wp\/v2\/posts\/32978\/revisions"}],"predecessor-version":[{"id":32980,"href":"https:\/\/contraluzcucuta.co\/index.php?rest_route=\/wp\/v2\/posts\/32978\/revisions\/32980"}],"wp:featuredmedia":[{"embeddable":true,"href":"https:\/\/contraluzcucuta.co\/index.php?rest_route=\/wp\/v2\/media\/32979"}],"wp:attachment":[{"href":"https:\/\/contraluzcucuta.co\/index.php?rest_route=%2Fwp%2Fv2%2Fmedia&parent=32978"}],"wp:term":[{"taxonomy":"category","embeddable":true,"href":"https:\/\/contraluzcucuta.co\/index.php?rest_route=%2Fwp%2Fv2%2Fcategories&post=32978"},{"taxonomy":"post_tag","embeddable":true,"href":"https:\/\/contraluzcucuta.co\/index.php?rest_route=%2Fwp%2Fv2%2Ftags&post=32978"}],"curies":[{"name":"wp","href":"https:\/\/api.w.org\/{rel}","templated":true}]}}