{"id":32970,"date":"2018-08-11T16:32:22","date_gmt":"2018-08-11T21:32:22","guid":{"rendered":"http:\/\/contraluzcucuta.co\/?p=32970"},"modified":"2018-08-11T16:32:22","modified_gmt":"2018-08-11T21:32:22","slug":"visita-presidencial-haremos-de-el-catatumbo-una-region-que-respire-un-nuevo-aire-duque","status":"publish","type":"post","link":"https:\/\/contraluzcucuta.co\/?p=32970","title":{"rendered":"VISITA PRESIDENCIAL. Haremos de El Catatumbo una regi\u00f3n que respire un nuevo aire: Duque"},"content":{"rendered":"<p style=\"padding-left: 60px;\"><span style=\"color: #ff6600;\"><strong>TIB\u00da \u2013 Norte de Santander.-<\/strong> El presidente Iv\u00e1n Duque les cumpli\u00f3 a los nortesantandereanos la palabra empe\u00f1ada como candidato. En campa\u00f1a prometi\u00f3 que si triunfaba en las elecciones, en los primeros d\u00edas de mandato har\u00eda un consejo de seguridad en Tib\u00fa. Y as\u00ed fue, dej\u00f3 la capital de la rep\u00fablica y lleg\u00f3 a la zona de El Catatumbo para conocer de cerca la situaci\u00f3n y buscarle salidas positivas.<\/span><\/p>\n<p>El Catatumbo, a pesar de los m\u00faltiples anuncios para mejorar la vida de los habitantes, contin\u00faa en medio del conflicto armado. Los residentes son v\u00edctimas de ataques de guerrilleros y fuerzas desligadas del orden que pretenden hacerse con el negocio de las drogas. Los cultivos il\u00edcitos son apetecidos y cada organizaci\u00f3n delictiva impone su ley.<\/p>\n<p>\u201cLe hemos cumplido a la regi\u00f3n\u201d, dijo Duque, quien estuvo acompa\u00f1ado de la c\u00fapula de las fuerzas militares y de la Polic\u00eda, las autoridades civiles de Norte de Santander y Tib\u00fa, y algunos miembros del gabinete. \u201cPodemos decir con plena satisfacci\u00f3n que en los primeros 100 d\u00edas de Gobierno vamos a fortalecer la capacidad operacional, disuasiva y efectiva de la fuerza p\u00fablica\u201d.<\/p>\n<p>El objetivo es enfrentar las amenazas del crimen organizado que se ciernen sobre la poblaci\u00f3n. \u201cQueremos que El Catatumbo sea una regi\u00f3n que est\u00e9 libre de esos ataques inmisericordes que muchos grupos criminales han hecho por tanto tiempo\u201d.<\/p>\n<p>Duque dijo que entiende que La labor de la seguridad es multidimensional, por lo que le ha pedido al alto mando militar que avance en la campa\u00f1a de emprendedores comunitarios. A instancias de las estructuras y las capacidades de los miembros de los uniformados reunir a peque\u00f1os productores con compradores y adelantar esquemas de agricultura por contrato.<\/p>\n<p>Estos planes garantizar que los productos ser\u00e1n vendidos a precios estables que les permitir\u00e1n salir adelante con sus modalidades productivas.<\/p>\n<p>\u201cVamos a seguir fortaleciendo el di\u00e1logo social\u201d para impulsar:<\/p>\n<p>1.- Las iniciativas productivas<\/p>\n<p>2.- Los programas de sustituci\u00f3n<\/p>\n<p>3.- Acompa\u00f1amiento de la fuerza p\u00fablica.<\/p>\n<p>El presidente Duque se refiri\u00f3 a las expectativas entre la comunidad por la terminaci\u00f3n de obras de infraestructura. La conexi\u00f3n Tib\u00fa \u2013 La Gabarra, se culminar\u00e1 con apoyo de ingenieros militares. \u201cEspero que en estos cuatro a\u00f1os le podamos dar a la regi\u00f3n un proyecto anhelado, la conexi\u00f3n que de Tib\u00fa va hasta La Mata\u201d.<\/p>\n<p>El corredor permitir\u00e1 desarrollar la competitividad y abrir\u00e1 la posibilidad para la salida de los productos de la regi\u00f3n y la uni\u00f3n con el resto del pa\u00eds. El mandatario aclar\u00f3 que no vino con esp\u00edritu promesero, sino con el esp\u00edritu claro de identificar soluciones y ponerlas en marcha.<\/p>\n<p>\u201cMe complace haber comenzado con estas acciones para la regi\u00f3n de El Catatumbo. Estoy seguro de que con el trabajo mancomunado con la comunidad y con la fuerza p\u00fablica, en actividades productivas y de competitividad, haremos de El Catatumbo una regi\u00f3n que respire un nuevo aire, un aire de cambio y un aire de progreso\u201d. <\/p>\n","protected":false},"excerpt":{"rendered":"<p>TIB\u00da \u2013 Norte de Santander.- El presidente Iv\u00e1n Duque les cumpli\u00f3 a los nortesantandereanos la palabra empe\u00f1ada como candidato. En campa\u00f1a prometi\u00f3 que si triunfaba en las elecciones, en los primeros d\u00edas de mandato har\u00eda un consejo de seguridad en Tib\u00fa. Y as\u00ed fue, dej\u00f3 la capital de la rep\u00fablica y lleg\u00f3 a la zona &hellip;<\/p>\n","protected":false},"author":1,"featured_media":32971,"comment_status":"open","ping_status":"open","sticky":false,"template":"","format":"standard","meta":{"footnotes":""},"categories":[4,32],"tags":[246,3544,279,2048],"class_list":["post-32970","post","type-post","status-publish","format-standard","has-post-thumbnail","hentry","category-barra","category-recorrido-por-la-region","tag-el-catatumbo","tag-ivan-duque","tag-tibu","tag-visita-presidencial"],"_links":{"self":[{"href":"https:\/\/contraluzcucuta.co\/index.php?rest_route=\/wp\/v2\/posts\/32970","targetHints":{"allow":["GET"]}}],"collection":[{"href":"https:\/\/contraluzcucuta.co\/index.php?rest_route=\/wp\/v2\/posts"}],"about":[{"href":"https:\/\/contraluzcucuta.co\/index.php?rest_route=\/wp\/v2\/types\/post"}],"author":[{"embeddable":true,"href":"https:\/\/contraluzcucuta.co\/index.php?rest_route=\/wp\/v2\/users\/1"}],"replies":[{"embeddable":true,"href":"https:\/\/contraluzcucuta.co\/index.php?rest_route=%2Fwp%2Fv2%2Fcomments&post=32970"}],"version-history":[{"count":1,"href":"https:\/\/contraluzcucuta.co\/index.php?rest_route=\/wp\/v2\/posts\/32970\/revisions"}],"predecessor-version":[{"id":32972,"href":"https:\/\/contraluzcucuta.co\/index.php?rest_route=\/wp\/v2\/posts\/32970\/revisions\/32972"}],"wp:featuredmedia":[{"embeddable":true,"href":"https:\/\/contraluzcucuta.co\/index.php?rest_route=\/wp\/v2\/media\/32971"}],"wp:attachment":[{"href":"https:\/\/contraluzcucuta.co\/index.php?rest_route=%2Fwp%2Fv2%2Fmedia&parent=32970"}],"wp:term":[{"taxonomy":"category","embeddable":true,"href":"https:\/\/contraluzcucuta.co\/index.php?rest_route=%2Fwp%2Fv2%2Fcategories&post=32970"},{"taxonomy":"post_tag","embeddable":true,"href":"https:\/\/contraluzcucuta.co\/index.php?rest_route=%2Fwp%2Fv2%2Ftags&post=32970"}],"curies":[{"name":"wp","href":"https:\/\/api.w.org\/{rel}","templated":true}]}}