{"id":32964,"date":"2018-08-11T15:13:24","date_gmt":"2018-08-11T20:13:24","guid":{"rendered":"http:\/\/contraluzcucuta.co\/?p=32964"},"modified":"2018-08-11T15:13:24","modified_gmt":"2018-08-11T20:13:24","slug":"carta-ivan-duque-tiene-cuatro-anos-para-echarle-un-ojito-la-frontera","status":"publish","type":"post","link":"https:\/\/contraluzcucuta.co\/?p=32964","title":{"rendered":"CARTA A IV\u00c1N DUQUE. Tiene cuatro a\u00f1os para echarle un ojito a la frontera"},"content":{"rendered":"<p style=\"padding-left: 60px;\"><span style=\"color: #ff6600;\"><strong>C\u00daCUTA.-<\/strong> Hola, Presi, le escribo desde C\u00facuta, ciudad donde tembl\u00f3 horas antes de su posesi\u00f3n, aunque no creo que por miedo, sino para llamar su atenci\u00f3n acerca de esta zona que lleva buen tiempo emproblemada y nada que llegan soluciones desde el ahora su despacho. Estos inconvenientes tienen que ver con el paso masivo de venezolanos, que huyen del r\u00e9gimen impuesto por Nicol\u00e1s Maduro. Aunque tambi\u00e9n han regresado colombianos que otrora buscaron porvenir en el pa\u00eds vecino y que hasta ahora se acordaron de la primera nacionalidad.<\/span><\/p>\n<p>Iv\u00e1n, para que tenga un asomo al pensamiento de los cucute\u00f1os, le cuento que en la \u00faltima Encuesta de Percepci\u00f3n Ciudadana \u2018C\u00facuta c\u00f3mo vamos\u2019, solo el 28 por ciento de los habitantes de la capital de Norte de Santander cree que la ciudad va por buen camino. Imagino que son los seguidores del doctor Uribe lo que as\u00ed respondieron la encuesta.<\/p>\n<p>Las esperanzas de hombres y mujeres est\u00e1n cifradas en los 191.245 votos que usted y Martha Luc\u00eda Ram\u00edrez alcanzaron, en C\u00facuta, durante la segunda vuelta de los comicios presidenciales. Eso quiere decir que el 60,35 por ciento de los electores respald\u00f3 la f\u00f3rmula que comenz\u00f3 a gobernar, este 7 de agosto.<\/p>\n<p>Presi, en los restantes 39 municipios de Norte de Santander, incluido mi Arboledas del alma, tambi\u00e9n ganaron ustedes dos. En las urnas se depositaron 377.152 votos, para el&nbsp; 61 % del total. \u00a1Esa fue mucha barrida! \u00bfY sabe por qu\u00e9? Por miedo a convertirnos en la segunda Venezuela de Sudam\u00e9rica.<\/p>\n<p>El problema est\u00e1 en nuestra nariz y sabemos qu\u00e9 es ver a toda esa gente venida de Caracas, Barqusimeto, Maracaibo, Valencia y dem\u00e1s ciudades en busca de unos pesos para convertirlos en bol\u00edvares y salvar a la familia que se qued\u00f3 en casa. Las im\u00e1genes diarias que se nos presentan en las calles hicieron que azules, verdes, independientes, amarillos, verdes, anaranjados y del arco iris marcaran el tarjet\u00f3n con la foto de Duque y Ram\u00edrez.<\/p>\n<p>Cr\u00e9ame. Por aqu\u00ed hay profesionales, egresados de las mejores universidades venezolanas, en condici\u00f3n de mendicidad, otras ejercen la prostituci\u00f3n, algunos son limpia vidrios o ropavejeros, vendedores de dulces por una moneda, malos malabaristas, p\u00e9simos cantantes y hasta ladronzuelos. La situaci\u00f3n, Iv\u00e1n, est\u00e1 dura para esa poblaci\u00f3n.<\/p>\n<p>Este aspecto puede ser tocado en el tercero de los pilares de su mandato, el de la equidad. Nada es equitativo en la ciudad, ni siquiera la distribuci\u00f3n de la publicidad en los gobiernos departamental y municipal. Con decirle que de los 300 periodistas que pasan propuestas, a una buena parte la dejan sin participaci\u00f3n as\u00ed porque s\u00ed. Sus razones tendr\u00e1n.<\/p>\n<p>Otra muestra de inequidad social y econ\u00f3mica se ve en los cerros de C\u00facuta. All\u00ed la pobreza campea, mientras en sitios exclusivos se construyen viviendas lujosas con sueldos no muchos salarios m\u00ednimos. Aunque este asunto tambi\u00e9n podr\u00eda incluirse en el primero de los pilares, el de la legalidad.<\/p>\n<p>Presi, el cierre de la frontera ha impactado negativamente a la ciudad, seg\u00fan la opini\u00f3n del 65 por ciento de los encuestados por \u2018C\u00facuta c\u00f3mo va\u2019.&nbsp; &nbsp;Voy a dejarle este dato, tomado del documento citado. De 18 a 25 a\u00f1os, el 19 por ciento se considera pobre; de 26 a 35 a\u00f1os, el 25 %; de 36 a 45 a\u00f1os, el 28 %; de 46 a 55 a\u00f1os, 32 %, y m\u00e1s de 55 a\u00f1os, el 54 %. Haga cuentas y ver\u00e1 que no hay equidad.<\/p>\n<p>En el rengl\u00f3n de alimentaci\u00f3n preguntaron si \u201cen las \u00faltimas cuatro semanas \u00bfalg\u00fan miembro del hogar tuvo que comer menos de tres comidas diarias porque no hab\u00eda suficientes alimentos?\u201d. La encuesta se hizo entre el 30 de noviembre y el 27 de diciembre. El 16 por ciento respondi\u00f3 afirmativo y por edades, el 27 por ciento de los mayores de 55 a\u00f1os dijo que s\u00ed.<\/p>\n<p>Presi, los cucute\u00f1os creen que para que haya equidad debe prestarse mayor atenci\u00f3n, con participaci\u00f3n de gobierno central, por supuesto, a los siguientes renglones:<\/p>\n<p>1.- Empleo: 63%<\/p>\n<p>2.- Salud: 60 %<\/p>\n<p>3.- Educaci\u00f3n: 37 %<\/p>\n<p>4.- Seguridad ciudadana y convivencia: 32 %<\/p>\n<p>5.- Vivienda: 24 %<\/p>\n<p>6.- Pobreza y vulnerabilidad: 22 %<\/p>\n<p>7.- Medio ambiente: 11 %<\/p>\n<p>8.- Servicios p\u00fablicos: 11 %<\/p>\n<p>9.- Igualdad de oportunidades (o Equidad): 10 %<\/p>\n<p>10.- Movilidad y transporte: 8 %<\/p>\n<p>11.- Cultura y comportamiento ciudadano: 6 %<\/p>\n<p>12.- Espacio p\u00fablico: 6 %<\/p>\n<p>13.- Recreaci\u00f3n y deporte: 5 %<\/p>\n<p>14.- Gesti\u00f3n p\u00fablica (eficiencia y transparencia): 3 %<\/p>\n<p>15.- Cultura: 2 %<\/p>\n<p>Y del emprendimiento, Iv\u00e1n, ni qu\u00e9 hablar. Aqu\u00ed los emprendedores piensan en terminar la carrera profesional para abrir un almac\u00e9n, un restaurante, una cervecer\u00eda, una peluquer\u00eda en el garaje de la casa. Algunos corren con suerte y encuentran apoyo para desarrollar las ideas. Los dem\u00e1s buscan empleo en los sectores oficiales, a los que todav\u00eda no han llegado venezolanos a trabajar.<\/p>\n<p>Ah\u00ed le dejo Presidente estas inquietudes. &nbsp;Y saludos a do\u00f1a Mar\u00eda Juliana y los tres pelados. Un abrazo.<\/p>\n<p><strong>RAFAEL ANTONIO PAB\u00d3N<\/strong><\/p>\n<p><strong><a href=\"mailto:rafaelpabon58@hotmail.com\">rafaelpabon58@hotmail.com<\/a><\/strong><\/p>\n<p>&nbsp; <\/p>\n","protected":false},"excerpt":{"rendered":"<p>C\u00daCUTA.- Hola, Presi, le escribo desde C\u00facuta, ciudad donde tembl\u00f3 horas antes de su posesi\u00f3n, aunque no creo que por miedo, sino para llamar su atenci\u00f3n acerca de esta zona que lleva buen tiempo emproblemada y nada que llegan soluciones desde el ahora su despacho. Estos inconvenientes tienen que ver con el paso masivo de &hellip;<\/p>\n","protected":false},"author":1,"featured_media":32965,"comment_status":"open","ping_status":"open","sticky":false,"template":"","format":"standard","meta":{"footnotes":""},"categories":[45,4],"tags":[4168,4267,3544],"class_list":["post-32964","post","type-post","status-publish","format-standard","has-post-thumbnail","hentry","category-destacado","category-barra","tag-carta-a","tag-familia-presidencial","tag-ivan-duque"],"_links":{"self":[{"href":"https:\/\/contraluzcucuta.co\/index.php?rest_route=\/wp\/v2\/posts\/32964","targetHints":{"allow":["GET"]}}],"collection":[{"href":"https:\/\/contraluzcucuta.co\/index.php?rest_route=\/wp\/v2\/posts"}],"about":[{"href":"https:\/\/contraluzcucuta.co\/index.php?rest_route=\/wp\/v2\/types\/post"}],"author":[{"embeddable":true,"href":"https:\/\/contraluzcucuta.co\/index.php?rest_route=\/wp\/v2\/users\/1"}],"replies":[{"embeddable":true,"href":"https:\/\/contraluzcucuta.co\/index.php?rest_route=%2Fwp%2Fv2%2Fcomments&post=32964"}],"version-history":[{"count":1,"href":"https:\/\/contraluzcucuta.co\/index.php?rest_route=\/wp\/v2\/posts\/32964\/revisions"}],"predecessor-version":[{"id":32966,"href":"https:\/\/contraluzcucuta.co\/index.php?rest_route=\/wp\/v2\/posts\/32964\/revisions\/32966"}],"wp:featuredmedia":[{"embeddable":true,"href":"https:\/\/contraluzcucuta.co\/index.php?rest_route=\/wp\/v2\/media\/32965"}],"wp:attachment":[{"href":"https:\/\/contraluzcucuta.co\/index.php?rest_route=%2Fwp%2Fv2%2Fmedia&parent=32964"}],"wp:term":[{"taxonomy":"category","embeddable":true,"href":"https:\/\/contraluzcucuta.co\/index.php?rest_route=%2Fwp%2Fv2%2Fcategories&post=32964"},{"taxonomy":"post_tag","embeddable":true,"href":"https:\/\/contraluzcucuta.co\/index.php?rest_route=%2Fwp%2Fv2%2Ftags&post=32964"}],"curies":[{"name":"wp","href":"https:\/\/api.w.org\/{rel}","templated":true}]}}