{"id":32959,"date":"2018-08-05T19:22:26","date_gmt":"2018-08-06T00:22:26","guid":{"rendered":"http:\/\/contraluzcucuta.co\/?p=32959"},"modified":"2018-08-05T19:22:26","modified_gmt":"2018-08-06T00:22:26","slug":"mano-mano-con-javier-sandoval-mi-padre-veia-en-la-gimnasia-una-puerta-para-salir-adelante","status":"publish","type":"post","link":"https:\/\/contraluzcucuta.co\/?p=32959","title":{"rendered":"MANO A MANO CON JAVIER SANDOVAL. \u201cMi padre ve\u00eda en la gimnasia una puerta para salir adelante\u201d"},"content":{"rendered":"<p><strong>C\u00daCUTA.-<\/strong> Para Javier Sandoval, bumangu\u00e9s de nacimiento, llegar a C\u00facuta es lo mejor que le ha pasado en la vida. Al principio no fue f\u00e1cil, pero momentos como los de cumplir el sue\u00f1o de regalarle la casa a su mam\u00e1, es el fruto de tanto sacrificio.<\/p>\n<p>Es un hombre de bajo perfil, aunque en la gimnasia es ambicioso. Junto con Jossimar Calvo y los dem\u00e1s gimnastas nacionales hicieron una presentaci\u00f3n brillante en los &nbsp;Centroamericanos y del Caribe, disputados en Barranquilla.<\/p>\n<p><strong>\u00bfC\u00f3mo es la historia de Javier Sandoval en la gimnasia?<\/strong><\/p>\n<ul>\n<li><em>De peque\u00f1o practiqu\u00e9 muchos deportes. Mis pap\u00e1s quer\u00edan que me mantuviera ocupado, que ocupara mi tiempo libre en alg\u00fan deporte, en la m\u00fasica o el canto. Despu\u00e9s de probar en varias ligas me qued\u00e9 en gimnasia. Fue lo que m\u00e1s me llam\u00f3 la atenci\u00f3n a los 7 a\u00f1os. Empec\u00e9 en Bucaramanga (soy bumangu\u00e9s), pertenec\u00ed a la Liga de Santander. Ese es el inicio de mi carrera. <\/em><\/li>\n<\/ul>\n<p><strong>\u00bfQu\u00e9 le llam\u00f3 la atenci\u00f3n de la gimnasia?<\/strong><\/p>\n<ul>\n<li><em>Que es un deporte bueno y que se me facilitan muchas cosas, la adrenalina, el hecho de hacer con mi cuerpo lo que nadie m\u00e1s hace. La salud corporal que ten\u00eda, me gusta sentirme fuerte, \u00e1gil. Me gusta hacer movimientos complicados, ese momento de estar en el aire, cuando me suspendo por unos segundos en un aparato, me hace sentir bien y me llena. Todo eso me gust\u00f3 y me llam\u00f3 la atenci\u00f3n.<\/em><\/li>\n<\/ul>\n<p><strong>\u00bfQu\u00e9 recuerda de los primeros entrenamientos?<\/strong><\/p>\n<ul>\n<li><em>Fueron muy duros. La gimnasia es un deporte que necesita mucha disciplina. Hay que estar enfocado, concentrado dentro y fuera del entrenamiento. Nunca fue f\u00e1cil entrenar gimnasia, adem\u00e1s de que el deporte lo amerita. La situaci\u00f3n del deporte colombiano no es la mejor, especialmente si no eres nadie, cuando apenas comienzas y no has ganado ninguna medalla, cuando el patrocinador oficial es el pap\u00e1 y la mam\u00e1. Al principio fue dif\u00edcil, gracias a Dios mis reconocimientos nacionales e internacionales han mejorado la situaci\u00f3n. <\/em><\/li>\n<\/ul>\n<p><strong>\u00bfQu\u00e9 tanto lo afect\u00f3 la parte econ\u00f3mica?<\/strong><\/p>\n<ul>\n<li><em> Nac\u00ed en un barrio complicado, tanto en lo social como en lo econ\u00f3mico. Mi pap\u00e1 decidi\u00f3 que nos vini\u00e9ramos a C\u00facuta, por esa raz\u00f3n principalmente, quer\u00eda que mi hermana y yo fu\u00e9ramos gimnastas de la selecci\u00f3n Colombia. Quer\u00eda que tuvi\u00e9ramos un futuro diferente y ve\u00eda en la gimnasia una puerta para salir adelante. Quer\u00eda darnos mucho, pero con&nbsp; el trabajo que ten\u00eda, no pod\u00eda, era complicado. La casa que construy\u00f3 en Bucaramanga la vendi\u00f3, ese dinero se gast\u00f3 todo en gimnasia. Al principio nadie nos apoyaba, as\u00ed que muchas de las competencias los padres las pagaron. Tuvimos una crisis econ\u00f3mica fuerte, pero a pesar de eso, nunca permiti\u00f3 que nos acost\u00e1ramos sin comer o fu\u00e9ramos mal vestidos al gimnasio. Hoy, mi hermana y yo estamos bien, gracias a mi pap\u00e1 y a mi mam\u00e1. <\/em><\/li>\n<\/ul>\n<p><strong>\u00bfQu\u00e9 recuerda del primer entrenamiento cuando lleg\u00f3 a C\u00facuta?<\/strong><\/p>\n<ul>\n<li><em>Fueron diferentes los entrenamientos. La gente, al principio, no me gustaba, las costumbres, la cultura, todo era diferente. Mi entrenador Jairo Ruiz era estricto y no estaba acostumbrado a un r\u00e9gimen as\u00ed. En Bucaramanga las cargas de entrenamientos eran diferentes, aqu\u00ed no, aqu\u00ed se ven\u00eda a trabajar, seis o siete horas, ten\u00edas un descanso en el colegio, hab\u00eda que ir a entrenar, si pod\u00edas el s\u00e1bado ir a entrenar, ibas, el domingo era fijo el entrenamiento. Me dio duro, adem\u00e1s el golpe de irme de la ciudad, de conocer otras personas, fue dif\u00edcil para m\u00ed. Estoy agradecido con C\u00facuta, con todos los que me han hecho sentir un cucute\u00f1o m\u00e1s. Tengo a toda mi familia y mis amigos aqu\u00ed en C\u00facuta.<\/em><\/li>\n<\/ul>\n<p><strong>\u00bfC\u00f3mo fue ese primer entrenamiento a cargo del profesor Jairo Ruiz?<\/strong><\/p>\n<ul>\n<li><em>Fue inc\u00f3modo. Hubo rega\u00f1os, llamados de atenci\u00f3n. Sent\u00eda que nunca hab\u00eda hecho gimnasia en mi vida. Me rega\u00f1aban por todo, lloraba demasiado. Al principio fue duro, pero entiendo el porqu\u00e9 y el porqu\u00e9 de los resultados para llegar al nivel en el que estamos en estos momentos. Para estar en lo m\u00e1s alto y hacer parte de la elite de la gimnasia mundial hab\u00eda que trabajar y hacer sacrificios. A pesar de todo no me arrepiento de haber llegado a C\u00facuta. <\/em><\/li>\n<\/ul>\n<p><strong>\u00bfCu\u00e1ndo fue su primera competencia?<\/strong><\/p>\n<ul>\n<li><em>En el 2001, aqu\u00ed en C\u00facuta. En un campeonato nacional. <\/em><\/li>\n<\/ul>\n<p><strong>\u00bfCu\u00e1ndo gan\u00f3 la primera medalla nacional?<\/strong><\/p>\n<ul>\n<li><em>En el 2003, en un nacional en Bogot\u00e1. Norte qued\u00f3 primero. Ese d\u00eda un alumno del profe Jairo qued\u00f3 primero, yo qued\u00e9 segundo. As\u00ed fueron dos a\u00f1os consecutivos como subcampe\u00f3n (2003 y 2004)<\/em><\/li>\n<\/ul>\n<p><strong>\u00bfQu\u00e9 tanto maduraba en lo personal y deportivo cada vez que ganaba?<\/strong><\/p>\n<ul>\n<li><em>La maduraci\u00f3n estaba en crecimiento, tanto en el nivel gimn\u00e1stico, como en el profesional. Eso es un crecimiento continuo. Igual seguimos todos los d\u00edas en busca de ser los mejores. Me sent\u00eda bien, c\u00f3modo, porque escuchaba cosas buenas de mi trabajo. Siempre he sido disciplinad y entend\u00eda las correcciones de los profes y eso me permit\u00eda avanzar r\u00e1pido. En el 2005, llegu\u00e9 a competir por Norte al mando del profesor Jairo Ruiz y Denis Beltr\u00e1n. Fui campe\u00f3n nacional infantil, por encima de los cucute\u00f1os. Despu\u00e9s entr\u00e9 a competir con Jossimar y Jhonny Mu\u00f1oz. Siempre \u00e9ramos los tres en el podio, independiente del ganador.<\/em><\/li>\n<\/ul>\n<p><strong>\u00bfC\u00f3mo ha sido su participaci\u00f3n en los Centroamericanos y del Caribe?<\/strong><\/p>\n<ul>\n<li><em>He tenido la oportunidad de ir a dos. El primero, en Veracruz 2014. Ganamos medalla de bronce por equipos y no pas\u00e9 a ninguna final. En Barranquilla, obtuvimos oro por equipos, un logro para Colombia. Obtuve bronce en barras paralelas. <\/em><\/li>\n<\/ul>\n<p><strong>\u00bfCu\u00e1ndo fue su primer llamado a la Selecci\u00f3n Colombia?<\/strong><\/p>\n<ul>\n<li><em>En el 2006, cuando me llamaron a la infantil nacional. Viaj\u00e1bamos al Sudamericano en Ecuador. Recuerdo que estaba contento, mis compa\u00f1eros me admiraban, era como un \u00eddolo para ellos. Los profesores me felicitaban cuando llegaba con las medallas. Mientras estaba afuera me ayudaban para que no faltara con tareas. Aunque nunca fui mal estudiante, me ayudaban para que no me preocupara. Muy contento cuando me puse por primera vez la camiseta de la selecci\u00f3n de mi pa\u00eds.<\/em><\/li>\n<\/ul>\n<p><strong>\u00bfQu\u00e9 recuerda de su participaci\u00f3n en Sudamericanos?<\/strong><\/p>\n<ul>\n<li><em>Hace 4 a\u00f1os, en Chile, ganamos medalla de oro por equipos y pas\u00e9 a una final de barra y anillas. No gane ninguna medalla. En Cochabamba 2014 obtuve la medalla de plata por equipos, en lo individual mejor\u00e9 mucho. Compet\u00ed en tres aparatos, pas\u00e9 a tres finales y gan\u00e9 tres medallas, en arzones, paralela y barras. <\/em><\/li>\n<\/ul>\n<p><strong>\u00bfQu\u00e9 hace a la gimnasta un deporte diferente con respecto a las dem\u00e1s disciplinas?<\/strong><\/p>\n<ul>\n<li><em>La gimnasia es un deporte \u00fanico. No cualquier deportista puede hacer gimnasia. Desde peque\u00f1o la gimnasia desarrolla unas habilidades motrices y sicol\u00f3gicas extraordinarias. Siempre he dicho que un gimnasta puede practicar cualquier deporte. La otra diferencia es la disciplina. Hay que ser disciplinado dentro y fuera del gimnasio, si entrenas seis horas al d\u00eda tienes que descansar y comer bien, porque si no de nada sirve. En la gimnasia por medio de la repetici\u00f3n se busca la perfecci\u00f3n. <\/em><\/li>\n<\/ul>\n<p><strong>\u00bfQu\u00e9 recuerda de su participaci\u00f3n en una fase de Preol\u00edmpicos?<\/strong><\/p>\n<ul>\n<li><em>Es la experiencia m\u00e1s bonita que he tenido como gimnasta hasta el momento. Estar tan cerca de ir a los Ol\u00edmpicos de R\u00edo de Janeiro 2016, hice el puntaje y clasifiqu\u00e9, pero por reglamento solo va un gimnasta, debido a que en el mundial anterior no pudimos clasificar como equipo, entonces solo tiene derecho un gimnasta para ir a los Juegos. Jossimar y yo hicimos el puntaje necesario, pero el reglamento solo permit\u00eda uno y fue Jossimar. <\/em><\/li>\n<\/ul>\n<p><strong>\u00bfC\u00f3mo es su relaci\u00f3n con Jossimar?<\/strong><\/p>\n<ul>\n<li><em>Lo conozco desde hace 15 a\u00f1os. Desde peque\u00f1os hemos tenido buena relaci\u00f3n, nunca hemos tenido inconvenientes, ni en el gimnasio, ni fuera. Cuando viaj\u00e1bamos a las competencias \u00e9ramos c\u00f3mplices de muchas travesuras. Ahora que somos grandes y con una mentalidad diferente, seguimos siendo hermanos. Hemos estado juntos en las buenas y en las malas. En los \u00faltimos a\u00f1os he tenido la oportunidad de viajar m\u00e1s con \u00e9l y hemos crecido en la gimnasia, aprendo cada d\u00eda de \u00e9l porque lo admiro. Es una calidad como persona y como gimnasta. <\/em><\/li>\n<\/ul>\n<p><strong>\u00bfQu\u00e9 tan importante es Jairo Ruiz en su vida como gimnasta y en lo personal?<\/strong><\/p>\n<ul>\n<li><em>En la parte deportiva le debo gran parte de mis logros. Todo lo que he logrado en la parte t\u00e9cnica es gracias al profesor Jairo. Los asistentes me han ayudado a crecer, porque son los que est\u00e1n al lado del profe. Les agradezco a Denis Beltr\u00e1n y a los asistentes, porque siempre est\u00e1n para ayudarme. El profe Jairo ha sido como un padre en la gimnasia. Me considero un hijo adoptivo, dentro y fuera me ha respaldado. Muchas veces se preocupa m\u00e1s por nosotros que por su familia y admiro la labor que hace. Nunca hab\u00eda conocido a una persona tan apasionada, obsesiva y disciplinada como el profe Ruiz. <\/em><\/li>\n<\/ul>\n<p><strong>\u00bfCu\u00e1l es el momento m\u00e1s feliz que le ha regalado la gimnasia?<\/strong><\/p>\n<ul>\n<li><em>Uno de los m\u00e1s bonitos fue el d\u00eda que le entregu\u00e9 las llaves de la casa a mi mam\u00e1. Hab\u00edamos durado mucho tiempo sin vivienda propia, siempre pag\u00e1bamos arriendo, mi pap\u00e1 hab\u00eda vendido la casa por la gimnasia y durante cierto tiempo viv\u00edamos en condiciones no tan bonitas. Ha sido la mejor sensaci\u00f3n. Gracias a Dios pude cumplir ese sue\u00f1o.<\/em><\/li>\n<\/ul>\n<p><strong>\u00bfC\u00f3mo eval\u00faa el desempe\u00f1o del grupo en los Centroamericanos en Barranquilla?<\/strong><\/p>\n<ul>\n<li><em>Este ha sido el mejor equipo que he integrado. La conexi\u00f3n es \u00fanica, todos somos j\u00f3venes y talentosos. Los cinco gimnastas que competimos hicimos una gran presentaci\u00f3n. Me siento orgulloso de mis compa\u00f1eros por el trabajo y la entrega. M\u00e1s que el talento y las condiciones que puede tener cada uno, tenemos entrega, pasi\u00f3n, disciplina, porque cuando haces algo mal, no eres juicioso, no solo te perjudicas en las competencias, sino al equipo. Doy fe de que mis compa\u00f1eros se entregaron&nbsp; y que ha sido la mejor competencia por equipos que hemos tenido.<\/em><\/li>\n<\/ul>\n<p><strong>\u00bfQu\u00e9 tanto afect\u00f3 al grupo la partida inesperada de Nohora Moreno, madre de Jossimar?<\/strong><\/p>\n<ul>\n<li><em> S\u00e9 que no solo fue a Jossimar, sino a todos, porque do\u00f1a Nohora fue como una madre que me regal\u00f3 la gimnasia. La quer\u00edamos mucho, era una mujer hermosa, maravillosa, siempre estaba pendiente de nosotros. Para Jossimar fue un golpe devastador, su coraz\u00f3n se entristeci\u00f3. Lo admiro y lo respeto mucho por tener la valent\u00eda y la gallard\u00eda de pararse y, a pesar del dolor, competir. <\/em><\/li>\n<\/ul>\n<p><strong>\u00bfLes doli\u00f3 ver c\u00f3mo afect\u00f3 al profesor Jairo Ruiz?<\/strong><\/p>\n<ul>\n<li><em>El profesor Jairo tiene un coraz\u00f3n blando. Tambi\u00e9n siente y se emociona f\u00e1cilmente. Es estricto en los entrenamientos, es duro porque lo tiene que ser, para que nadie quiera pasar por encima, para que los gimnastas lo veamos con respeto y autoridad, y as\u00ed funcionemos. Esa es la manera como trabaja. Pero tiene un gran coraz\u00f3n, tambi\u00e9n lo ve\u00edamos devastado, triste por lo que pas\u00f3, sobre todo por ver a su alumno (Jossimar) as\u00ed. S\u00e9 que el profe se siente triste todav\u00eda. <\/em><\/li>\n<\/ul>\n<p><strong>\u00bfTiene alg\u00fan amuleto o c\u00e1bala antes de salir a competir?<\/strong><\/p>\n<ul>\n<li><em>Tengo la costumbre antes y despu\u00e9s de cada competencia de encomendarme a Dios. Oro antes de subirme a un aparato, dejo todo en las manos de Dios y despu\u00e9s de terminar, independiente del resultado, dejo la gloria a \u00c9l. No tengo otra costumbre, amuleto o c\u00e1bala.<\/em><\/li>\n<\/ul>\n<p><strong>\u00bfC\u00f3mo se sinti\u00f3 al competir como local en Barranquilla?<\/strong><\/p>\n<ul>\n<li><em>La experiencia fue grandiosa. Sent\u00eda el calor de la gente. El apoyo fue importante, nunca dejaban de gritar, de enviarnos energ\u00eda por medio de las redes sociales, se sab\u00edan nuestros nombres y nos animaban con nombre propio. Escuchar el \u201cVamos Javier, vamos Jossimar, Vamos Carlos\u201d, nos hac\u00eda ver que estaban pendientes de nosotros. Demostramos que no solo es f\u00fatbol, &nbsp;sino que hay otros deportes que le dan alegr\u00eda al pa\u00eds. <\/em><\/li>\n<\/ul>\n<p><strong>\u00bfC\u00f3mo toma la fama?<\/strong><\/p>\n<ul>\n<li><em>No me ha gustado. He manejado un bajo perfil. Cuando celebro, me gusta hacerlo con los m\u00edos, en casa, en familia. Siempre que llego de una competencia, me conformo con estar con ellos, compartir un almuerzo, salir a un pueblo. Las c\u00e1maras, la radio y esas cosas nunca me han llamado la atenci\u00f3n. Agradezco a quien me entrevista, me pide un aut\u00f3grafo o una foto, eso significa que les interesa mi trabajo.<\/em><\/li>\n<\/ul>\n<p><strong>\u00bfC\u00f3mo podemos describir a Javier Sandoval?<\/strong><\/p>\n<ul>\n<li><em>Soy sencillo, callado, disciplinado, ambicioso.<\/em><\/li>\n<\/ul>\n<p>&nbsp;<\/p>\n<p><strong>JORDY ORLANDO CRUZ<\/strong> <\/p>\n","protected":false},"excerpt":{"rendered":"<p>C\u00daCUTA.- Para Javier Sandoval, bumangu\u00e9s de nacimiento, llegar a C\u00facuta es lo mejor que le ha pasado en la vida. Al principio no fue f\u00e1cil, pero momentos como los de cumplir el sue\u00f1o de regalarle la casa a su mam\u00e1, es el fruto de tanto sacrificio. Es un hombre de bajo perfil, aunque en la &hellip;<\/p>\n","protected":false},"author":1,"featured_media":32960,"comment_status":"open","ping_status":"open","sticky":false,"template":"","format":"standard","meta":{"footnotes":""},"categories":[4,28],"tags":[3920,4266,639],"class_list":["post-32959","post","type-post","status-publish","format-standard","has-post-thumbnail","hentry","category-barra","category-vistazo-deportivo","tag-gimnastas-cucutenos","tag-javier-sandoval","tag-jossimar-calvo"],"_links":{"self":[{"href":"https:\/\/contraluzcucuta.co\/index.php?rest_route=\/wp\/v2\/posts\/32959","targetHints":{"allow":["GET"]}}],"collection":[{"href":"https:\/\/contraluzcucuta.co\/index.php?rest_route=\/wp\/v2\/posts"}],"about":[{"href":"https:\/\/contraluzcucuta.co\/index.php?rest_route=\/wp\/v2\/types\/post"}],"author":[{"embeddable":true,"href":"https:\/\/contraluzcucuta.co\/index.php?rest_route=\/wp\/v2\/users\/1"}],"replies":[{"embeddable":true,"href":"https:\/\/contraluzcucuta.co\/index.php?rest_route=%2Fwp%2Fv2%2Fcomments&post=32959"}],"version-history":[{"count":1,"href":"https:\/\/contraluzcucuta.co\/index.php?rest_route=\/wp\/v2\/posts\/32959\/revisions"}],"predecessor-version":[{"id":32961,"href":"https:\/\/contraluzcucuta.co\/index.php?rest_route=\/wp\/v2\/posts\/32959\/revisions\/32961"}],"wp:featuredmedia":[{"embeddable":true,"href":"https:\/\/contraluzcucuta.co\/index.php?rest_route=\/wp\/v2\/media\/32960"}],"wp:attachment":[{"href":"https:\/\/contraluzcucuta.co\/index.php?rest_route=%2Fwp%2Fv2%2Fmedia&parent=32959"}],"wp:term":[{"taxonomy":"category","embeddable":true,"href":"https:\/\/contraluzcucuta.co\/index.php?rest_route=%2Fwp%2Fv2%2Fcategories&post=32959"},{"taxonomy":"post_tag","embeddable":true,"href":"https:\/\/contraluzcucuta.co\/index.php?rest_route=%2Fwp%2Fv2%2Ftags&post=32959"}],"curies":[{"name":"wp","href":"https:\/\/api.w.org\/{rel}","templated":true}]}}