{"id":32947,"date":"2018-08-05T15:47:54","date_gmt":"2018-08-05T20:47:54","guid":{"rendered":"http:\/\/contraluzcucuta.co\/?p=32947"},"modified":"2018-08-05T15:47:54","modified_gmt":"2018-08-05T20:47:54","slug":"notas-al-margen-importancia-y-trascendencia-del-actual-momento-historico","status":"publish","type":"post","link":"https:\/\/contraluzcucuta.co\/?p=32947","title":{"rendered":"NOTAS AL MARGEN: Importancia y trascendencia del actual momento hist\u00f3rico"},"content":{"rendered":"<p style=\"padding-left: 60px;\"><span style=\"color: #ff6600;\">1.- Es tan importante y trascendente el actual momento hist\u00f3rico, socioecon\u00f3mico y pol\u00edtico, que viven Colombia, Venezuela y la frontera com\u00fan entre las dos naciones, que si no se analiza y proyecta lo que acontece de manera reflexiva, inteligente y con visi\u00f3n y proyecci\u00f3n futurista, mediante actitudes serenas, sinceras&nbsp; y con amplia valoraci\u00f3n de realidades, los principios, las nociones y los logros de confraternidad y aprovechamiento conjunto y compartido, as\u00ed como de ventajas&nbsp; y circunstancias naturales de gran significado y alcance, pueden penetrar en un proceso de lamentables desviaciones y deterioros, porque infortunadamente la desuni\u00f3n&nbsp; y el mayor registro de indiferencia, desidia, apat\u00eda y desd\u00e9n por lo principal y valedero habr\u00edan dado paso &nbsp;en los estratos p\u00fablicos y privados a la irrupci\u00f3n del vandalismo politiquero y al olvido de las acciones y actos que consoliden y&nbsp; fortalezcan las gestiones fraternas y trasformadoras de un desarrollo humanitario y de un verdadero y aut\u00e9ntico&nbsp; convivir enaltecedor y progresista.<\/span><\/p>\n<p>Lo advertimos, sin temores, porque si no se habla claro y se disipan los entuertos que amenazan la tranquilidad ciudadana y el porvenir de millones de hombres y mujeres que aspiran a una vida tranquila y a un mejor vivir productivo, dentro de una concepci\u00f3n democr\u00e1tica y para todo el conjunto humano, ubicado en nuestros confines y&nbsp; l\u00edmites, de manera libre, inteligente y responsable, lo que pueda suceder, despu\u00e9s de este&nbsp; 7 de agosto en Colombia&nbsp; y Venezuela, como en toda la frontera, angustiada e inmensamente marginal y abandonada, puede ser ca\u00f3tica y desesperante, porque las pugnas negativas y partidaristas de la opini\u00f3n y las debilidades gubernamentales menoscabar\u00e1n considerablemente la estructura de los Estados, dando paso al desorden y al caos.<\/p>\n<p>2.- S\u00ed, el gran futuro de Colombia, Venezuela y en&nbsp; especial de la frontera, entra en tiempo de examen, reflexi\u00f3n y toma de conciencia, porque son muchas y prioritarias las determinaciones que se deben asumir, ante el panorama y la realidad de Venezuela, como&nbsp; desesperante, el de Colombia, de enormes expectativas y el de quienes&nbsp; habitan y viven tensos ante la llegada de 3 a\u00f1os de ins\u00f3lita incomunicaci\u00f3n de miles de familias y negocios, as\u00ed como de la m\u00e1s oprobiosa situaci\u00f3n en los cientos de miles que han&nbsp; tenido que huir, por la incapacidad de hallar lo necesario.<\/p>\n<p>3.- Colombianos, venezolanos y todos los habitantes fronterizos, esperamos que el nuevo presidente de Colombia, Iv\u00e1n Duque, el comprometido exponente de la responsabilidad de Venezuela y las fuerzas vivas y responsables que integran y definen a las regiones y zonas de frontera de los dos Estados, asuman una posici\u00f3n y actitud dignas de ejemplo y seguimiento para que la paz, el entendimiento noble, la uni\u00f3n y la convicci\u00f3n que nazca de unas ejecutorias que vayan al meollo de los problemas y a la soluci\u00f3n eficaz de los problemas, con argumentaciones ciertas, eficaces y progresistas.<\/p>\n<p>\u00bfLos presidentes Duque y Nicol\u00e1s Maduro con sus respectivos equipos de gobierno y representatividad, se constituir\u00e1n, con los dirigentes fronterizos, en adalides de un mejor futuro y de un cambio y trasformaci\u00f3n que dinamicen y proyecten a esta parte de Am\u00e9rica, ante el concierto de naciones en lo internacional y para alegr\u00eda y satisfacci\u00f3n de todos?<\/p>\n<p>Empiezan a contarse segundos, minutos, horas y d\u00edas. Quiera Dios que el proceso de cambio y trasformaci\u00f3n que se requiere y anhela, tambi\u00e9n produzca un ejemplo ante el mundo, por la verdad y la importancia, dada la magnitud del desastre y angustias, si el cambio que se necesita y espera no se produce, se diluye o hay actuaciones ilegales,&nbsp; irresponsables, impropias&nbsp; o negativas.<\/p>\n<p><strong>JOS\u00c9&nbsp; NEIRA REY<\/strong><\/p>\n<p>jneirarey@hotmail.com <\/p>\n","protected":false},"excerpt":{"rendered":"<p>1.- Es tan importante y trascendente el actual momento hist\u00f3rico, socioecon\u00f3mico y pol\u00edtico, que viven Colombia, Venezuela y la frontera com\u00fan entre las dos naciones, que si no se analiza y proyecta lo que acontece de manera reflexiva, inteligente y con visi\u00f3n y proyecci\u00f3n futurista, mediante actitudes serenas, sinceras&nbsp; y con amplia valoraci\u00f3n de realidades, &hellip;<\/p>\n","protected":false},"author":1,"featured_media":32948,"comment_status":"open","ping_status":"open","sticky":false,"template":"","format":"standard","meta":{"footnotes":""},"categories":[14,4],"tags":[578,3544,382,4263,956],"class_list":["post-32947","post","type-post","status-publish","format-standard","has-post-thumbnail","hentry","category-articulistas","category-barra","tag-frontera-colombo-venezolana","tag-ivan-duque","tag-jose-neira","tag-maria-corina-machado","tag-notas-al-margen"],"_links":{"self":[{"href":"https:\/\/contraluzcucuta.co\/index.php?rest_route=\/wp\/v2\/posts\/32947","targetHints":{"allow":["GET"]}}],"collection":[{"href":"https:\/\/contraluzcucuta.co\/index.php?rest_route=\/wp\/v2\/posts"}],"about":[{"href":"https:\/\/contraluzcucuta.co\/index.php?rest_route=\/wp\/v2\/types\/post"}],"author":[{"embeddable":true,"href":"https:\/\/contraluzcucuta.co\/index.php?rest_route=\/wp\/v2\/users\/1"}],"replies":[{"embeddable":true,"href":"https:\/\/contraluzcucuta.co\/index.php?rest_route=%2Fwp%2Fv2%2Fcomments&post=32947"}],"version-history":[{"count":1,"href":"https:\/\/contraluzcucuta.co\/index.php?rest_route=\/wp\/v2\/posts\/32947\/revisions"}],"predecessor-version":[{"id":32949,"href":"https:\/\/contraluzcucuta.co\/index.php?rest_route=\/wp\/v2\/posts\/32947\/revisions\/32949"}],"wp:featuredmedia":[{"embeddable":true,"href":"https:\/\/contraluzcucuta.co\/index.php?rest_route=\/wp\/v2\/media\/32948"}],"wp:attachment":[{"href":"https:\/\/contraluzcucuta.co\/index.php?rest_route=%2Fwp%2Fv2%2Fmedia&parent=32947"}],"wp:term":[{"taxonomy":"category","embeddable":true,"href":"https:\/\/contraluzcucuta.co\/index.php?rest_route=%2Fwp%2Fv2%2Fcategories&post=32947"},{"taxonomy":"post_tag","embeddable":true,"href":"https:\/\/contraluzcucuta.co\/index.php?rest_route=%2Fwp%2Fv2%2Ftags&post=32947"}],"curies":[{"name":"wp","href":"https:\/\/api.w.org\/{rel}","templated":true}]}}