{"id":32944,"date":"2018-08-02T22:31:25","date_gmt":"2018-08-03T03:31:25","guid":{"rendered":"http:\/\/contraluzcucuta.co\/?p=32944"},"modified":"2018-08-02T22:31:25","modified_gmt":"2018-08-03T03:31:25","slug":"sindicato-de-musicos-el-futuro-esta-en-manos-de-la-asamblea-y-el-concejo","status":"publish","type":"post","link":"https:\/\/contraluzcucuta.co\/?p=32944","title":{"rendered":"SINDICATO DE M\u00daSICOS. El futuro est\u00e1 en manos de la Asamblea \u00a0y el Concejo"},"content":{"rendered":"<p style=\"padding-left: 60px;\"><span style=\"color: #ff6600;\"><strong>C\u00daCUTA.-<\/strong> Diez a\u00f1os al frente del Sindicato Departamental de M\u00fasicos pareciera que es mucho tiempo. Sin embargo, al hacer el balance de lo propuesto, lo alcanzado y lo ejecutado se concluye que el trabajo es duro y exigente. La primera tarea es cambiar la imagen de los miembros de la organizaci\u00f3n y borrar, despacio, el estigma que reza que m\u00fasica es sin\u00f3nimo de trago. Despu\u00e9s, el deshoje de los proyectos que beneficien a los afiliados. Y por \u00faltimo, obtener el reconocimiento oficial para cumplir a cabalidad los sue\u00f1os propuestos una d\u00e9cada atr\u00e1s.<\/span><\/p>\n<p>Evaristo Laguado emprendi\u00f3 en el 2008 este largo recorrido y lo ha transitado con la calma que deben tener los l\u00edderes. A pesar de esa tranquilidad, s\u00ed hay af\u00e1n por conseguir las metas y demostrar que la persistencia alcanza frutos. Y para llegar hasta donde se lo ha propuesto se ha rodeado de gente capaz, sabia y buena.<\/p>\n<p>En 1979, comienza la historia. Los Laguado viv\u00edan&nbsp; en Lebrija (Santander) y por prescripci\u00f3n m\u00e9dica deb\u00edan buscar un clima especial para el padre. C\u00facuta apareci\u00f3 como ciudad especial para trastearse y procurar el bien del Viejo.<\/p>\n<p>\u201cMe matricularon en el Instituto de Cultura y Bellas Artes y 10 a\u00f1os m\u00e1s tarde fui profesor de coros\u201d. Evaristo ten\u00eda dos meses como aprendiz de guitarra y de repente lo llamaron para hacer parte de la orquesta Los 10 del Pentagrama. \u201cSin saber de m\u00fasica, ni de nada\u201d. Ah\u00ed estuvo hasta 1981.<\/p>\n<p>Un a\u00f1o despu\u00e9s, pas\u00f3 a tocar con los Zenit de Colombia, dur\u00f3 un a\u00f1o. El aprendizaje y la experiencia lo llevaron a formar la orquesta C\u00e1tedra Siete. \u201cMe convert\u00ed en arreglista, era director\u201d. En 1990, cambi\u00f3 la situaci\u00f3n de los clubes sociales cucute\u00f1os. Las fastuosas fiestas en fechas especiales se acabaron. El trabajo aminor\u00f3 y los m\u00fasicos debieron reinventarse.<\/p>\n<p>\u201cEn 1993, formamos el grupo de teclados con mi hermano Jairo, Los Laguado. Hasta este a\u00f1o hemos trabajado en C\u00facuta y sus alrededores\u201d. Las ganas de superaci\u00f3n llevaron a Evaristo a pensar en avanzar y \u201ceste a\u00f1o fund\u00e9 la Gran Banda Latina. Se estrenar\u00e1 en Lourdes, el 20 de agosto\u201d.<\/p>\n<p>Este ejecutante de piano y profesor a domicilio, maneja todos los g\u00e9neros. La m\u00fasica cl\u00e1sica, la popular, la ranchera, la carranga y el reguet\u00f3n aparecen en el repertorio. \u201cMi duro es el teclado\u201d. Es dif\u00edcil decir con cu\u00e1l ritmo se divierte m\u00e1s a la hora de tocar. Lo bueno es que los asistentes a los bailes disfruten del momento y pidan la canci\u00f3n que sea, porque se les tiene.<\/p>\n<p>En el momento cuentan con 493 m\u00fasicos afiliados al sindicato y por los que tiene que velar Evaristo Laguado como presidente. La proyecci\u00f3n es que en pocos a\u00f1os 4000 m\u00fasicos pertenezcan a la organizaci\u00f3n, en C\u00facuta, y que en el resto de Norte de Santander sumen 10.000.<\/p>\n<p>Para ejecutar esos objetivos la fe est\u00e1 puesta en que el Concejo haga cumplir el Acuerdo que exige que las orquestas locales sean teloneras de las agrupaciones extranjeras y for\u00e1neas que se presenten en bailes p\u00fablicos o privados en la ciudad. \u201cEl Acuerdo es del 22 de diciembre de 2010 y no se cumple\u201d. Tambi\u00e9n, que la Asamblea reglamente la ordenanza que les permitir\u00e1 percibir el 3 por ciento de los contratos firmados con artistas ajenos a la regi\u00f3n. \u201cLa Ordenanza es del 27 de diciembre de 1993\u201d.<\/p>\n<p>Por si aparece alguna duda acerca de la existencia de artistas que puedan cumplir con la apertura de los conciertos, en C\u00facuta hay 118 orquestas de calidad. La Saxo Band, Junior Castrell\u00f3n, Cohombro, Impacto Corralero y la Gran Banda Latina hacen parte del listado.<\/p>\n<p>En el municipio han hablado con el presidente del Concejo, Jorge Marthey y en el departamento con el gobernador William Villamizar para que ayude a reglamentar la Ordenanza. \u201cLos beneficios son para el sindicato y los m\u00fasicos\u201d.<\/p>\n<p>Sin adelantarse a los hechos, los directivos han pensado en medio centenar de proyectos para sacar adelante con lo recaudado por la aplicaci\u00f3n de las dos disposiciones que han permanecido dormidas en las gavetas oficiales.<\/p>\n<p>Entre esos anhelos est\u00e1 la creaci\u00f3n de la Banda Instrumental Departamental y la Filarm\u00f3nica, y la presentaci\u00f3n de festivales y de instrumentistas. \u201cAspiramos a empezar los martes, en C\u00facuta. Si vemos que todo sigue bien en la parte econ\u00f3mica ampliar\u00edamos a otros d\u00edas y en diferentes sitios\u201d.<\/p>\n<p>Despu\u00e9s de arreglar la casa por dentro, saldr\u00e1n a los 39 municipios restantes para acomodar los comit\u00e9s y procurar que los m\u00fasicos locales reciban beneficios. Otra idea, es firmar convenios con las alcald\u00edas para trabajar con los artistas.<\/p>\n<p>Evaristo Laguado en este tiempo ha aprendido del refranero que \u2018no hay cu\u00f1a que m\u00e1s apriete que la del mismo palo\u2019. Lo dice porque, en ocasiones, los m\u00fasicos veteranos se encargan de regar informaci\u00f3n falsa en torno a la organizaci\u00f3n y al trabajo. \u201cNo deber\u00eda ser\u201d.<\/p>\n<p>El sindicato fue fundado en 1945, y en esos 73 a\u00f1os no ha funcionado como tal. Tuvo fuerza en los a\u00f1os de la existencia del Instituto de Bellas Artes y la mayor\u00eda de los socios pertenec\u00eda a la Banda Departamental. Les descontaban en la n\u00f3mina los aportes que deb\u00edan hacer a la organizaci\u00f3n. \u201cNunca miraron m\u00e1s all\u00e1 de la nariz\u201d.<\/p>\n<p>La apreciaci\u00f3n severa la hace el hoy presidente, porque si en el momento de cerrarse el Instituto hubieran protestado, habr\u00edan evitado que les quitaran el edificio de la calle 5 entre avenidas 3 y 2. Ahora, con el retrovisor en la mano, Laguado dijo que en este momento hay proyectos para reivindicar a los afiliados y desarrollarlos los llevar\u00e1 a crear la escuela de m\u00fasica propia.<\/p>\n<p>Otra cu\u00f1a que les causa dolores son los m\u00fasicos llegados de Venezuela, a ra\u00edz de la crisis social y econ\u00f3mica que afrontan en su pa\u00eds. Hombres y mujeres se apostan en esquinas, parques, cruces vehiculares, transporte p\u00fablico y restaurantes para tocar en procura de una moneda. Es la mendicidad a ritmo de gaita, porros, cumbias y mapal\u00e9.<\/p>\n<p>\u201cHemos ido a Migraci\u00f3n para buscar soluci\u00f3n a ese inconveniente. No podemos hacer nada para retirarlos, porque le compete a Migraci\u00f3n\u201d. Al venezolano, para seguir en las calles, le basta con presentar el Permiso Especial de Permanencia. En cumplimiento de lo ordenado por el Gobierno, el sindicato abre las puertas y el que lo desee puede afiliarse. Para ser aceptado debe cumplir unos requisitos.<\/p>\n<p>RAFAEL ANTONIO PAB\u00d3N<\/p>\n<p>rafaelpabon58@hotmail.com <\/p>\n","protected":false},"excerpt":{"rendered":"<p>C\u00daCUTA.- Diez a\u00f1os al frente del Sindicato Departamental de M\u00fasicos pareciera que es mucho tiempo. Sin embargo, al hacer el balance de lo propuesto, lo alcanzado y lo ejecutado se concluye que el trabajo es duro y exigente. La primera tarea es cambiar la imagen de los miembros de la organizaci\u00f3n y borrar, despacio, el &hellip;<\/p>\n","protected":false},"author":1,"featured_media":32945,"comment_status":"open","ping_status":"open","sticky":false,"template":"","format":"standard","meta":{"footnotes":""},"categories":[4,36],"tags":[4261,4260,4262],"class_list":["post-32944","post","type-post","status-publish","format-standard","has-post-thumbnail","hentry","category-barra","category-la-voz-del-pueblo","tag-evaristo-laguado","tag-musicos-cucutenos","tag-sindicato-de-musicos"],"_links":{"self":[{"href":"https:\/\/contraluzcucuta.co\/index.php?rest_route=\/wp\/v2\/posts\/32944","targetHints":{"allow":["GET"]}}],"collection":[{"href":"https:\/\/contraluzcucuta.co\/index.php?rest_route=\/wp\/v2\/posts"}],"about":[{"href":"https:\/\/contraluzcucuta.co\/index.php?rest_route=\/wp\/v2\/types\/post"}],"author":[{"embeddable":true,"href":"https:\/\/contraluzcucuta.co\/index.php?rest_route=\/wp\/v2\/users\/1"}],"replies":[{"embeddable":true,"href":"https:\/\/contraluzcucuta.co\/index.php?rest_route=%2Fwp%2Fv2%2Fcomments&post=32944"}],"version-history":[{"count":1,"href":"https:\/\/contraluzcucuta.co\/index.php?rest_route=\/wp\/v2\/posts\/32944\/revisions"}],"predecessor-version":[{"id":32946,"href":"https:\/\/contraluzcucuta.co\/index.php?rest_route=\/wp\/v2\/posts\/32944\/revisions\/32946"}],"wp:featuredmedia":[{"embeddable":true,"href":"https:\/\/contraluzcucuta.co\/index.php?rest_route=\/wp\/v2\/media\/32945"}],"wp:attachment":[{"href":"https:\/\/contraluzcucuta.co\/index.php?rest_route=%2Fwp%2Fv2%2Fmedia&parent=32944"}],"wp:term":[{"taxonomy":"category","embeddable":true,"href":"https:\/\/contraluzcucuta.co\/index.php?rest_route=%2Fwp%2Fv2%2Fcategories&post=32944"},{"taxonomy":"post_tag","embeddable":true,"href":"https:\/\/contraluzcucuta.co\/index.php?rest_route=%2Fwp%2Fv2%2Ftags&post=32944"}],"curies":[{"name":"wp","href":"https:\/\/api.w.org\/{rel}","templated":true}]}}