{"id":32941,"date":"2018-08-02T22:17:23","date_gmt":"2018-08-03T03:17:23","guid":{"rendered":"http:\/\/contraluzcucuta.co\/?p=32941"},"modified":"2018-08-02T22:17:23","modified_gmt":"2018-08-03T03:17:23","slug":"fiscalia-general-santos-entregara-edificio-en-cucuta-inversion-56-900-millones","status":"publish","type":"post","link":"https:\/\/contraluzcucuta.co\/?p=32941","title":{"rendered":"FISCAL\u00cdA GENERAL. Santos entregar\u00e1 edificio en C\u00facuta; inversi\u00f3n \u00a0$ 56.900 millones"},"content":{"rendered":"<p style=\"padding-left: 60px;\"><span style=\"color: #ff6600;\"><strong>C\u00daCUTA.-<\/strong> El presidente Juan Manuel Santos inaugurar\u00e1, este viernes, el B\u00fanker de la Fiscal\u00eda General de la Naci\u00f3n, Seccional Norte de Santander, y una estaci\u00f3n de Polic\u00eda. El recorrido comenzar\u00e1 al mediod\u00eda para entregar la Estaci\u00f3n de Polic\u00eda Corral de Piedra, que tiene una \u00e1rea de 2049 metros cuadrados, nivel de seguridad 3 y capacidad para 67 uniformados. En la obra se invirtieron $ 7021 millones.<\/span><\/p>\n<p>Acompa\u00f1ar\u00e1n al mandatario el ministro del interior Guillermo Rivera, el gobernador William Villamizar y el alcalde C\u00e9sar Rojas.<\/p>\n<p>El B\u00fanker de la Fiscal\u00eda tiene un \u00e1rea de 18.687 metros cuadrados, y capacidad para 727 funcionarios en 3 bloques distribuidos as\u00ed:<\/p>\n<p>1.- Bloque 1 en 7 pisos, Edificio de Fiscal\u00edas.&nbsp;<\/p>\n<p>2.- Bloque 2 en 5 pisos, Edificio Administrativo<\/p>\n<p>3.- Bloque 3 en 7 pisos, Edificio del CTI.<\/p>\n<p>El complejo del organismo acusador tendr\u00e1 \u00e1reas de modelos de gesti\u00f3n, centro de atenci\u00f3n de Fiscal\u00edas, compuesto por URI, Caivas, Cavif, SAU, correspondencia, zonas de bienestar y auditorio.<\/p>\n<p>Durante el acto de inauguraci\u00f3n el presidente estar\u00e1 acompa\u00f1ado por el fiscal general N\u00e9stor Humberto Mart\u00ednez.<\/p>\n<p>Como parte de los proyectos adelantados por la Agencia nacional Inmobiliaria, la entidad suscribi\u00f3 en noviembre de 2016, el convenio de cooperaci\u00f3n con la Fiscal\u00eda General de la Naci\u00f3n para prestar asesor\u00eda, asistencia t\u00e9cnica y proponer lineamientos para la formulaci\u00f3n, estructuraci\u00f3n y ejecuci\u00f3n de los proyectos de infraestructura inmobiliaria que esta requiera para atender las necesidades en materia de espacio f\u00edsico para el funcionamiento de las sedes administrativas en el pa\u00eds.<\/p>\n<p>En desarrollo de dicho convenio, la Agencia apoya a la Fiscal\u00eda General de la Naci\u00f3n en la formulaci\u00f3n, estructuraci\u00f3n y ejecuci\u00f3n de la nueva sede en C\u00facuta (Norte de Santander).<\/p>\n<p>La inversi\u00f3n es de m\u00e1s de $ 56.900 millones, financiados por la Fiscal\u00eda General de la Naci\u00f3n y el Fondo de Seguridad y Convivencia Ciudadana (Fonsecon) del Ministerio del Interior. El proyecto hace parte del plan &nbsp;para mejorar la infraestructura nacional.<\/p>\n<p>La nueva sede de la entidad investigativa busca ser una de las m\u00e1s modernas del pa\u00eds, a fin de contar con espacios de trabajo adecuados para los funcionarios, \u00e1reas id\u00f3neas para la atenci\u00f3n al usuario y en general, contribuir a la soluci\u00f3n de las dificultades que se presenten en materia de gesti\u00f3n organizacional, seguridad inform\u00e1tica y atenci\u00f3n al ciudadano. <\/p>\n","protected":false},"excerpt":{"rendered":"<p>C\u00daCUTA.- El presidente Juan Manuel Santos inaugurar\u00e1, este viernes, el B\u00fanker de la Fiscal\u00eda General de la Naci\u00f3n, Seccional Norte de Santander, y una estaci\u00f3n de Polic\u00eda. El recorrido comenzar\u00e1 al mediod\u00eda para entregar la Estaci\u00f3n de Polic\u00eda Corral de Piedra, que tiene una \u00e1rea de 2049 metros cuadrados, nivel de seguridad 3 y capacidad &hellip;<\/p>\n","protected":false},"author":1,"featured_media":32942,"comment_status":"open","ping_status":"open","sticky":false,"template":"","format":"standard","meta":{"footnotes":""},"categories":[45,4],"tags":[3776,590],"class_list":["post-32941","post","type-post","status-publish","format-standard","has-post-thumbnail","hentry","category-destacado","category-barra","tag-fiscalia-general-de-la-nacion","tag-presidente-santos"],"_links":{"self":[{"href":"https:\/\/contraluzcucuta.co\/index.php?rest_route=\/wp\/v2\/posts\/32941","targetHints":{"allow":["GET"]}}],"collection":[{"href":"https:\/\/contraluzcucuta.co\/index.php?rest_route=\/wp\/v2\/posts"}],"about":[{"href":"https:\/\/contraluzcucuta.co\/index.php?rest_route=\/wp\/v2\/types\/post"}],"author":[{"embeddable":true,"href":"https:\/\/contraluzcucuta.co\/index.php?rest_route=\/wp\/v2\/users\/1"}],"replies":[{"embeddable":true,"href":"https:\/\/contraluzcucuta.co\/index.php?rest_route=%2Fwp%2Fv2%2Fcomments&post=32941"}],"version-history":[{"count":1,"href":"https:\/\/contraluzcucuta.co\/index.php?rest_route=\/wp\/v2\/posts\/32941\/revisions"}],"predecessor-version":[{"id":32943,"href":"https:\/\/contraluzcucuta.co\/index.php?rest_route=\/wp\/v2\/posts\/32941\/revisions\/32943"}],"wp:featuredmedia":[{"embeddable":true,"href":"https:\/\/contraluzcucuta.co\/index.php?rest_route=\/wp\/v2\/media\/32942"}],"wp:attachment":[{"href":"https:\/\/contraluzcucuta.co\/index.php?rest_route=%2Fwp%2Fv2%2Fmedia&parent=32941"}],"wp:term":[{"taxonomy":"category","embeddable":true,"href":"https:\/\/contraluzcucuta.co\/index.php?rest_route=%2Fwp%2Fv2%2Fcategories&post=32941"},{"taxonomy":"post_tag","embeddable":true,"href":"https:\/\/contraluzcucuta.co\/index.php?rest_route=%2Fwp%2Fv2%2Ftags&post=32941"}],"curies":[{"name":"wp","href":"https:\/\/api.w.org\/{rel}","templated":true}]}}