{"id":32937,"date":"2018-08-02T21:21:48","date_gmt":"2018-08-03T02:21:48","guid":{"rendered":"http:\/\/contraluzcucuta.co\/?p=32937"},"modified":"2018-08-02T21:21:48","modified_gmt":"2018-08-03T02:21:48","slug":"feria-de-cucuta-empresarios-cucutenos-y-turistas-dejaron-mas-20-000-millones","status":"publish","type":"post","link":"https:\/\/contraluzcucuta.co\/?p=32937","title":{"rendered":"FERIA DE C\u00daCUTA. Empresarios, cucute\u00f1os y turistas dejaron m\u00e1s $ 20.000 millones"},"content":{"rendered":"<p style=\"padding-left: 60px;\"><span style=\"color: #ff6600;\"><strong>C\u00daCUTA.-<\/strong> La tercera versi\u00f3n de la Feria de C\u00facuta super\u00f3 las expectativas, con la vinculaci\u00f3n de empresarios, la participaci\u00f3n de los cucute\u00f1os y la visita de turistas. Adem\u00e1s, sirvi\u00f3 para dar dinamismo econ\u00f3mico a la ciudad. En los d\u00edas de preFeria y Feria se registraron ventas superiores a los $ 20.000 millones, en los sectores que se vincularon.<\/span><\/p>\n<p>Otra ganancia est\u00e1 representada en el aumento de los visitantes en los d\u00edas de feria. En total, 40.000 turistas llegaron al municipio v\u00eda terrestre y a\u00e9rea, gener\u00e1ndose m\u00e1s de 5000 empleos directos e indirectos.<\/p>\n<p>La administraci\u00f3n municipal le apost\u00f3 a rescatar tradiciones y transmitirlas a nuevas generaciones. Los antepasados que habitaron el Valle de C\u00facuta ten\u00edan como amuleto los duendes, se cre\u00eda eran portadores de buena fortuna y bonanza. Por tal raz\u00f3n, el duende fue el personaje principal de la Feria y har\u00e1 parte fundamental en pr\u00f3ximas versiones.<\/p>\n<p>El alcalde C\u00e9sar Rojas espera construir ciudad y consolidar la Feria como vitrina promocional, econ\u00f3mica y tur\u00edstica de la regi\u00f3n. En trabajo con los sectores p\u00fablicos y privados, se ha construido un espacio multicultural y de reactivaci\u00f3n, en el que los cucute\u00f1os aportar\u00e1n al desarrollo socio-econ\u00f3mico local.<\/p>\n<p>Rojas Ayala agradeci\u00f3 a las empresas que se vincularon y&nbsp; felicit\u00f3 a los ciudadanos por el buen comportamiento durante la Feria de C\u00facuta. Durante los d\u00edas de festividades no hubo hechos de inseguridad.<\/p>\n<p><strong>DOTACI\u00d3N A ESCUELAS<\/strong><\/p>\n<p>La Secretar\u00eda de Posconflicto y Cultura de Paz de C\u00facuta entregar\u00e1 dotaci\u00f3n a 365 ni\u00f1os v\u00edctimas del conflicto armado interno que hacen parte de \u2018Construyendo escuelas juveniles para la paz\u2019. El proyecto se lleva a cabo en diversas comunas y corregimientos del municipio. La entrega ser\u00e1, este 4 de agosto, en las canchas del barrio Claret y de los corregimientos Aguaclara y Banco de Arena.<\/p>\n<p>El objetivo principal del proyecto es fortalecer el desarrollo integral de ni\u00f1os, adolescentes y j\u00f3venes v\u00edctimas del conflicto armado y en condici\u00f3n de vulnerabilidad, por medio de la buena utilizaci\u00f3n del tiempo libre en actividades que los alejen del consumo de drogas y delincuencia.<\/p>\n<p>La iniciativa permite la conformaci\u00f3n de 10 escuelas deportivas y 6 culturales en las zonas urbana y rural de Mar\u00eda Teresa, Cormoranes, Ciudad Rodeo, Estoraques, Brisas del Mirador, La Primavera y Cerro Norte, y de los corregimientos Aguaclara, Banco de Arena y Palmarito. <\/p>\n","protected":false},"excerpt":{"rendered":"<p>C\u00daCUTA.- La tercera versi\u00f3n de la Feria de C\u00facuta super\u00f3 las expectativas, con la vinculaci\u00f3n de empresarios, la participaci\u00f3n de los cucute\u00f1os y la visita de turistas. Adem\u00e1s, sirvi\u00f3 para dar dinamismo econ\u00f3mico a la ciudad. En los d\u00edas de preFeria y Feria se registraron ventas superiores a los $ 20.000 millones, en los sectores &hellip;<\/p>\n","protected":false},"author":1,"featured_media":32939,"comment_status":"open","ping_status":"open","sticky":false,"template":"","format":"standard","meta":{"footnotes":""},"categories":[2625,4],"tags":[226,4230],"class_list":["post-32937","post","type-post","status-publish","format-standard","has-post-thumbnail","hentry","category-alcaldia-de-cucuta","category-barra","tag-alcaldia-de-cucuta","tag-fiestas-de-cucuta"],"_links":{"self":[{"href":"https:\/\/contraluzcucuta.co\/index.php?rest_route=\/wp\/v2\/posts\/32937","targetHints":{"allow":["GET"]}}],"collection":[{"href":"https:\/\/contraluzcucuta.co\/index.php?rest_route=\/wp\/v2\/posts"}],"about":[{"href":"https:\/\/contraluzcucuta.co\/index.php?rest_route=\/wp\/v2\/types\/post"}],"author":[{"embeddable":true,"href":"https:\/\/contraluzcucuta.co\/index.php?rest_route=\/wp\/v2\/users\/1"}],"replies":[{"embeddable":true,"href":"https:\/\/contraluzcucuta.co\/index.php?rest_route=%2Fwp%2Fv2%2Fcomments&post=32937"}],"version-history":[{"count":1,"href":"https:\/\/contraluzcucuta.co\/index.php?rest_route=\/wp\/v2\/posts\/32937\/revisions"}],"predecessor-version":[{"id":32940,"href":"https:\/\/contraluzcucuta.co\/index.php?rest_route=\/wp\/v2\/posts\/32937\/revisions\/32940"}],"wp:featuredmedia":[{"embeddable":true,"href":"https:\/\/contraluzcucuta.co\/index.php?rest_route=\/wp\/v2\/media\/32939"}],"wp:attachment":[{"href":"https:\/\/contraluzcucuta.co\/index.php?rest_route=%2Fwp%2Fv2%2Fmedia&parent=32937"}],"wp:term":[{"taxonomy":"category","embeddable":true,"href":"https:\/\/contraluzcucuta.co\/index.php?rest_route=%2Fwp%2Fv2%2Fcategories&post=32937"},{"taxonomy":"post_tag","embeddable":true,"href":"https:\/\/contraluzcucuta.co\/index.php?rest_route=%2Fwp%2Fv2%2Ftags&post=32937"}],"curies":[{"name":"wp","href":"https:\/\/api.w.org\/{rel}","templated":true}]}}