{"id":32868,"date":"2018-07-25T20:36:25","date_gmt":"2018-07-26T01:36:25","guid":{"rendered":"http:\/\/contraluzcucuta.co\/?p=32868"},"modified":"2018-07-25T20:36:25","modified_gmt":"2018-07-26T01:36:25","slug":"justicia-transicional-caracterizaran-victimas-del-conflicto-en-cucuta","status":"publish","type":"post","link":"https:\/\/contraluzcucuta.co\/?p=32868","title":{"rendered":"JUSTICIA TRANSICIONAL. Caracterizar\u00e1n a v\u00edctimas del conflicto, en C\u00facuta"},"content":{"rendered":"<p style=\"padding-left: 60px;\"><span style=\"color: #ff6600;\"><strong>C\u00daCUTA.-<\/strong> La Secretar\u00eda de Posconflicto y Cultura de Paz iniciar\u00e1 proceso de caracterizaci\u00f3n de las v\u00edctimas del conflicto armado interno, en las comunas 6, 7, 8 y los 10 corregimientos. La actividad comenzar\u00e1 a partir de agosto y se extender\u00e1 hasta noviembre. El objetivo es llegar al 80 % de la poblaci\u00f3n, teniendo en cuenta que el municipio tiene la responsabilidad del restablecimiento de los derechos.<\/span><\/p>\n<p>En el 2015, se cumpli\u00f3 la \u00faltima caracterizaci\u00f3n por parte de la Alcald\u00eda y lleg\u00f3 solo al 14 % de la poblaci\u00f3n. \u201cHoy, tenemos 135.000 v\u00edctimas en C\u00facuta y necesitamos saber en qu\u00e9 condiciones se encuentran y cu\u00e1les son las principales necesidades, para definir proyectos y acciones para la vigencia 2019\u201d, dijo Omaira Gonz\u00e1lez, titular del despacho local.&nbsp;<\/p>\n<p>El trabajo no tiene costo y el personal que aplicar\u00e1 el cuestionario vestir\u00e1 chaleco y gorra beige con logos de la Alcald\u00eda y la Secretar\u00eda de Posconflicto. Los funcionarios contar\u00e1n con carn\u00e9 de identificaci\u00f3n y el proceso se llevar\u00e1 a cabo mediante tableta de \u00faltima generaci\u00f3n con conexi\u00f3n a internet. Esto permitir\u00e1 el envi\u00f3 de la informaci\u00f3n a la plataforma nacional en tiempo real.<\/p>\n<p>El cuestionario constar\u00e1 de 186 preguntas y se estima que en la respuesta se demore una hora por n\u00facleo familiar. Diana D\u00e1vila, representante de la Fundaci\u00f3n Norte Amigos, operadora del proceso, explic\u00f3 c\u00f3mo ser\u00e1 el cronograma para la zona rural:<\/p>\n<p>1.- Palmarito. Del 6 al 10 de agosto<\/p>\n<p>2.- Banco de Arena. Del 13 al 17 de agosto<\/p>\n<p>3.- Puerto Villamizar. Del 21 al 24 de agosto<\/p>\n<p>4.- Guaramito. El 27 de agosto<\/p>\n<p>5.- Aguaclara. Del 28 de agosto al 6 de septiembre<\/p>\n<p>6.- Buena Esperanza. Del 10 al 26 de septiembre<\/p>\n<p>7.- San Faustino. Del 27 de septiembre al 2 de octubre<\/p>\n<p>8.- Ricaurte, Del 4 al 10 de octubre<\/p>\n<p>9.- Carmen de Tonchal\u00e1. El 11 de octubre<\/p>\n<p>10.- San Pedro \u2013 El P\u00f3rtico. El 12 y el 16 de octubre.<\/p>\n<p>En la zona urbana se aplicar\u00e1 de la siguiente manera:<\/p>\n<p>1.- Comuna 6. Del 17 al 30 de octubre<\/p>\n<p>2.- Comuna 7. Del 31 octubre&nbsp; al 15 de noviembre<\/p>\n<p>3.- Comuna 8. Del 16 al 29 de noviembre<\/p>\n<p>4.- Punto fijo de caracterizaci\u00f3n. Centro Regional de Atenci\u00f3n a V\u00edctimas, en el barrio Comuneros.<\/p>\n<p>Es importante que la comunidad sobreviviente del conflicto acceda a esta caracterizaci\u00f3n, pues de esta manera se lograr\u00e1 invertir mejor los recursos en programas de prevenci\u00f3n, protecci\u00f3n, asistencia, atenci\u00f3n y reparaci\u00f3n integral.&nbsp; <\/p>\n","protected":false},"excerpt":{"rendered":"<p>C\u00daCUTA.- La Secretar\u00eda de Posconflicto y Cultura de Paz iniciar\u00e1 proceso de caracterizaci\u00f3n de las v\u00edctimas del conflicto armado interno, en las comunas 6, 7, 8 y los 10 corregimientos. La actividad comenzar\u00e1 a partir de agosto y se extender\u00e1 hasta noviembre. El objetivo es llegar al 80 % de la poblaci\u00f3n, teniendo en cuenta &hellip;<\/p>\n","protected":false},"author":1,"featured_media":32869,"comment_status":"open","ping_status":"open","sticky":false,"template":"","format":"standard","meta":{"footnotes":""},"categories":[4,6],"tags":[226,2882,295],"class_list":["post-32868","post","type-post","status-publish","format-standard","has-post-thumbnail","hentry","category-barra","category-ojo-avizor","tag-alcaldia-de-cucuta","tag-secretaria-del-posconflicto","tag-victimas-del-conflicto"],"_links":{"self":[{"href":"https:\/\/contraluzcucuta.co\/index.php?rest_route=\/wp\/v2\/posts\/32868","targetHints":{"allow":["GET"]}}],"collection":[{"href":"https:\/\/contraluzcucuta.co\/index.php?rest_route=\/wp\/v2\/posts"}],"about":[{"href":"https:\/\/contraluzcucuta.co\/index.php?rest_route=\/wp\/v2\/types\/post"}],"author":[{"embeddable":true,"href":"https:\/\/contraluzcucuta.co\/index.php?rest_route=\/wp\/v2\/users\/1"}],"replies":[{"embeddable":true,"href":"https:\/\/contraluzcucuta.co\/index.php?rest_route=%2Fwp%2Fv2%2Fcomments&post=32868"}],"version-history":[{"count":1,"href":"https:\/\/contraluzcucuta.co\/index.php?rest_route=\/wp\/v2\/posts\/32868\/revisions"}],"predecessor-version":[{"id":32870,"href":"https:\/\/contraluzcucuta.co\/index.php?rest_route=\/wp\/v2\/posts\/32868\/revisions\/32870"}],"wp:featuredmedia":[{"embeddable":true,"href":"https:\/\/contraluzcucuta.co\/index.php?rest_route=\/wp\/v2\/media\/32869"}],"wp:attachment":[{"href":"https:\/\/contraluzcucuta.co\/index.php?rest_route=%2Fwp%2Fv2%2Fmedia&parent=32868"}],"wp:term":[{"taxonomy":"category","embeddable":true,"href":"https:\/\/contraluzcucuta.co\/index.php?rest_route=%2Fwp%2Fv2%2Fcategories&post=32868"},{"taxonomy":"post_tag","embeddable":true,"href":"https:\/\/contraluzcucuta.co\/index.php?rest_route=%2Fwp%2Fv2%2Ftags&post=32868"}],"curies":[{"name":"wp","href":"https:\/\/api.w.org\/{rel}","templated":true}]}}