{"id":32865,"date":"2018-07-25T20:04:31","date_gmt":"2018-07-26T01:04:31","guid":{"rendered":"http:\/\/contraluzcucuta.co\/?p=32865"},"modified":"2018-07-25T20:04:31","modified_gmt":"2018-07-26T01:04:31","slug":"grandes-genios-de-paz-300-ninos-se-beneficiaran-con-centro-de-desarrollo-infantil","status":"publish","type":"post","link":"https:\/\/contraluzcucuta.co\/?p=32865","title":{"rendered":"\u2018GRANDES GENIOS DE PAZ\u2019. 300 ni\u00f1os se beneficiar\u00e1n con Centro de Desarrollo Infantil"},"content":{"rendered":"<p style=\"padding-left: 60px;\"><span style=\"color: #ff6600;\"><strong>C\u00daCUTA.-<\/strong> El ministerio de Vivienda, Comfanorte, Bienestar Familiar y la alcald\u00eda de C\u00facuta unieron esfuerzos y recursos para entregarle a Ciudad Rodeo el Centro de Desarrollo Infantil. Trescientos ni\u00f1os escogidos mediante proceso de selecci\u00f3n tendr\u00e1n acceso a atenci\u00f3n integral en ese espacio.<\/span><\/p>\n<p>Este primer centro y otros dos, que est\u00e1n listos para entrar en funcionamiento, &nbsp;permitir\u00e1n darle cumplimiento a la pol\u00edtica p\u00fablica&nbsp; para la ni\u00f1ez. Tambi\u00e9n, permitir\u00e1n a madres y padres cabeza de familia &nbsp;dejar a los hijos bien cuidados mientras salen en busca del sustento diario.<\/p>\n<p>La Alcald\u00eda aport\u00f3 los terrenos en los que se construyeron los edificios del CDI y entreg\u00f3 la dotaci\u00f3n completa para los otros dos Centros. La puesta en marcha de estos tres centros, \u201ccerca de esta gran ciudadela de apartamentos, de viviendas de inter\u00e9s social y del programa Vipa, es la forma de fortalecer estos sectores\u201d, dijo el alcalde C\u00e9sar Rojas.<\/p>\n<p>El Centro de Desarrollo ser\u00e1 operado por Comfanorte y beneficiar\u00e1 a 300 ni\u00f1os de 0 a 5 a\u00f1os. Este espacio garantiza la educaci\u00f3n inicial, el cuidado y la nutrici\u00f3n a los menores de 5 a\u00f1os. Adem\u00e1s, generan acciones pedag\u00f3gicas que promueven los derechos a la salud, protecci\u00f3n y la participaci\u00f3n logrando el acompa\u00f1amiento en el desarrollo integral de los infantes.<\/p>\n<p>La Caja de Compensaci\u00f3n inform\u00f3 a la comunidad afiliada, no afiliada, empresarios y medios de comunicaci\u00f3n que a la fecha y alineados con el ICBF, con esta entrega se logra la operaci\u00f3n en Norte de Santander de siete Centros de Desarrollo Infantil, para favorecer a 1820 usuarios.<\/p>\n<p>Este ser\u00e1 el espacio para que los trabajadores afiliados que viven en el sector y la comunidad reciban los beneficios de atenci\u00f3n integral que contribuyan al&nbsp; crecimiento nutricional, emocional, f\u00edsico, cognitivo y de desarrollo de talentos de loshijos hijos, un lugar lleno de amor, felicidad y paz.<\/p>\n<p>A la entrega del CDI asistieron Alejandro Quintero, director de Fonvivienda; &nbsp;Alejandro Callejas, vicepresidente T\u00e9cnico de la Financiera del Desarrollo Territorial S.A. (Findeter); Cesar Rojas, alcalde &nbsp;de C\u00facuta; Martha Liliana \u00c1lvarez, coordinadora del Grupo de Asistencia t\u00e9cnica ICBF, Regional Norte de Santander, y&nbsp; Judith Jaimes, subdirectora Comercial de Comfanorte. <\/p>\n","protected":false},"excerpt":{"rendered":"<p>C\u00daCUTA.- El ministerio de Vivienda, Comfanorte, Bienestar Familiar y la alcald\u00eda de C\u00facuta unieron esfuerzos y recursos para entregarle a Ciudad Rodeo el Centro de Desarrollo Infantil. Trescientos ni\u00f1os escogidos mediante proceso de selecci\u00f3n tendr\u00e1n acceso a atenci\u00f3n integral en ese espacio. Este primer centro y otros dos, que est\u00e1n listos para entrar en funcionamiento, &hellip;<\/p>\n","protected":false},"author":1,"featured_media":32866,"comment_status":"open","ping_status":"open","sticky":false,"template":"","format":"standard","meta":{"footnotes":""},"categories":[2625,4],"tags":[226,4242,202,4241,465,1183],"class_list":["post-32865","post","type-post","status-publish","format-standard","has-post-thumbnail","hentry","category-alcaldia-de-cucuta","category-barra","tag-alcaldia-de-cucuta","tag-cdi","tag-comfanorte","tag-genios-de-paz","tag-icbf","tag-ministerio-de-vivienda"],"_links":{"self":[{"href":"https:\/\/contraluzcucuta.co\/index.php?rest_route=\/wp\/v2\/posts\/32865","targetHints":{"allow":["GET"]}}],"collection":[{"href":"https:\/\/contraluzcucuta.co\/index.php?rest_route=\/wp\/v2\/posts"}],"about":[{"href":"https:\/\/contraluzcucuta.co\/index.php?rest_route=\/wp\/v2\/types\/post"}],"author":[{"embeddable":true,"href":"https:\/\/contraluzcucuta.co\/index.php?rest_route=\/wp\/v2\/users\/1"}],"replies":[{"embeddable":true,"href":"https:\/\/contraluzcucuta.co\/index.php?rest_route=%2Fwp%2Fv2%2Fcomments&post=32865"}],"version-history":[{"count":1,"href":"https:\/\/contraluzcucuta.co\/index.php?rest_route=\/wp\/v2\/posts\/32865\/revisions"}],"predecessor-version":[{"id":32867,"href":"https:\/\/contraluzcucuta.co\/index.php?rest_route=\/wp\/v2\/posts\/32865\/revisions\/32867"}],"wp:featuredmedia":[{"embeddable":true,"href":"https:\/\/contraluzcucuta.co\/index.php?rest_route=\/wp\/v2\/media\/32866"}],"wp:attachment":[{"href":"https:\/\/contraluzcucuta.co\/index.php?rest_route=%2Fwp%2Fv2%2Fmedia&parent=32865"}],"wp:term":[{"taxonomy":"category","embeddable":true,"href":"https:\/\/contraluzcucuta.co\/index.php?rest_route=%2Fwp%2Fv2%2Fcategories&post=32865"},{"taxonomy":"post_tag","embeddable":true,"href":"https:\/\/contraluzcucuta.co\/index.php?rest_route=%2Fwp%2Fv2%2Ftags&post=32865"}],"curies":[{"name":"wp","href":"https:\/\/api.w.org\/{rel}","templated":true}]}}