{"id":32862,"date":"2018-07-25T19:20:27","date_gmt":"2018-07-26T00:20:27","guid":{"rendered":"http:\/\/contraluzcucuta.co\/?p=32862"},"modified":"2018-07-25T19:20:27","modified_gmt":"2018-07-26T00:20:27","slug":"mano-mano-con-johana-orozco-el-yudo-fue-una-influencia-de-mi-padre","status":"publish","type":"post","link":"https:\/\/contraluzcucuta.co\/?p=32862","title":{"rendered":"MANO A MANO CON JOHANA OROZCO. \u201cEl yudo fue una influencia de mi padre\u201d"},"content":{"rendered":"<p style=\"padding-left: 60px;\"><span style=\"color: #ff6600;\"><strong>C\u00daCUTA.-<\/strong> El camino para Johana Orozco no ha sido f\u00e1cil en el mundo del deporte. Ni como deportista ni ahora en el rol de presidenta de la Liga de Yudo. A esta cucute\u00f1a no le parece correcto como se maneja el deporte en Norte de Santander y aunque tenga una personalidad chocante, trata de obtener lo mejor para su deporte. Nunca le gust\u00f3 el yudo, su padre la oblig\u00f3 a tomar ese camino. Por su trabajo ha logrado que la Liga tenga nombre y t\u00edtulos nacionales.<\/span><\/p>\n<p><strong>\u00bfQue la motiv\u00f3 a practicar el yudo?<\/strong><\/p>\n<ul>\n<li><em>Pienso que el yudo fue por influencia de mi pap\u00e1. Al principio no me gustaba, en muchas oportunidades fui obligada a practicar este deporte y despu\u00e9s de varios a\u00f1os entend\u00ed muchas cosas y le agarr\u00e9 pasi\u00f3n, porque viajaba, escuchaba el himno de mi pa\u00eds cuando sub\u00eda al podio, conoc\u00eda gente de otras culturas. Eso me anim\u00f3 a enamorarme del yudo. <\/em><\/li>\n<\/ul>\n<p><strong>\u00bfLe cost\u00f3 en los primeros entrenamientos adaptarse al deporte?<\/strong><\/p>\n<ul>\n<li><em>Much\u00edsimo. Recuerdo que les dec\u00eda a mis compa\u00f1eros que me andar\u00e1n pasito, que se dejaran caer, porque si no ganaba, mi pap\u00e1 se pon\u00eda bravo. Fue duro el proceso y pienso que m\u00e1s adelante las consecuencias se dieron por no elegir algo que a me gustaba. <\/em><\/li>\n<\/ul>\n<p><strong>\u00bfComo hizo para agarrarle gusto?<\/strong><\/p>\n<ul>\n<li><em>Fue una situaci\u00f3n dif\u00edcil. Mi padre era autoritario y debido a eso se desencadenaron muchos problemas en la familia, porque me quer\u00eda retirar. Le cog\u00ed amor cuando empec\u00e9 a competir por Bogot\u00e1. Ah\u00ed entend\u00ed que me gustaba, me levantaba a las 4:00 de la ma\u00f1ana, me sacrificaba y acced\u00eda a muchas limitaciones por parte del entrenador. Viv\u00ed en el Deportel, hab\u00eda que cumplir reglas y horarios, y no estaba acostumbrada, pero por amor al deporte no se me dificultaba.<\/em><\/li>\n<\/ul>\n<p><strong>\u00bfQue la motiv\u00f3 a competir por Bogot\u00e1 y no por Norte?<\/strong><\/p>\n<ul>\n<li><em>La primera raz\u00f3n, porque me fui decepcionada del departamento, porque despu\u00e9s de haber llegado a los Ol\u00edmpicos no fui la abanderada. Eso me doli\u00f3 much\u00edsimo. Soy de las que pienso que es un anhelo de todo deportista llevar la bandera del departamento o del pa\u00eds, y que no me la hubieran dado fue como una pu\u00f1alada en la espalda. En ese momento nadie ten\u00eda mis resultados, era campeona Panamericana categor\u00eda mayor, siendo juvenil; campeona en Centroamericanos, mayores; campeona en Sudamericanos. Nadie ten\u00eda mi r\u00e9cord deportivo. La segunda raz\u00f3n fue el apoyo econ\u00f3mico. Ac\u00e1 no me estaban dando lo justo, en Bogot\u00e1 si me lo daban. Por eso me fui. <\/em><\/li>\n<\/ul>\n<p><strong>\u00bfCu\u00e1l fue la sensaci\u00f3n por competir por un departamento que no era el tuyo?<\/strong><\/p>\n<ul>\n<li><em>Se siente raro. Especialmente si no te sabes el himno. Recuerdo que la primera vez que compet\u00ed en Bogot\u00e1 fue en los Juegos Nacionales, en Bucaramanga, y mis amigas me dec\u00edan \u201ccante el himno\u201d. Por respeto no lo hac\u00eda. Le tengo mucho cari\u00f1o a Bogot\u00e1, es una ciudad que me ha brindado mucho, tanto como deportista como persona. Estoy agradecida y le debo lo que soy a Bogot\u00e1. <\/em><\/li>\n<\/ul>\n<p><strong>\u00bfDe qu\u00e9 manera le cambia la vida un deporte tan rudo como el yudo a una persona?<\/strong><\/p>\n<ul>\n<li><em>El yudo es un deporte que por lo rudo, uno se vuelve d\u00f3cil en muchas cosas. No buscar problemas, no buscar peleas. Estaba mal guiada por mis resultados. No tiene nada que ver que el deporte sea rudo, antes es el camino a la suavidad. El yudo influye m\u00e1s por la parte positiva que por la negativa. Al principio, no lo entend\u00eda, por mi ego y mis resultados, lleg\u00f3 un momento que levitaba y ten\u00eda una visi\u00f3n distorsionada del mundo. Gracias a que viv\u00ed en Bogot\u00e1, fuera de mi casa, vi el verdadero significado del yudo.<\/em><\/li>\n<\/ul>\n<p><strong>\u00bfQue tiene este deporte que no tienen otras disciplinas?<\/strong><\/p>\n<ul>\n<li><em>El yudo tiene medallas ol\u00edmpicas, mundiales, panamericanas que no tiene el f\u00fatbol. Es un deporte del que nadie tiene conocimiento en Colombia. Despu\u00e9s del f\u00fatbol, el deporte m\u00e1s practicado en el mundo es el yudo. En Estados Unidos, Canad\u00e1, Brasil, Argentina es obligatorio en los colegios. En Europa te puedes sentar a hablar sobre yudo y hay una conversaci\u00f3n gracias al conocimiento que existe. En Colombia no lo hay. <\/em><\/li>\n<\/ul>\n<p><strong>\u00bfC\u00f3mo era la reacci\u00f3n con el n\u00facleo de amigos cuando se enteraron que practicaba yudo?<\/strong><\/p>\n<ul>\n<li><em>Dec\u00edan de manera jocosa \u201cNo le busquen pelea a la yudoca\u201d. La gente cre\u00eda que porque practicaba yudo, peleaba, era agresiva, pero no, es totalmente lo contrario. El yudo me abri\u00f3 las puertas para conseguir m\u00e1s amigos.<\/em><\/li>\n<\/ul>\n<p><strong>\u00bfQu\u00e9 recuerda de la participaci\u00f3n en los Panamericanos de Santo Domingo y R\u00edo de Janeiro?<\/strong><\/p>\n<ul>\n<li><em>En Santo Domingo me fue muy bien. Fui medalla de bronce, perd\u00ed contra una cubana, no era lo que esperaba, porque la hab\u00edamos estudiado. Empec\u00e9 bien el combate, pero ten\u00eda tanta presi\u00f3n de haber sido campeona en Centroamericanos, por parte del Comit\u00e9 Ol\u00edmpico, que me descuid\u00e9 y la cubana me marc\u00f3 un punto. Ah\u00ed perd\u00ed el combate. Disput\u00e9 la medalla de bronce contra Estados Unidos.&nbsp;<\/em><em>R\u00edo de Janeiro fue un desastre. Ven\u00eda de una lesi\u00f3n. En un chequeo antes de los Panamericanos se me sali\u00f3 el hombro, fue horrible y triste. En pleno calentamiento para el combate se me volvi\u00f3 a salir. En ese momento me hicieron un vendaje como se lo hacen a un jugador de Rugby, en pleno combate la competidora rival me hizo una llave que deshizo el vendaje y perd\u00ed. Me dio mucha rabia, porque no agarr\u00e9 nada en ese Panamericano.<\/em><\/li>\n<\/ul>\n<p><strong>\u00bfQu\u00e9 recuerda de los Ol\u00edmpicos de Atenas 2004?<\/strong><\/p>\n<ul>\n<li><em>Fui la mujer m\u00e1s joven de la delegaci\u00f3n, con 17 a\u00f1os. Clasificar a los Ol\u00edmpicos a esa edad ha sido satisfactorio. Pagu\u00e9 la novatada por ser tan ni\u00f1a. A los Ol\u00edmpicos solo van las 24 mejores del mundo, clasifiqu\u00e9 como la n\u00famero uno en Am\u00e9rica, as\u00ed que eso fue un sue\u00f1o realizado. Conocer la villa ol\u00edmpica, rodearme de deportistas de elite, ir a tan corta edad. Fui la primera yudoca en ir a los Ol\u00edmpicos por mi pa\u00eds. Ese es el recuerdo m\u00e1s bonito que tengo. <\/em><\/li>\n<\/ul>\n<p><strong>\u00bfQu\u00e9 la motiv\u00f3 para no practicar m\u00e1s?<\/strong><\/p>\n<ul>\n<li><em>Me motiv\u00f3 retirarme la presi\u00f3n que sent\u00eda por parte mi padre. Sent\u00ed que me quem\u00e9 como deportista. \u00bfC\u00f3mo era posible que con 20 a\u00f1os me retirara? Es imperdonable. Me preguntan si me arrepiento, digo que s\u00ed. Los Juegos de Londres y R\u00edo de Janeiro eran mis Ol\u00edmpicos. Estaba cansada y aburrida, quer\u00eda salir, no quem\u00e9 muchas etapas de mi vida, fui sometida a muchas cosas que no me gustaban. Me motivo a retirarme mi padre, por las presiones y los entrenamientos tan excesivos que ten\u00eda en ese momento, a pesar de mi corta edad. La palabra es que me satur\u00e9 como deportista.<\/em><\/li>\n<\/ul>\n<p><strong>\u00bfQu\u00e9 la motiv\u00f3 para ser presidenta de la Liga de Norte de Santander?<\/strong><\/p>\n<ul>\n<li><em>Todo lo que pas\u00e9 como deportista. Los deportistas deben tener un proceso de adecuaci\u00f3n a la edad, tampoco es que tengan la libertad de hacer mucho, porque tienen prioridades deportivas. Soy un poquito flexible en esas cosas. Los apoyos son s\u00faper importantes. Mi mayor motivaci\u00f3n es ver el crecimiento personal y como deportistas. <\/em><\/li>\n<\/ul>\n<p><strong>\u00bfCu\u00e1ndo lleg\u00f3 a tomar las riendas de la Liga qu\u00e9 encontr\u00f3?<\/strong><\/p>\n<ul>\n<li><em>Un grupo hermoso, genuino, con ganas de luchar, que quer\u00eda cambios. Estaban en un momento en el que el r\u00e9gimen era autoritario, al igual que en mi \u00e9poca. Era una presi\u00f3n nociva. Tom\u00e9 la decisi\u00f3n de cambiar al entrenador. Lo tom\u00e9 desde mi rol de presidenta y no como hija. Aunque me doli\u00f3, pero eran los cambios necesarios, mucha gente les tiene miedo a los cambios, yo digo que no son malos, que son buenos. Ahora, con los cens\u00e9is Edgardo y Lalo ha sido un cambio incre\u00edble, porque la Liga es m\u00e1s de familia, m\u00e1s unidad.<\/em><\/li>\n<\/ul>\n<p><strong>Cuando recibi\u00f3 el aval de Coldeportes como Liga \u00bfqu\u00e9 se cumpl\u00eda en ese momento y cu\u00e1les eran los retos?<\/strong><\/p>\n<ul>\n<li><em>Al principio, ten\u00eda muchas piedras en el camino. Me dec\u00edan que no lo lograr\u00eda, que lo hab\u00edan hecho y hab\u00edan fracasado. Yo ten\u00eda el apoyo de Yuri Alvear, abogado de Coldeportes, y Mar\u00eda Olanda. Hicimos el papeleo de la manera correcta, fui a vivir dos meses a Bogot\u00e1. La Gobernaci\u00f3n fue un desastre. Revisaban por encima y daban la autorizaci\u00f3n cuando hab\u00eda fechas que no coincid\u00edan y eso Coldeportes me lo hizo ver. Una vez con el aval, arrancamos en Valledupar, nueve medallas, tres de oro y seis de bronce, Juegos Sup\u00e9rate, etc\u00e9tera, y de ah\u00ed con pie derecho. Hasta este a\u00f1o que no pudimos viajar por falta de apoyo.<\/em><\/li>\n<\/ul>\n<p><strong>\u00bfCuando Brayan Orozco lleg\u00f3 a practicar yudo, c\u00f3mo recibi\u00f3 la noticia como presidenta y como hermana?<\/strong><\/p>\n<ul>\n<li><em>A Brayan le pas\u00f3 lo mismo que a m\u00ed. Nos obligaban a practicar yudo. Tuve muchas discusiones con mi pap\u00e1 por eso. Soy enemiga de obligar a practicar un deporte. \u00c9l andaba como que s\u00ed, como que no. Empezamos a trabajar el yudo por salud, porque era obeso. Quien motiv\u00f3 a Brayan a practicar yudo fue Cristina <\/em><\/li>\n<\/ul>\n<p><strong>\u00bfQu\u00e9 cambi\u00f3 en su vida cuando pas\u00f3 de deportista a dirigente?<\/strong><\/p>\n<ul>\n<li><em>Cambi\u00f3 en todo. Una no es el amigo, sino que es la parte responsable. Yo juego, convivo con ellos y el respeto existe. Hay que ser el consejero, el sic\u00f3logo; en fin, en esta profesi\u00f3n hay que hacer de todo. Pero la vida no me la cambiaron los grandes, sino los chiquitos. Ellos, con la dulzura, la inocencia, hacen de la vida algo bonito, que te digan: \u201cte extra\u00f1\u00e9, cuando llegaste de Europa, un abrazo, eso hace cambiar. No soy perfecta, pero ellos me han hecho cambiar y saber que hay errores que no se pueden repetir. <\/em><\/li>\n<\/ul>\n<p><strong>\u00bfC\u00f3mo disfruta m\u00e1s las concentraciones, como deportista o como entrenadora?<\/strong><\/p>\n<ul>\n<li><em>Como entrenador. Me siento a ver los avances, lo que hay que corregir, lo que han evolucionado. Como dirigente, pendiente de los contactos, llamadas, de si podemos viajar, d\u00f3nde nos reciben, d\u00f3nde podemos hacer un campeonato. Tenemos la oportunidad de contar con buenas relaciones, hacer parte del Comit\u00e9 Nacional de Yudo. En fin, la dirigencia para m\u00ed es tener buenas relaciones y gestionar bien, cosa que aqu\u00ed en el departamento no hay. <\/em><\/li>\n<\/ul>\n<p><strong>\u00bfQu\u00e9 papel cumple el periodismo de Norte de Santander en el crecimiento de la Liga de Yudo?<\/strong><\/p>\n<ul>\n<li><em>A los periodistas los veo comprometidos con los deportistas. Anteriormente, hab\u00eda que buscarlos, mostrarles las medallas, decirles \u2018fui campeona\u2019, etc\u00e9tera. Hoy, no pasa a eso, gracias a ustedes nos conocen, conocemos la realidad del deporte en el departamento, los resultados buenos o malos. Gracias a los periodistas es que nos enteramos de muchos otros deportes, no siempre se habla de f\u00fatbol. <\/em><\/li>\n<\/ul>\n<p><strong>\u00bfDe d\u00f3nde surge la idea de masificar en los colegios el yudo?<\/strong><\/p>\n<ul>\n<li><em>La masificaci\u00f3n es el comienzo del cambio generacional y empezar a quitarles el puesto a los m\u00e1s grandes. Se trabaja con el Instituto T\u00e9cnico Guaimaral. El colegio Roosevelt, a mitad de a\u00f1o, se detuvo, apenas entren a clases se inicia otra vez el proceso. Todo esto con el fin de hacer crecer y mostrar el deporte. <\/em><\/li>\n<\/ul>\n<p><strong>\u00bfFue dif\u00edcil trasmitir la idea de la masificaci\u00f3n&nbsp; a los colegios?<\/strong><\/p>\n<ul>\n<li><em> El yudo es dif\u00edcil de vender, porque nos limitamos a las colchonetas. En una reuni\u00f3n me dec\u00edan que me comparaban con el rugby y la diferencia es que el rugby es un bal\u00f3n, guayos y pueden estar en cualquier cancha, nosotros no. El yudo tiene que tener colchonetas y trasladarlas, no tenemos c\u00f3mo hacer el traslado, los ni\u00f1os no se van a trasladar al coliseo. Los rectores lo han recibido bien, gracias a los resultados. Lo vendemos por Sup\u00e9rate, porque esa es la puerta de los Ol\u00edmpicos de la Juventud. <\/em><\/li>\n<\/ul>\n<p><strong>\u00bfQu\u00e9 tan importantes son los padres de familia?<\/strong><\/p>\n<ul>\n<li><em>Dir\u00eda que 80 % de los patrocinadores. No tenemos apoyo, ellos tienen que est\u00e1n pendientes. La parte negativa es que los padres de los grandes no tienen contacto con ellos, los chicos son los que buscan los recursos. En cambio los padres de familia de los m\u00e1s peque\u00f1os est\u00e1n pendientes. Un padre de familia debe acompa\u00f1ar al hijo, mas no exigirle resultados, porque no son una m\u00e1quina. <\/em><\/li>\n<\/ul>\n<p><strong>\u00bfQu\u00e9 es lo m\u00e1s dif\u00edcil de ser presidenta de la Liga de Yudo?<\/strong><\/p>\n<ul>\n<li><em>Mi personalidad. Trabajo mucho y aguanto mucho, me abstengo por ellos. Siento que a veces, cuando quiero decir lo que siento, los limito. No estoy de acuerdo como se maneja el deporte. Mi personalidad es chocante. <\/em><\/li>\n<\/ul>\n<p><strong>\u00bfC\u00f3mo podemos describir a Johana Orozco?<\/strong><\/p>\n<ul>\n<li><em>Soy ciento por ciento cucute\u00f1a, con todo mi car\u00e1cter. Me describo como una persona m\u00e1s sensible, antes aparentaba ser fuerte, que nada me lastimaba. Hoy, puedo decir que tengo m\u00e1s humanismo, aprend\u00ed a reconocer mis errores y a agachar la cabeza. Soy ciento por ciento feminista y siempre voy a hacer lo que pienso, no me gusta que me callen, no me gusta callar. Tengo mucha personalidad.<\/em><\/li>\n<\/ul>\n<p><strong>JORDY ORLANDO CRUZ<\/strong> <\/p>\n","protected":false},"excerpt":{"rendered":"<p>C\u00daCUTA.- El camino para Johana Orozco no ha sido f\u00e1cil en el mundo del deporte. Ni como deportista ni ahora en el rol de presidenta de la Liga de Yudo. A esta cucute\u00f1a no le parece correcto como se maneja el deporte en Norte de Santander y aunque tenga una personalidad chocante, trata de obtener &hellip;<\/p>\n","protected":false},"author":1,"featured_media":32863,"comment_status":"open","ping_status":"open","sticky":false,"template":"","format":"standard","meta":{"footnotes":""},"categories":[4,28],"tags":[263,4240,4239],"class_list":["post-32862","post","type-post","status-publish","format-standard","has-post-thumbnail","hentry","category-barra","category-vistazo-deportivo","tag-coldeportes","tag-johana-orozco","tag-liga-de-yudo"],"_links":{"self":[{"href":"https:\/\/contraluzcucuta.co\/index.php?rest_route=\/wp\/v2\/posts\/32862","targetHints":{"allow":["GET"]}}],"collection":[{"href":"https:\/\/contraluzcucuta.co\/index.php?rest_route=\/wp\/v2\/posts"}],"about":[{"href":"https:\/\/contraluzcucuta.co\/index.php?rest_route=\/wp\/v2\/types\/post"}],"author":[{"embeddable":true,"href":"https:\/\/contraluzcucuta.co\/index.php?rest_route=\/wp\/v2\/users\/1"}],"replies":[{"embeddable":true,"href":"https:\/\/contraluzcucuta.co\/index.php?rest_route=%2Fwp%2Fv2%2Fcomments&post=32862"}],"version-history":[{"count":1,"href":"https:\/\/contraluzcucuta.co\/index.php?rest_route=\/wp\/v2\/posts\/32862\/revisions"}],"predecessor-version":[{"id":32864,"href":"https:\/\/contraluzcucuta.co\/index.php?rest_route=\/wp\/v2\/posts\/32862\/revisions\/32864"}],"wp:featuredmedia":[{"embeddable":true,"href":"https:\/\/contraluzcucuta.co\/index.php?rest_route=\/wp\/v2\/media\/32863"}],"wp:attachment":[{"href":"https:\/\/contraluzcucuta.co\/index.php?rest_route=%2Fwp%2Fv2%2Fmedia&parent=32862"}],"wp:term":[{"taxonomy":"category","embeddable":true,"href":"https:\/\/contraluzcucuta.co\/index.php?rest_route=%2Fwp%2Fv2%2Fcategories&post=32862"},{"taxonomy":"post_tag","embeddable":true,"href":"https:\/\/contraluzcucuta.co\/index.php?rest_route=%2Fwp%2Fv2%2Ftags&post=32862"}],"curies":[{"name":"wp","href":"https:\/\/api.w.org\/{rel}","templated":true}]}}