{"id":32843,"date":"2018-07-23T20:10:24","date_gmt":"2018-07-24T01:10:24","guid":{"rendered":"http:\/\/contraluzcucuta.co\/?p=32843"},"modified":"2018-07-24T05:33:54","modified_gmt":"2018-07-24T10:33:54","slug":"futbol-de-segunda-voy-sacarle-jugo-la-ultima-naranja-con-cadenas-o-sin-cadena-pusineri","status":"publish","type":"post","link":"https:\/\/contraluzcucuta.co\/?p=32843","title":{"rendered":"F\u00daTBOL DE SEGUNDA. \u201cVoy a sacarle jugo a la \u00faltima naranja, con cadenas o sin Cadena\u201d: Pusineri"},"content":{"rendered":"<p style=\"padding-left: 60px;\"><span style=\"color: #ff6600;\"><strong>C\u00daCUTA.-<\/strong> \u201cLa real Banda es la que une a todos los hinchas\u201d, dijo el entrenador del c\u00facuta Deportivo, Lucas Pusineri, en el encuentro con miembros de la Banda del Indio. El di\u00e1logo se cumpli\u00f3 d\u00edas previos a comenzar en Colombia la segunda parte de la temporada del f\u00fatbol de segunda divisi\u00f3n.<\/span><\/p>\n<p>Los integrantes de la Banda alientan al cuadro motil\u00f3n en los partidos como local en el estadio General Santander. Los c\u00e1nticos resuenan desde la tribuna Sur y contagian a los dem\u00e1s asistentes en los grader\u00edos de Occidente, Oriente y Norte.<\/p>\n<p>\u201cSoy de ustedes, vine por un objetivo muy importante para mi vida y si llego a perder, me voy con mi malet\u00edn. Pero en estos momentos lo dejo todo\u201d, agreg\u00f3 el t\u00e9cnico argentino. Pusineri lleg\u00f3 a comienzos de a\u00f1o para ponerse al frente del equipo y mantiene un invicto de 15 fechas. El cuadro motil\u00f3n encabeza la clasificaci\u00f3n y la reclasificaci\u00f3n.<\/p>\n<p>En la charla aconsej\u00f3 a los muchachos y los invit\u00f3 a tener comportamientos dignos de un aficionado al f\u00fatbol. \u201cMuchachos, en la tribuna no se golpea, en la tribuna se cuida al otro, entre ustedes mismos, por los colores, por el carnaval\u201d.<\/p>\n<p>La Banda sigue al once fronterizo a las plazas donde juega como visitante y lleva los colores rojo y negro como estandarte. En esos viajes han perecido algunos aficionados, en diversas circunstancias. Pusineri se hizo eco de esos momentos aciagos. \u201cNo vamos a seguir perdiendo pibes en las mulas, se necesita algo bien organizado, lejos de los quilombos (pleitos)\u201d.<\/p>\n<p>Desde la tribuna, en ocasiones, surgen reclamos fuertes a los t\u00e9cnicos, que en ocasiones no comparten y se enfrentan. \u2018Profe, profe\u2026 esta barra no quiere\u2019, gritan los muchachos mientras bailan y dejan salir el sentimiento que tienen para con el elenco motil\u00f3n. \u201cLo que pretendo aqu\u00ed es unificar, sumar, ser parte de ustedes y luego est\u00e1 lo deportivo\u201d, les dijo el profesor Lucas Pusineri en el di\u00e1logo directo y sincero.<\/p>\n<p>A los jugadores tambi\u00e9n les dedican estribillos, a veces insultantes para exigirles entrega en el campo de juego. \u2018G\u00fcevos, hay que poner g\u00fcevos\u2026\u2019 les piden y contin\u00faan el baile. \u201cSoy el l\u00edder de un grupo y tengo claro que sin los jugadores no soy nada, pasa lo mismo con el equipo, no es nada sin la hinchada\u201d.<\/p>\n<p>Los tambores resuenen en el General Santander sin parar y en algunos momentos marcan la pauta entre la afici\u00f3n. Los gritos est\u00e1n acompa\u00f1ados por los trapos que extienden en la tribuna y llaman la atenci\u00f3n de locales y visitantes. \u201cPor eso tenemos que sumar, ser la gran banda\u201d, los inst\u00f3 el profesor.<\/p>\n<p>En los \u00faltimos a\u00f1os, por la condici\u00f3n de equipo de la B, muchos aficionados han abandonado al club. De los llenos de tardes dominicales o jornadas nocturnas quedan solo el recuerdo. Ahora, el n\u00famero ha bajado considerablemente y los entendidos achacan el distanciamiento a diversos factores. La trasmisi\u00f3n de los partidos por televisi\u00f3n, es uno; los resultados del 2017, es otro; la falta de compromiso de los directivos, es otro.<\/p>\n<p>Para ganar de nuevo a esos adeptos que est\u00e1n alejados Pusineri propuso una f\u00f3rmula. \u201cLo que quiero para mi vestuario, es proyectar, salir a los barrios, llenar el estadio. Quiero subirme al bus y llevar la identidad a los chicos cucute\u00f1os\u201d. Tiene la experiencia vivida como jugador en su Argentina del alma y le fue bien. \u201cAhora, la intenci\u00f3n es crecer y mi objetivo es noviembre para dar la alegr\u00eda\u201d de ser campeones de la categor\u00eda y ascender a la Primera Divisi\u00f3n.<\/p>\n<p>Pusineri les dijo a los muchachos de la Banda que est\u00e1 contento con el desempe\u00f1o de los jugadores y que va a sacarle \u201cjugo a la \u00faltima naranja, con cadenas o sin Cadena\u201d. Les sacar\u00e1 las gotas de esfuerzo a los 25 jugadores que tiene disponibles. El mensaje, en resumen, \u201ces que no nos carguemos entre nosotros, coreemos todos juntos, unamos un esfuerzo digno de una gran hinchada y alentemos sin parar toda la temporada.<\/p>\n<p>En el primer partid de la segunda vuelta del torneo de la B, C\u00facuta Deportivo derrot\u00f3 a Deportes Quind\u00edo (1-0) en calidad de visitante. De esa manera comenz\u00f3 con decisi\u00f3n el camino para retornar a la A y se consolida como l\u00edder del campeonato.&nbsp; <\/p>\n","protected":false},"excerpt":{"rendered":"<p>C\u00daCUTA.- \u201cLa real Banda es la que une a todos los hinchas\u201d, dijo el entrenador del c\u00facuta Deportivo, Lucas Pusineri, en el encuentro con miembros de la Banda del Indio. El di\u00e1logo se cumpli\u00f3 d\u00edas previos a comenzar en Colombia la segunda parte de la temporada del f\u00fatbol de segunda divisi\u00f3n. Los integrantes de la &hellip;<\/p>\n","protected":false},"author":1,"featured_media":32844,"comment_status":"open","ping_status":"open","sticky":false,"template":"","format":"standard","meta":{"footnotes":""},"categories":[4,28],"tags":[1165,192,1988,301,3997],"class_list":["post-32843","post","type-post","status-publish","format-standard","has-post-thumbnail","hentry","category-barra","category-vistazo-deportivo","tag-banda-del-indio","tag-cucuta-deportivo","tag-futbol-de-segunda","tag-futbol-profesional-colombiano","tag-lucas-pusineri"],"_links":{"self":[{"href":"https:\/\/contraluzcucuta.co\/index.php?rest_route=\/wp\/v2\/posts\/32843","targetHints":{"allow":["GET"]}}],"collection":[{"href":"https:\/\/contraluzcucuta.co\/index.php?rest_route=\/wp\/v2\/posts"}],"about":[{"href":"https:\/\/contraluzcucuta.co\/index.php?rest_route=\/wp\/v2\/types\/post"}],"author":[{"embeddable":true,"href":"https:\/\/contraluzcucuta.co\/index.php?rest_route=\/wp\/v2\/users\/1"}],"replies":[{"embeddable":true,"href":"https:\/\/contraluzcucuta.co\/index.php?rest_route=%2Fwp%2Fv2%2Fcomments&post=32843"}],"version-history":[{"count":2,"href":"https:\/\/contraluzcucuta.co\/index.php?rest_route=\/wp\/v2\/posts\/32843\/revisions"}],"predecessor-version":[{"id":32853,"href":"https:\/\/contraluzcucuta.co\/index.php?rest_route=\/wp\/v2\/posts\/32843\/revisions\/32853"}],"wp:featuredmedia":[{"embeddable":true,"href":"https:\/\/contraluzcucuta.co\/index.php?rest_route=\/wp\/v2\/media\/32844"}],"wp:attachment":[{"href":"https:\/\/contraluzcucuta.co\/index.php?rest_route=%2Fwp%2Fv2%2Fmedia&parent=32843"}],"wp:term":[{"taxonomy":"category","embeddable":true,"href":"https:\/\/contraluzcucuta.co\/index.php?rest_route=%2Fwp%2Fv2%2Fcategories&post=32843"},{"taxonomy":"post_tag","embeddable":true,"href":"https:\/\/contraluzcucuta.co\/index.php?rest_route=%2Fwp%2Fv2%2Ftags&post=32843"}],"curies":[{"name":"wp","href":"https:\/\/api.w.org\/{rel}","templated":true}]}}