{"id":32840,"date":"2018-07-23T16:31:37","date_gmt":"2018-07-23T21:31:37","guid":{"rendered":"http:\/\/contraluzcucuta.co\/?p=32840"},"modified":"2018-07-23T16:31:37","modified_gmt":"2018-07-23T21:31:37","slug":"colombiamoda-2018-empresarios-cucutenos-listos-para-participar-en-la-feria","status":"publish","type":"post","link":"https:\/\/contraluzcucuta.co\/?p=32840","title":{"rendered":"COLOMBIAMODA 2018. Empresarios cucute\u00f1os listos para participar en la feria"},"content":{"rendered":"<p style=\"padding-left: 60px;\"><span style=\"color: #ff6600;\"><strong>C\u00daCUTA.-<\/strong> La Asociaci\u00f3n de Talleres Sat\u00e9lites de C\u00facuta (Asosac) har\u00e1 presencia en Colombiamoda, del 24 al 26 de julio. En la feria la C\u00e1mara de Comercio presentar\u00e1 al pa\u00eds la oferta institucional dirigida al sector moda y los avances del proyecto de \u2018C\u00facuta Ciudad Maquila\u2019, que busca la formalizaci\u00f3n y la generaci\u00f3n de miles de empleos en los sectores de calzado, cuero, confecci\u00f3n y marroquiner\u00eda.<\/span><\/p>\n<p>Diversas empresas de la regi\u00f3n participar\u00e1n en la feria m\u00e1s importante de Latinoam\u00e9rica tras recibir el respaldo de la entidad. La novedad ser\u00e1 la presencia de integrantes de Asosac, que recibi\u00f3 $ 14 millones como apoyo por parte de la C\u00e1mara y la Gobernaci\u00f3n de Norte de Santander.<\/p>\n<p>La Asociaci\u00f3n est\u00e1 compuesta por 30 talleres del proceso de producci\u00f3n de bluyines, que laboraban informalmente, y en desarrollo del proyecto \u2018C\u00facuta Ciudad Maquila\u2019 decidieron formalizarse y unir esfuerzos para tener m\u00e1s y mejor producci\u00f3n durante las temporadas.<\/p>\n<p>\u201cEs gratificante tener esta presencia significativa en un espacio tan reconocido como Colombiamoda\u201d, coment\u00f3 Carlos Luna, presidente ejecutivo de la C\u00e1mara de Comercio de C\u00facuta. \u201cTenemos claro que somos fuertes en los sectores de cuero, calzado y confecci\u00f3n y vamos a mostrarle al pa\u00eds todo lo bueno que se est\u00e1 haciendo en nuestra regi\u00f3n\u201d.<\/p>\n<p>El objetivo de la presencia es que el pa\u00eds conozca casos de \u00e9xito como el de Asosac, con el que queda claro que la formalidad es el camino y que con el trabajo en equipo es mucho m\u00e1s f\u00e1cil lograr las metas.<\/p>\n<p>Oli Accesorios, Sibley Jeans, S&amp;P Jeans, Mashai, Polo Atlantic, Zuly Ni\u00f1o, Tiusstel y Stopel, son algunas de las empresas de la regi\u00f3n que recibieron apoyo econ\u00f3mico y log\u00edstico de la C\u00e1mara de Comercio para tener un espacio de exhibici\u00f3n en la feria de moda m\u00e1s importante del sector.<\/p>\n<p>En total, fueron $ 27 millones los destinados para apoyar a las empresas locales que esperan dar a conocer las marcas y cerrar m\u00faltiples negocios con inversionistas nacionales y extranjeros que visitan Colombiamoda. <\/p>\n","protected":false},"excerpt":{"rendered":"<p>C\u00daCUTA.- La Asociaci\u00f3n de Talleres Sat\u00e9lites de C\u00facuta (Asosac) har\u00e1 presencia en Colombiamoda, del 24 al 26 de julio. En la feria la C\u00e1mara de Comercio presentar\u00e1 al pa\u00eds la oferta institucional dirigida al sector moda y los avances del proyecto de \u2018C\u00facuta Ciudad Maquila\u2019, que busca la formalizaci\u00f3n y la generaci\u00f3n de miles de &hellip;<\/p>\n","protected":false},"author":1,"featured_media":32841,"comment_status":"open","ping_status":"open","sticky":false,"template":"","format":"standard","meta":{"footnotes":""},"categories":[4,6],"tags":[375,4236,379],"class_list":["post-32840","post","type-post","status-publish","format-standard","has-post-thumbnail","hentry","category-barra","category-ojo-avizor","tag-camara-de-comercio-de-cucuta","tag-colombiamoda-2018","tag-gobernacion-de-norte-de-santander"],"_links":{"self":[{"href":"https:\/\/contraluzcucuta.co\/index.php?rest_route=\/wp\/v2\/posts\/32840","targetHints":{"allow":["GET"]}}],"collection":[{"href":"https:\/\/contraluzcucuta.co\/index.php?rest_route=\/wp\/v2\/posts"}],"about":[{"href":"https:\/\/contraluzcucuta.co\/index.php?rest_route=\/wp\/v2\/types\/post"}],"author":[{"embeddable":true,"href":"https:\/\/contraluzcucuta.co\/index.php?rest_route=\/wp\/v2\/users\/1"}],"replies":[{"embeddable":true,"href":"https:\/\/contraluzcucuta.co\/index.php?rest_route=%2Fwp%2Fv2%2Fcomments&post=32840"}],"version-history":[{"count":1,"href":"https:\/\/contraluzcucuta.co\/index.php?rest_route=\/wp\/v2\/posts\/32840\/revisions"}],"predecessor-version":[{"id":32842,"href":"https:\/\/contraluzcucuta.co\/index.php?rest_route=\/wp\/v2\/posts\/32840\/revisions\/32842"}],"wp:featuredmedia":[{"embeddable":true,"href":"https:\/\/contraluzcucuta.co\/index.php?rest_route=\/wp\/v2\/media\/32841"}],"wp:attachment":[{"href":"https:\/\/contraluzcucuta.co\/index.php?rest_route=%2Fwp%2Fv2%2Fmedia&parent=32840"}],"wp:term":[{"taxonomy":"category","embeddable":true,"href":"https:\/\/contraluzcucuta.co\/index.php?rest_route=%2Fwp%2Fv2%2Fcategories&post=32840"},{"taxonomy":"post_tag","embeddable":true,"href":"https:\/\/contraluzcucuta.co\/index.php?rest_route=%2Fwp%2Fv2%2Ftags&post=32840"}],"curies":[{"name":"wp","href":"https:\/\/api.w.org\/{rel}","templated":true}]}}