{"id":32834,"date":"2018-07-20T20:58:33","date_gmt":"2018-07-21T01:58:33","guid":{"rendered":"http:\/\/contraluzcucuta.co\/?p=32834"},"modified":"2018-07-20T20:58:33","modified_gmt":"2018-07-21T01:58:33","slug":"revista-activa-abiertas-las-votaciones-para-reconocimientos-anuales","status":"publish","type":"post","link":"https:\/\/contraluzcucuta.co\/?p=32834","title":{"rendered":"REVISTA ACTIVA. Abiertas las votaciones para reconocimientos anuales"},"content":{"rendered":"<p style=\"padding-left: 60px;\"><span style=\"color: #ff6600;\"><strong>C\u00daCUTA.-<\/strong> La revista Activa entregar\u00e1 los reconocimientos anuales, el 28 de septiembre, en la celebraci\u00f3n de los 11 a\u00f1os de presencia entre los cucute\u00f1os. En esta versi\u00f3n ser\u00e1n premiados &nbsp;programas institucionales de televisi\u00f3n regional, marcas de mayor recordaci\u00f3n y personajes favoritos del p\u00fablico en televisi\u00f3n, radio y prensa escrita de Norte de Santander, durante el \u00faltimo a\u00f1o.<\/span><\/p>\n<p>La votaci\u00f3n se dividir\u00e1 en 2 etapas.&nbsp; En la primera, se seleccionar\u00e1n dos favoritos por categor\u00eda. Las votaciones se cerrar\u00e1n el 30 de agosto. &nbsp;En la segunda, &nbsp;se elegir\u00e1 al ganador de cada categor\u00eda. La votaci\u00f3n ser\u00e1 del 1 al 26 de septiembre.<\/p>\n<p>Las votaciones podr\u00e1n hacerse en la p\u00e1gina www.revistactiva.com y equivaldr\u00e1 al 30 %. La revista f\u00edsica equivaldr\u00e1 al 70 % de la votaci\u00f3n, para participar hay que llenar y recortar el cup\u00f3n que aparece en la revista y entregarlo en el Centro Comercial Bol\u00edvar, local B30.<\/p>\n<p>Las categor\u00edas son las siguientes:<\/p>\n<ol>\n<li>Personaje Activa del a\u00f1o.<\/li>\n<li>Marca de mayor recordaci\u00f3n.<\/li>\n<li>Reporteros gr\u00e1ficos destacados.<\/li>\n<li>Locutora de informativo radial favorita.<\/li>\n<li>Locutor de informativo radial favorito.<\/li>\n<li>Locutora de radio musical favorita.<\/li>\n<li>Locutor de radio musical favorito.<\/li>\n<li>Periodista de prensa escrita favorito.<\/li>\n<li>Nuevos talentos de la presentaci\u00f3n a nivel nacional.<\/li>\n<li>Presentadora de magaz\u00edn regional de tv favorita.<\/li>\n<li>Presentador de magaz\u00edn regional de tv favorito.<\/li>\n<li>Presentadora de informativo de tv regional favorita.<\/li>\n<li>Presentador de informativo de tv regional favorito.<\/li>\n<li>Programa institucional favorito.<\/li>\n<\/ol>\n","protected":false},"excerpt":{"rendered":"<p>C\u00daCUTA.- La revista Activa entregar\u00e1 los reconocimientos anuales, el 28 de septiembre, en la celebraci\u00f3n de los 11 a\u00f1os de presencia entre los cucute\u00f1os. En esta versi\u00f3n ser\u00e1n premiados &nbsp;programas institucionales de televisi\u00f3n regional, marcas de mayor recordaci\u00f3n y personajes favoritos del p\u00fablico en televisi\u00f3n, radio y prensa escrita de Norte de Santander, durante el &hellip;<\/p>\n","protected":false},"author":1,"featured_media":32835,"comment_status":"open","ping_status":"open","sticky":false,"template":"","format":"standard","meta":{"footnotes":""},"categories":[4,37],"tags":[4235,4234],"class_list":["post-32834","post","type-post","status-publish","format-standard","has-post-thumbnail","hentry","category-barra","category-paseo-cultural","tag-premios-regionales","tag-revista-activa"],"_links":{"self":[{"href":"https:\/\/contraluzcucuta.co\/index.php?rest_route=\/wp\/v2\/posts\/32834","targetHints":{"allow":["GET"]}}],"collection":[{"href":"https:\/\/contraluzcucuta.co\/index.php?rest_route=\/wp\/v2\/posts"}],"about":[{"href":"https:\/\/contraluzcucuta.co\/index.php?rest_route=\/wp\/v2\/types\/post"}],"author":[{"embeddable":true,"href":"https:\/\/contraluzcucuta.co\/index.php?rest_route=\/wp\/v2\/users\/1"}],"replies":[{"embeddable":true,"href":"https:\/\/contraluzcucuta.co\/index.php?rest_route=%2Fwp%2Fv2%2Fcomments&post=32834"}],"version-history":[{"count":1,"href":"https:\/\/contraluzcucuta.co\/index.php?rest_route=\/wp\/v2\/posts\/32834\/revisions"}],"predecessor-version":[{"id":32836,"href":"https:\/\/contraluzcucuta.co\/index.php?rest_route=\/wp\/v2\/posts\/32834\/revisions\/32836"}],"wp:featuredmedia":[{"embeddable":true,"href":"https:\/\/contraluzcucuta.co\/index.php?rest_route=\/wp\/v2\/media\/32835"}],"wp:attachment":[{"href":"https:\/\/contraluzcucuta.co\/index.php?rest_route=%2Fwp%2Fv2%2Fmedia&parent=32834"}],"wp:term":[{"taxonomy":"category","embeddable":true,"href":"https:\/\/contraluzcucuta.co\/index.php?rest_route=%2Fwp%2Fv2%2Fcategories&post=32834"},{"taxonomy":"post_tag","embeddable":true,"href":"https:\/\/contraluzcucuta.co\/index.php?rest_route=%2Fwp%2Fv2%2Ftags&post=32834"}],"curies":[{"name":"wp","href":"https:\/\/api.w.org\/{rel}","templated":true}]}}