{"id":32826,"date":"2018-07-20T19:13:02","date_gmt":"2018-07-21T00:13:02","guid":{"rendered":"http:\/\/contraluzcucuta.co\/?p=32826"},"modified":"2018-07-20T19:13:02","modified_gmt":"2018-07-21T00:13:02","slug":"fiestas-de-cucuta-el-comercio-se-viste-de-feria-resulto-una-actividad-normal","status":"publish","type":"post","link":"https:\/\/contraluzcucuta.co\/?p=32826","title":{"rendered":"FIESTAS DE C\u00daCUTA. \u2018El comercio se viste de feria\u2019 result\u00f3 una actividad normal"},"content":{"rendered":"<p style=\"padding-left: 60px;\"><span style=\"color: #ff6600;\"><strong>C\u00daCUTA.-<\/strong> El 81 por ciento de los comerciantes que participaron en la encuesta cualitativa de Fenalco, acerca de la campa\u00f1a \u201cEl comercio se viste de feria\u201d, manifest\u00f3 que las ventas, entre el 17 y el 18 de julio, se comportaron como un d\u00eda normal.<\/span><\/p>\n<p>Entre las razones expuestas para no mejorar los ingresos est\u00e1 que a la comunidad le falt\u00f3 enterarse m\u00e1s de las actividades de las ferias. Entre los aspectos que deben mejorarse, seg\u00fan los establecimientos, est\u00e1n:<\/p>\n<p>1.- Mayor gesti\u00f3n y uni\u00f3n con los comerciantes para que la jornada sea efectiva. Opin\u00f3 el 47 % de los encuestados. Solo el 23 %&nbsp; extendi\u00f3 el horario de atenci\u00f3n<\/p>\n<p>2.- Aumentar la publicidad, seg\u00fan el 42 %<\/p>\n<p>3.- Incrementar la seguridad, dijo el 29 %<\/p>\n<p>4.- Que la jornada se cumpla en fin de semana debido a que hay m\u00e1s afluencia de la comunidad, afirm\u00f3 el 29 %.<\/p>\n<p>La campa\u00f1a es la primera vez que se lleva a cabo en la ciudad. Entre m\u00e1s jornadas existan del \u2018Comercio se viste de feria\u2019, la comunidad se concientizar\u00e1 y planear\u00e1 las compras. La actividad hace parte de la Feria de C\u00facuta.<\/p>\n<p>El evento cultural permite que los cucute\u00f1os disfrutar momentos de esparcimiento, ocio y jovialidad. El fin es activar la econom\u00eda del comercio. La Alcald\u00eda de C\u00facuta, la C\u00e1mara de Comercio, Fenalco y centros comerciales impulsaron por primera vez la iniciativa de la campa\u00f1a <em>\u2018<\/em>El comercio se viste de feria\u2019, del 17 al 18 de julio.<\/p>\n<p>Los comerciantes aprovecharon los dos d\u00edas para rotar los inventarios y ofrecieron a los clientes descuentos especiales. Las ventajas para aumentar las ventas por parte de la oferta fueron:<\/p>\n<p>1.- Extender los horarios de atenci\u00f3n hasta las 10:00 de la noche (dependiendo de la demanda)<\/p>\n<p>2.- Algunos prefirieron hacer publicidad extra de descuentos de feria<\/p>\n<p>3.- La Secretar\u00eda de Tr\u00e1nsito permiti\u00f3 el parqueo en la v\u00eda del lateral derecho despu\u00e9s de las 7:00 de la noche para facilitar las compras. <\/p>\n","protected":false},"excerpt":{"rendered":"<p>C\u00daCUTA.- El 81 por ciento de los comerciantes que participaron en la encuesta cualitativa de Fenalco, acerca de la campa\u00f1a \u201cEl comercio se viste de feria\u201d, manifest\u00f3 que las ventas, entre el 17 y el 18 de julio, se comportaron como un d\u00eda normal. Entre las razones expuestas para no mejorar los ingresos est\u00e1 que &hellip;<\/p>\n","protected":false},"author":1,"featured_media":32827,"comment_status":"open","ping_status":"open","sticky":false,"template":"","format":"standard","meta":{"footnotes":""},"categories":[4,36],"tags":[226,1526,4231,4230],"class_list":["post-32826","post","type-post","status-publish","format-standard","has-post-thumbnail","hentry","category-barra","category-la-voz-del-pueblo","tag-alcaldia-de-cucuta","tag-fenalco-norte-de-santander","tag-ferias-de-cucuta","tag-fiestas-de-cucuta"],"_links":{"self":[{"href":"https:\/\/contraluzcucuta.co\/index.php?rest_route=\/wp\/v2\/posts\/32826","targetHints":{"allow":["GET"]}}],"collection":[{"href":"https:\/\/contraluzcucuta.co\/index.php?rest_route=\/wp\/v2\/posts"}],"about":[{"href":"https:\/\/contraluzcucuta.co\/index.php?rest_route=\/wp\/v2\/types\/post"}],"author":[{"embeddable":true,"href":"https:\/\/contraluzcucuta.co\/index.php?rest_route=\/wp\/v2\/users\/1"}],"replies":[{"embeddable":true,"href":"https:\/\/contraluzcucuta.co\/index.php?rest_route=%2Fwp%2Fv2%2Fcomments&post=32826"}],"version-history":[{"count":1,"href":"https:\/\/contraluzcucuta.co\/index.php?rest_route=\/wp\/v2\/posts\/32826\/revisions"}],"predecessor-version":[{"id":32828,"href":"https:\/\/contraluzcucuta.co\/index.php?rest_route=\/wp\/v2\/posts\/32826\/revisions\/32828"}],"wp:featuredmedia":[{"embeddable":true,"href":"https:\/\/contraluzcucuta.co\/index.php?rest_route=\/wp\/v2\/media\/32827"}],"wp:attachment":[{"href":"https:\/\/contraluzcucuta.co\/index.php?rest_route=%2Fwp%2Fv2%2Fmedia&parent=32826"}],"wp:term":[{"taxonomy":"category","embeddable":true,"href":"https:\/\/contraluzcucuta.co\/index.php?rest_route=%2Fwp%2Fv2%2Fcategories&post=32826"},{"taxonomy":"post_tag","embeddable":true,"href":"https:\/\/contraluzcucuta.co\/index.php?rest_route=%2Fwp%2Fv2%2Ftags&post=32826"}],"curies":[{"name":"wp","href":"https:\/\/api.w.org\/{rel}","templated":true}]}}