{"id":32823,"date":"2018-07-20T17:29:05","date_gmt":"2018-07-20T22:29:05","guid":{"rendered":"http:\/\/contraluzcucuta.co\/?p=32823"},"modified":"2018-07-20T19:58:19","modified_gmt":"2018-07-21T00:58:19","slug":"carta-al-nono-rafa-gracias-por-permitirme-vivir-las-ferias-de-cucuta","status":"publish","type":"post","link":"https:\/\/contraluzcucuta.co\/?p=32823","title":{"rendered":"CARTA AL NONO RAFA. Gracias por permitirme vivir las ferias de C\u00facuta"},"content":{"rendered":"<p style=\"padding-left: 60px;\"><span style=\"color: #ff6600;\">Hola, Nono, te escribo desde C\u00facuta, ciudad que por estos d\u00edas est\u00e1 de fiesta. Por ah\u00ed me enter\u00e9 de que estas ferias no son invento del alcalde C\u00e9sar Rojas, sino que corresponden al pasado de la capital de Norte de Santander. En otras \u00e9pocas, le\u00ed, tuvieron otros nombres, pero al final resulta lo mismo y a la mayor\u00eda de habitantes y visitantes les gustan. Aunque, unos poquitos han protestado en las plataformas digitales.<\/span><\/p>\n<p>Los antecedentes dicen que en una \u00e9poca eran las Fiestas Julianas y que la programaci\u00f3n inclu\u00eda corridas de toros, partidos de f\u00fatbol, desfiles, comparsas y mucha alegr\u00eda. Los cucute\u00f1os corr\u00edan por las calles en se\u00f1al de alegr\u00eda y viv\u00edan contentos. Eran otros tiempos, es verdad, pero serv\u00edan de escape a la cotidianidad.<\/p>\n<p>El jueves, asistimos al desfile de autos antiguos y me divirti\u00f3 ver esos carros relucientes a pesar del paso de los a\u00f1os. Unos son de comienzos del siglo XX, otros de cualquier d\u00e9cada, pero conservados. Los asistentes quedaron admirados, as\u00ed los hubieran visto en otra ocasi\u00f3n. Pasaron lentos, exhibi\u00e9ndose como estrellas de televisi\u00f3n. Y arrancaron suspiros, mientras los due\u00f1os sonre\u00edan y sacaban pecho, para que los fotografiaran. Gracias, Nono, por acercarme a ese pasado tan lejano para m\u00ed.<\/p>\n<p>En estos d\u00edas que pas\u00e9 por su casa vi una foto pegada a la pared en la que aparece usted con sus pap\u00e1s y sus hermanos. Pregunt\u00e9 qu\u00e9 le recordaba la imagen y sol\u00edcito, como siempre, dijo que correspond\u00eda a la primera Feria Internacional de la Frontera, que tuvo como sede el Bosque Popular. Entre los detalles que escuch\u00e9 me llam\u00f3 la atenci\u00f3n c\u00f3mo se divert\u00edan a la par que asist\u00edan a exposiciones de maquinaria y otros productos que llamaban la atenci\u00f3n.<\/p>\n<p>Usted sabe, Nono, la afici\u00f3n que tengo por las motos de alta cilindrada. En este desfile pude apreciar varias de esas m\u00e1quinas gigantes que conoc\u00eda por los juegos en el tel\u00e9fono que usted amablemente me presta sin importar que le gaste los datos. Me emocion\u00e9 al m\u00e1ximo, lo confieso, cuando hice realidad mi sue\u00f1o de estar cerca a las motos GP.<\/p>\n<p>En otro a\u00f1o las ferias se trasladaron a la Zona Franca y tambi\u00e9n hubo jolgorio. Los cucute\u00f1os van hasta donde los convoque la diversi\u00f3n. Hace poco se quiso tener un sitio especial para las ferias, pero las malas administraciones dieron al traste con el proyecto y hoy Interferias es un vago recuerdo. Jam\u00e1s pudo cumplir con su misi\u00f3n en la frontera debido a un d\u00e9ficit econ\u00f3mico y se liquid\u00f3. Lo extra\u00f1o es que nadie protest\u00f3 como lo hacen ahora porque hay fiestas en la ciudad.<\/p>\n<p>\u00a1Huy, Nono! Bacanos los carros que llevaban levantada la puerta del ba\u00fal para mostrar los equipos de sonido potentes, con m\u00fasica estridente, moderna, juvenil. Entre la multitud que sali\u00f3 a saludar el paso de los autos, muchos cantaban esas canciones y hasta las bailaban. \u00bfSabe por qu\u00e9? Simple, est\u00e1n en fiesta.<\/p>\n<p>Donamaris Ram\u00edrez, para hablar del pasado reciente, pretendi\u00f3 revivir las Fiestas Julianas y organiz\u00f3 reinados, bailes, ferias en los barrios y contrat\u00f3 orquestas. No se institucionalizaron, porque cada administrador de la ciudad trae su programaci\u00f3n. Aunque creo que todos tienen la misma intenci\u00f3n de divertir al pueblo.<\/p>\n<p>Nono, le cuento, entre los cr\u00edticos hay quienes protestan porque la situaci\u00f3n no est\u00e1 para celebraciones estruendosas y verbenas. Yo, quiero decirles que estoy pr\u00f3ximo a cumplir seis a\u00f1os en este mundo y que en esos casi 72 meses de vida no he hecho sino escuchar cuestiones negativas.<\/p>\n<p>Nac\u00ed en la administraci\u00f3n de Donamaris y en este tiempo el C\u00facuta ha estado m\u00e1s en la B que en la A, no se construy\u00f3 el proyecto del Parque Bavaria, no hay transporte masivo, los \u00edndices de violencia no bajan, el desempleo aumenta, las ventas ambulantes crecen por doquier, los pol\u00edticos viven m\u00e1s en Bogot\u00e1 que aqu\u00ed, las calles siguen destapadas y los buenos colegios se fusionaron. \u00bfEntonces?<\/p>\n<p>En los dos \u00faltimos a\u00f1os solo leo, escucho y veo en los medios de comunicaci\u00f3n locales registros de noticias relacionadas con el ingreso masivo de venezolanos, sobre la estigmatizaci\u00f3n de los paisanos de mi nono Domingo, del cierre de la frontera, de robos, violaci\u00f3n de los derechos humanos, asesinatos, narcotr\u00e1fico, El Catatumbo, marchas, paros armados, corrupci\u00f3n y mucho m\u00e1s.<\/p>\n<p>Preguntas ingenuas. \u00bfDe eso es que quieren leer, escuchar y ver los cr\u00edticos de las fiestas? \u00bfLes gusta m\u00e1s ver titulares rojos en los peri\u00f3dicos, que rostros de ni\u00f1as bonitas que quieren ser la reina de C\u00facuta? \u00bfLes agrada m\u00e1s conocer al nuevo corrupto que se llena los bolsillos con el dinero del PAE que asistir a un concierto?<\/p>\n<p>\u00bfAcaso los cucute\u00f1os no tenemos derecho a vivir cinco d\u00edas de fiesta como lo hacen los dem\u00e1s pueblos de Norte de Santander y de Colombia? Porque hay unos pocos que se disgustan con el atasco del momento en El Malec\u00f3n no deben acabarse las ferias.<\/p>\n<p>Vea, Nono, de verdad. Le\u00ed en un libro de historia, a prop\u00f3sito del Mundial Rusia 2018, que en 1986 Colombia ser\u00eda el responsable de la organizaci\u00f3n del torneo y que no se hizo porque al presidente Belisario Betancur, conservador como mis bisnonos, le metieron en la cabeza que mejor invirtiera en v\u00edas, educaci\u00f3n, salud y otros renglones que necesitaban recursos. M\u00e9xico se hizo cargo del torneo, que a prop\u00f3sito gan\u00f3 su Argentina, y las v\u00edas, las escuelas, los hospitales y los otros renglones se mantuvieron alejados del presupuesto nacional.<\/p>\n<p>Aqu\u00ed es cuando reflexiono. Los recursos destinados para las fiestas, si no se organizaran, \u00bfse invertir\u00e1n en la dotaci\u00f3n de servicios p\u00fablicos a los habitantes de los cerros que circundan la ciudad? o \u00bflos destinar\u00e1n para dotar m\u00e1s albergues para atender a los migrantes? Creo que el ingenuo no soy yo.<\/p>\n<p>De nuevo, Nono Rafa, gracias por haberme llevado de la mano a ver el desfile de autos antiguos y por el helado que me brind\u00f3. Otro d\u00eda le escribir\u00e9 para contarle m\u00e1s de esta C\u00facuta que, a veces, se llena de contrariedades.<\/p>\n<p><strong>Tu nieto SAMUEL YAMIT<\/strong> <\/p>\n","protected":false},"excerpt":{"rendered":"<p>Hola, Nono, te escribo desde C\u00facuta, ciudad que por estos d\u00edas est\u00e1 de fiesta. Por ah\u00ed me enter\u00e9 de que estas ferias no son invento del alcalde C\u00e9sar Rojas, sino que corresponden al pasado de la capital de Norte de Santander. En otras \u00e9pocas, le\u00ed, tuvieron otros nombres, pero al final resulta lo mismo y &hellip;<\/p>\n","protected":false},"author":1,"featured_media":32824,"comment_status":"open","ping_status":"open","sticky":false,"template":"","format":"standard","meta":{"footnotes":""},"categories":[14,4],"tags":[226,4229,4230],"class_list":["post-32823","post","type-post","status-publish","format-standard","has-post-thumbnail","hentry","category-articulistas","category-barra","tag-alcaldia-de-cucuta","tag-carta-al-nono","tag-fiestas-de-cucuta"],"_links":{"self":[{"href":"https:\/\/contraluzcucuta.co\/index.php?rest_route=\/wp\/v2\/posts\/32823","targetHints":{"allow":["GET"]}}],"collection":[{"href":"https:\/\/contraluzcucuta.co\/index.php?rest_route=\/wp\/v2\/posts"}],"about":[{"href":"https:\/\/contraluzcucuta.co\/index.php?rest_route=\/wp\/v2\/types\/post"}],"author":[{"embeddable":true,"href":"https:\/\/contraluzcucuta.co\/index.php?rest_route=\/wp\/v2\/users\/1"}],"replies":[{"embeddable":true,"href":"https:\/\/contraluzcucuta.co\/index.php?rest_route=%2Fwp%2Fv2%2Fcomments&post=32823"}],"version-history":[{"count":3,"href":"https:\/\/contraluzcucuta.co\/index.php?rest_route=\/wp\/v2\/posts\/32823\/revisions"}],"predecessor-version":[{"id":32830,"href":"https:\/\/contraluzcucuta.co\/index.php?rest_route=\/wp\/v2\/posts\/32823\/revisions\/32830"}],"wp:featuredmedia":[{"embeddable":true,"href":"https:\/\/contraluzcucuta.co\/index.php?rest_route=\/wp\/v2\/media\/32824"}],"wp:attachment":[{"href":"https:\/\/contraluzcucuta.co\/index.php?rest_route=%2Fwp%2Fv2%2Fmedia&parent=32823"}],"wp:term":[{"taxonomy":"category","embeddable":true,"href":"https:\/\/contraluzcucuta.co\/index.php?rest_route=%2Fwp%2Fv2%2Fcategories&post=32823"},{"taxonomy":"post_tag","embeddable":true,"href":"https:\/\/contraluzcucuta.co\/index.php?rest_route=%2Fwp%2Fv2%2Ftags&post=32823"}],"curies":[{"name":"wp","href":"https:\/\/api.w.org\/{rel}","templated":true}]}}