{"id":32819,"date":"2018-07-18T20:26:20","date_gmt":"2018-07-19T01:26:20","guid":{"rendered":"http:\/\/contraluzcucuta.co\/?p=32819"},"modified":"2018-07-18T20:26:20","modified_gmt":"2018-07-19T01:26:20","slug":"notas-al-margen-cucuta-debe-unirse-y-ser-oida-por-colombia-y-venezuela","status":"publish","type":"post","link":"https:\/\/contraluzcucuta.co\/?p=32819","title":{"rendered":"NOTAS AL MARGEN. C\u00facuta debe unirse y ser o\u00edda por Colombia y Venezuela"},"content":{"rendered":"<p style=\"padding-left: 60px;\"><span style=\"color: #ff6600;\">1.- Dada la magnitud y las caracter\u00edsticas de la situaci\u00f3n que experimentan la frontera y, en especial, C\u00facuta en virtud de los \u00edndices de desempleo, inseguridad y carencia de medidas que permitan incentivar el desarrollo, porque faltan est\u00edmulos y mecanismos que permitan dar origen a un verdadero y aut\u00e9ntico proceso de cambio y trasformaci\u00f3n, resulta incre\u00edble que la administraci\u00f3n municipal convoque a la ciudadan\u00eda para el cumplimiento de unos encuentros p\u00fablicos, mediante un desfile de grandes proporciones de personas y veh\u00edculos, con el fin de efectuar festejos feriales, olvidando que nos hallamos en fase cr\u00edtica y que lo m\u00e1s conveniente, necesario y urgente es llamar a la uni\u00f3n ciudadana &#8211; con participaci\u00f3n de los sectores privados y p\u00fablicos &#8211; en procura de lograr que los gobiernos de Colombia y Venezuela, mediante ejemplar acercamiento y para obtener el anhelado entendimiento, se pongan de acuerdo sobre lo que requiere y le urge a la frontera, para dar inicio y proyecci\u00f3n a las soluciones ya las perspectivas que est\u00e1n contenidas y que, desafortunadamente, vienen aplaz\u00e1ndose, como lo confirman los casi tres a\u00f1os \u2013 que se cumplir\u00e1n en agosto &#8211; con el cierre de la frontera y de la limitaci\u00f3n en los tr\u00e1nsitos y los desenvolvimientos entre los dos pa\u00edses.<\/span><\/p>\n<p>2.- No validar lo que acontece y darle m\u00e1s importancia a la irrupci\u00f3n por las calles centrales de la ciudad, de unos mensajes de alegr\u00eda, con participaci\u00f3n de estudiantes y bellas exponentes femeninas, es impactante, porque paralizan el tr\u00e1fico y generan deseos hacia la b\u00fasqueda de ambiciones contenidas. Pero, cuando lo que hay y se agrava es la contenci\u00f3n de actividades, el cierre de negocios y un alud de hechos de car\u00e1cter monetario, financiero y productivo, que si no les ponemos coto y obramos pronto y unitariamente, los problemas se agigantar\u00e1n, con enorme perjuicio para la ciudadan\u00eda y para la imagen y la calificaci\u00f3n de C\u00facuta como ciudad, \u00e1rea, zona y puerto de significativa importancia, para el proceso de integraci\u00f3n y complementaci\u00f3n de esfuerzos que pueden lograrse entre Colombia y Venezuela, dada la importancia de la ubicaci\u00f3n geoestrat\u00e9gica&nbsp; y los aprovechamientos y las ventajas comparativas, que surgir\u00edan con un desarrollo innovador, que contemple las posibilidades por explorar en mercados, productos y complementaciones para lo nacional e internacional, mediante el impulso a la industrializaci\u00f3n, el establecimiento de Parques Industriales, Tecnol\u00f3gicos, Zonas Francas Especializadas y la Zona Aduanera para Maquiladoras, tal como se present\u00f3 a la consideraci\u00f3n de las canciller\u00edas, en el 2015, pero que los gobiernos mantienen en un suspenso que debe definirse y no prolongarse.<\/p>\n<p>3.- Si las fiestas convocadas hubieran sido para llenar parques o lugares p\u00fablicos con el fin de pedirles a los dos gobiernos que comprendan lo que suceda en la frontera y para que obren con esp\u00edritu renovador y progresista, para que la vida en lo socioecon\u00f3mico y pol\u00edtico se clarifique, restablezca e inicie una nueva, la alegr\u00eda habr\u00eda sido no solo mayor, sino alentadora y emprendedora. Adem\u00e1s, porque necesitamos unirnos y trabajar en equipo, si en verdad lo que buscamos y ansiamos es un proceso de cambio y trasformaci\u00f3n, que llegue a todos y beneficie a los dos pa\u00edses hermanos. Y, no este suspenso lleno de tensiones y un discurrir negativo.<\/p>\n<p>Por todo esto, es urgente que los sectores p\u00fablico y privado se unan y obren en consecuencia.<\/p>\n<p><strong>JOS\u00c9 NEIRA REY<\/strong> <\/p>\n","protected":false},"excerpt":{"rendered":"<p>1.- Dada la magnitud y las caracter\u00edsticas de la situaci\u00f3n que experimentan la frontera y, en especial, C\u00facuta en virtud de los \u00edndices de desempleo, inseguridad y carencia de medidas que permitan incentivar el desarrollo, porque faltan est\u00edmulos y mecanismos que permitan dar origen a un verdadero y aut\u00e9ntico proceso de cambio y trasformaci\u00f3n, resulta &hellip;<\/p>\n","protected":false},"author":1,"featured_media":32820,"comment_status":"open","ping_status":"open","sticky":false,"template":"","format":"standard","meta":{"footnotes":""},"categories":[14,4],"tags":[3685,382,956],"class_list":["post-32819","post","type-post","status-publish","format-standard","has-post-thumbnail","hentry","category-articulistas","category-barra","tag-ferias-y-fiestas-en-cucuta","tag-jose-neira","tag-notas-al-margen"],"_links":{"self":[{"href":"https:\/\/contraluzcucuta.co\/index.php?rest_route=\/wp\/v2\/posts\/32819","targetHints":{"allow":["GET"]}}],"collection":[{"href":"https:\/\/contraluzcucuta.co\/index.php?rest_route=\/wp\/v2\/posts"}],"about":[{"href":"https:\/\/contraluzcucuta.co\/index.php?rest_route=\/wp\/v2\/types\/post"}],"author":[{"embeddable":true,"href":"https:\/\/contraluzcucuta.co\/index.php?rest_route=\/wp\/v2\/users\/1"}],"replies":[{"embeddable":true,"href":"https:\/\/contraluzcucuta.co\/index.php?rest_route=%2Fwp%2Fv2%2Fcomments&post=32819"}],"version-history":[{"count":1,"href":"https:\/\/contraluzcucuta.co\/index.php?rest_route=\/wp\/v2\/posts\/32819\/revisions"}],"predecessor-version":[{"id":32821,"href":"https:\/\/contraluzcucuta.co\/index.php?rest_route=\/wp\/v2\/posts\/32819\/revisions\/32821"}],"wp:featuredmedia":[{"embeddable":true,"href":"https:\/\/contraluzcucuta.co\/index.php?rest_route=\/wp\/v2\/media\/32820"}],"wp:attachment":[{"href":"https:\/\/contraluzcucuta.co\/index.php?rest_route=%2Fwp%2Fv2%2Fmedia&parent=32819"}],"wp:term":[{"taxonomy":"category","embeddable":true,"href":"https:\/\/contraluzcucuta.co\/index.php?rest_route=%2Fwp%2Fv2%2Fcategories&post=32819"},{"taxonomy":"post_tag","embeddable":true,"href":"https:\/\/contraluzcucuta.co\/index.php?rest_route=%2Fwp%2Fv2%2Ftags&post=32819"}],"curies":[{"name":"wp","href":"https:\/\/api.w.org\/{rel}","templated":true}]}}