{"id":32810,"date":"2018-07-18T17:43:43","date_gmt":"2018-07-18T22:43:43","guid":{"rendered":"http:\/\/contraluzcucuta.co\/?p=32810"},"modified":"2018-07-18T17:43:43","modified_gmt":"2018-07-18T22:43:43","slug":"feria-de-cucuta-2018-exposicion-artesanal-desfiles-comparsas-y-festival-de-colonias","status":"publish","type":"post","link":"https:\/\/contraluzcucuta.co\/?p=32810","title":{"rendered":"FERIA DE C\u00daCUTA 2018. Exposici\u00f3n artesanal, desfiles, comparsas y festival de colonias"},"content":{"rendered":"<p style=\"padding-left: 60px;\"><span style=\"color: #ff6600;\"><strong>C\u00daCUTA.- <\/strong>La feria artesanal en el Parque Fundadores marca el inicio de la tercera jornada de la Feria de C\u00facuta 2018. El mayor atractivo del d\u00eda ser\u00e1 el desfile de autos antiguos y motos de alta cilindrada, desde el Parque Lineal hasta el Malec\u00f3n. Felipe Pel\u00e1ez, Churo D\u00edaz, Reijy, Pa\u00fal \u00c1lvarez y Juan Manuel ser\u00e1n los encargados de ponerle ritmo y sabor a la noche cucute\u00f1a.<\/span><\/p>\n<p>El quinto Festival de Colonias se tomar\u00e1 a C\u00facuta con arte, m\u00fasica y cultura, entre el 19 y el 22 de julio. La celebraci\u00f3n reunir\u00e1 las tradiciones y las costumbres de los municipios nortesantandereanos. La reuni\u00f3n ser\u00e1 en el parque la Confraternidad Bolivariana, en la avenida Los Libertadores.<\/p>\n<p>Durante el festival se promover\u00e1n tradiciones culturales, art\u00edsticas, deportivas, gastron\u00f3micas, musicales y recreativas. El festival se organiza en cumplimiento a la Ordenanza 005 del primero de agosto de 2014, con las siguientes actividades.<\/p>\n<p>1.- Tercer Festival de m\u00fasica tradicional<\/p>\n<p>2.- Tercer Festival del humor y la trova<\/p>\n<p>3.- Segundo Festival gastron\u00f3mico<\/p>\n<p>4.- Segundo campeonato de tejo y bolo campesino<\/p>\n<p>5.- Primer campeonato de banquitas<\/p>\n<p>6.- Segundo Festival de bandas sinf\u00f3nicas<\/p>\n<ol start=\"7\">\n<li>Reinado departamental de Colonias<\/li>\n<\/ol>\n<p>8.- Quinto desfile de carrozas y comparsas.&nbsp;<\/p>\n<p>Las festividades contar\u00e1n con las presentaciones musicales de San Miguelito, Fabi\u00e1n Corrales, Cielo L\u00edquido, Fusi\u00f3n Caliche, Luis Retaviska, Los T\u00edpicos Corraleros del Majagual, Los Dogger de Colombia, Orquesta Son de la Ley, Hora Zero, Eugenio y su Impacto Carranguero, Danubio y los espect\u00e1culos humor\u00edsticos de la Bruja Dioselina, Piroberta y Joselo de Colombia.<\/p>\n<p>EN FERIAS SE CERRAR\u00c1 EL MALEC\u00d3N<\/p>\n<p>Por las actividades art\u00edsticas, culturales y musicales en El Malec\u00f3n, en los d\u00edas de la Feria de C\u00facuta 2018, la Secretar\u00eda de Tr\u00e1nsito Municipal har\u00e1 cierres de v\u00edas y control a la movilidad por los alrededores del lugar. El prop\u00f3sito es no crear contratiempos a los actores viales.<\/p>\n<p>Se cerrar\u00e1 permanentemente la Avenida Los Libertadores, en sentido sur \u2013 norte (hac\u00eda el puente de Guadua), desde el retorno del restaurante Rodizio hasta la glorieta Arnulfo Brice\u00f1o, hasta el 22 de julio en la noche. El motivo es la instalaci\u00f3n de tarimas y puesta en escena de los conciertos.<\/p>\n<p>La Avenida Los Libertadores, en sentido norte \u2013 sur (hacia el antiguo DAS), se cerrar\u00e1 el 19 y 20 de julio, a partir de la 1:00 de la tarde, hasta la madrugada, desde la glorieta Arnulfo Brice\u00f1o.<\/p>\n<p>Las v\u00edas que se adecuar\u00e1n como alternas en el tr\u00e1nsito durante el cierre de la Avenida Los Libertadores, son la avenida 4A (doble de la Cl\u00ednica Santa Ana), 9E del barrio La Riviera, Gran Colombia, Demetrio Mendoza y Diagonal Santander. <\/p>\n","protected":false},"excerpt":{"rendered":"<p>C\u00daCUTA.- La feria artesanal en el Parque Fundadores marca el inicio de la tercera jornada de la Feria de C\u00facuta 2018. El mayor atractivo del d\u00eda ser\u00e1 el desfile de autos antiguos y motos de alta cilindrada, desde el Parque Lineal hasta el Malec\u00f3n. Felipe Pel\u00e1ez, Churo D\u00edaz, Reijy, Pa\u00fal \u00c1lvarez y Juan Manuel ser\u00e1n &hellip;<\/p>\n","protected":false},"author":1,"featured_media":32811,"comment_status":"open","ping_status":"open","sticky":false,"template":"","format":"standard","meta":{"footnotes":""},"categories":[4,36],"tags":[226,3029,379],"class_list":["post-32810","post","type-post","status-publish","format-standard","has-post-thumbnail","hentry","category-barra","category-la-voz-del-pueblo","tag-alcaldia-de-cucuta","tag-feria-de-cucuta","tag-gobernacion-de-norte-de-santander"],"_links":{"self":[{"href":"https:\/\/contraluzcucuta.co\/index.php?rest_route=\/wp\/v2\/posts\/32810","targetHints":{"allow":["GET"]}}],"collection":[{"href":"https:\/\/contraluzcucuta.co\/index.php?rest_route=\/wp\/v2\/posts"}],"about":[{"href":"https:\/\/contraluzcucuta.co\/index.php?rest_route=\/wp\/v2\/types\/post"}],"author":[{"embeddable":true,"href":"https:\/\/contraluzcucuta.co\/index.php?rest_route=\/wp\/v2\/users\/1"}],"replies":[{"embeddable":true,"href":"https:\/\/contraluzcucuta.co\/index.php?rest_route=%2Fwp%2Fv2%2Fcomments&post=32810"}],"version-history":[{"count":1,"href":"https:\/\/contraluzcucuta.co\/index.php?rest_route=\/wp\/v2\/posts\/32810\/revisions"}],"predecessor-version":[{"id":32812,"href":"https:\/\/contraluzcucuta.co\/index.php?rest_route=\/wp\/v2\/posts\/32810\/revisions\/32812"}],"wp:featuredmedia":[{"embeddable":true,"href":"https:\/\/contraluzcucuta.co\/index.php?rest_route=\/wp\/v2\/media\/32811"}],"wp:attachment":[{"href":"https:\/\/contraluzcucuta.co\/index.php?rest_route=%2Fwp%2Fv2%2Fmedia&parent=32810"}],"wp:term":[{"taxonomy":"category","embeddable":true,"href":"https:\/\/contraluzcucuta.co\/index.php?rest_route=%2Fwp%2Fv2%2Fcategories&post=32810"},{"taxonomy":"post_tag","embeddable":true,"href":"https:\/\/contraluzcucuta.co\/index.php?rest_route=%2Fwp%2Fv2%2Ftags&post=32810"}],"curies":[{"name":"wp","href":"https:\/\/api.w.org\/{rel}","templated":true}]}}