{"id":32803,"date":"2018-07-18T15:31:37","date_gmt":"2018-07-18T20:31:37","guid":{"rendered":"http:\/\/contraluzcucuta.co\/?p=32803"},"modified":"2018-07-18T15:33:05","modified_gmt":"2018-07-18T20:33:05","slug":"control-politico-planeacion-y-personeria-rindieron-cuentas-en-el-concejo-de-cucuta","status":"publish","type":"post","link":"https:\/\/contraluzcucuta.co\/?p=32803","title":{"rendered":"CONTROL POL\u00cdTICO. Planeaci\u00f3n y Personer\u00eda rindieron cuentas en el Concejo de C\u00facuta"},"content":{"rendered":"<p style=\"padding-left: 60px;\"><span style=\"color: #ff6600;\"><strong>C\u00daCUTA.-<\/strong> La Secretar\u00eda de Planeaci\u00f3n Municipal y la Personer\u00eda se sometieron al control pol\u00edtico ejercido por el Concejo de C\u00facuta. &nbsp;Cristian Buitrago y Mart\u00edn Eduardo Herrera atendieron las inquietudes de los concejales y mostraron las ejecutorias en lo que va corrido del a\u00f1o. Este ejercicio se cumple en la ciudad para conocer c\u00f3mo va la administraci\u00f3n municipal.<\/span><\/p>\n<p>Planeaci\u00f3n inform\u00f3 sobre:<\/p>\n<p>1.- C\u00f3mo avanza la legalizaci\u00f3n de predios<\/p>\n<p>2.- La licencia de permiso del uso del suelo<\/p>\n<p>3.- La priorizaci\u00f3n de los grandes proyectos para el municipio<\/p>\n<p>4.- Inversiones urban\u00edsticas.<\/p>\n<p>Buitrago Rueda manifest\u00f3 que en el corte de los dos primeros a\u00f1os se ha desarrollado en el 55 % el Plan de Desarrollo, la carta de navegaci\u00f3n del municipio. Explic\u00f3 que est\u00e1 por encima desde la parte cuantitativa del cumplimiento de metas.<\/p>\n<p>La oficina trabaja en la legalizaci\u00f3n del t\u00edtulo para los asentamientos Mar\u00eda Auxiliadora y Mar\u00eda Teresa, donde se reconoce m\u00e1s de mil predios que empiezan a cumplir con el proceso de dignificaci\u00f3n social. En cuanto a la concesi\u00f3n del alumbrado p\u00fablico se dijo que avanza en el 90 % del cumplimiento, con 40.000 luminarias.<\/p>\n<p>El Plan de Ordenamiento Territorial est\u00e1 en la construcci\u00f3n de un instrumento de planificaci\u00f3n y ser\u00e1 presentado a Corponor para los lineamientos ambientales, despu\u00e9s de ser socializado con comunidades y gremios en la fase de diagn\u00f3stico y planeaci\u00f3n.<\/p>\n<p>En cuanto a los megaproyectos por medio del Fondo de Valorizaci\u00f3n, se tiene un cr\u00e9dito de $ 80.000 millones que garantiza la &nbsp;ejecuci\u00f3n de &nbsp;las intersecciones en las glorietas de Cuatro Vientos y la Terminal de Transportes, y el realineamiento de la avenida Gran Colombia. Las obras cuentan con disponibilidad presupuestal y comienzan con los procesos licitatorios.<\/p>\n<p><strong>INFORME DE GESTI\u00d3N<\/strong><\/p>\n<p>El personero Mart\u00edn Herrera expuso ante el Concejo:<\/p>\n<p>1.- Atenci\u00f3n y amparo de los derechos humanos<\/p>\n<p>2.- Veedur\u00eda del tesoro municipal<\/p>\n<p>3.- Control y vigilancia en la gesti\u00f3n administrativa.<\/p>\n<p>El \u00f3rgano de control municipal ha instado a utilizar &nbsp;las veedur\u00edas. Desde el 2016, se encuentran 31 en pavimentaci\u00f3n de v\u00edas, vigilancia y control del Programa de Alimentaci\u00f3n Escolar, obras de infraestructura, inspecci\u00f3n en la Universidad Francisco de Paula Santander, seguimiento a programas, proyectos y planes en temas de ni\u00f1os, adolescentes, mujeres y adultos mayores.<\/p>\n<p>Desde la Secretar\u00eda General de la dependencia y oficina de control interno se ha ofrecido capacitaci\u00f3n permanente al personal de la Personer\u00eda. Entre el 2016 y el 2018, se han tomado 831 declaraciones a v\u00edctimas por diferentes hechos victimizantes, 995 recursos interpuestos a v\u00edctimas ante la Unidad de Protecci\u00f3n Integral por la no inclusi\u00f3n en el registro \u00fanico, inscripci\u00f3n a la conformaci\u00f3n de la mesa de participaci\u00f3n de v\u00edctimas como la respectiva elecci\u00f3n.<\/p>\n<p>Con apoyo de jur\u00eddicos externos se ha ofrecido orientaci\u00f3n, asesor\u00eda en cumplimiento de la Ley 1448 de 2011 y dem\u00e1s acciones desde el Centro Regional de Atenci\u00f3n a V\u00edctimas, Casa de Justicia y Paz, participaci\u00f3n en los comit\u00e9s Territoriales de Justicia Transicional, acompa\u00f1amiento en las jornadas por una vida digna, acciones en conjunto con el Instituto Colombiano de Bienestar Familiar, acompa\u00f1amiento, visitas de inspecci\u00f3n y verificaci\u00f3n de la calidad del servicio de salud para los cucute\u00f1os.<\/p>\n<p>Desde el frente psicosocial se han ejecutado labores en escenarios educativos, comunitarios y asociaciones con sic\u00f3logos, trabajadores sociales, docentes, t\u00e9cnicos y jur\u00eddicos en la atenci\u00f3n de problemas.<\/p>\n<p>Implement\u00f3 las jornadas de Personer\u00eda al Barrio, con la oferta institucional, inspecci\u00f3n al Plan de Alimentaci\u00f3n Escolar, seguimiento a los alumnos no registrados, asesor\u00eda y recepci\u00f3n de las solicitudes sobre prestaci\u00f3n de servicios p\u00fabicos y protecci\u00f3n del consumidor y del medio ambiente.<\/p>\n<p>En el \u00e1mbito penal, la Personer\u00eda ha ofrecido atenci\u00f3n y diligenciado algunos casos con reclusos para garantizarles los derechos en el centro penitenciario. <\/p>\n","protected":false},"excerpt":{"rendered":"<p>C\u00daCUTA.- La Secretar\u00eda de Planeaci\u00f3n Municipal y la Personer\u00eda se sometieron al control pol\u00edtico ejercido por el Concejo de C\u00facuta. &nbsp;Cristian Buitrago y Mart\u00edn Eduardo Herrera atendieron las inquietudes de los concejales y mostraron las ejecutorias en lo que va corrido del a\u00f1o. Este ejercicio se cumple en la ciudad para conocer c\u00f3mo va la &hellip;<\/p>\n","protected":false},"author":1,"featured_media":32805,"comment_status":"open","ping_status":"open","sticky":false,"template":"","format":"standard","meta":{"footnotes":""},"categories":[4,9],"tags":[197,2887,2369],"class_list":["post-32803","post","type-post","status-publish","format-standard","has-post-thumbnail","hentry","category-barra","category-politica","tag-concejo-de-cucuta","tag-personeria-de-cucuta","tag-planeacion-municipal"],"_links":{"self":[{"href":"https:\/\/contraluzcucuta.co\/index.php?rest_route=\/wp\/v2\/posts\/32803","targetHints":{"allow":["GET"]}}],"collection":[{"href":"https:\/\/contraluzcucuta.co\/index.php?rest_route=\/wp\/v2\/posts"}],"about":[{"href":"https:\/\/contraluzcucuta.co\/index.php?rest_route=\/wp\/v2\/types\/post"}],"author":[{"embeddable":true,"href":"https:\/\/contraluzcucuta.co\/index.php?rest_route=\/wp\/v2\/users\/1"}],"replies":[{"embeddable":true,"href":"https:\/\/contraluzcucuta.co\/index.php?rest_route=%2Fwp%2Fv2%2Fcomments&post=32803"}],"version-history":[{"count":1,"href":"https:\/\/contraluzcucuta.co\/index.php?rest_route=\/wp\/v2\/posts\/32803\/revisions"}],"predecessor-version":[{"id":32806,"href":"https:\/\/contraluzcucuta.co\/index.php?rest_route=\/wp\/v2\/posts\/32803\/revisions\/32806"}],"wp:featuredmedia":[{"embeddable":true,"href":"https:\/\/contraluzcucuta.co\/index.php?rest_route=\/wp\/v2\/media\/32805"}],"wp:attachment":[{"href":"https:\/\/contraluzcucuta.co\/index.php?rest_route=%2Fwp%2Fv2%2Fmedia&parent=32803"}],"wp:term":[{"taxonomy":"category","embeddable":true,"href":"https:\/\/contraluzcucuta.co\/index.php?rest_route=%2Fwp%2Fv2%2Fcategories&post=32803"},{"taxonomy":"post_tag","embeddable":true,"href":"https:\/\/contraluzcucuta.co\/index.php?rest_route=%2Fwp%2Fv2%2Ftags&post=32803"}],"curies":[{"name":"wp","href":"https:\/\/api.w.org\/{rel}","templated":true}]}}