{"id":32790,"date":"2018-07-16T15:06:24","date_gmt":"2018-07-16T20:06:24","guid":{"rendered":"http:\/\/contraluzcucuta.co\/?p=32790"},"modified":"2018-07-16T15:06:24","modified_gmt":"2018-07-16T20:06:24","slug":"notas-al-margen-se-calienta-la-frontera-y-se-compromete-mas-el-futuro","status":"publish","type":"post","link":"https:\/\/contraluzcucuta.co\/?p=32790","title":{"rendered":"NOTAS AL MARGEN. Se calienta la frontera\u00a0 y se compromete m\u00e1s el futuro"},"content":{"rendered":"<p style=\"padding-left: 60px;\"><span style=\"color: #ff6600;\">1.- El desenvolvimiento de la realidad fronteriza, que hace varios a\u00f1os no ha tenido el acople, la atenci\u00f3n, ni los acercamientos y&nbsp; los entendimientos necesarios para promover y formalizar&nbsp; los deseos de progreso y desarrollo que tanto requieren quienes con objetividad y&nbsp; detenimiento observan y valoran lo que hay y lo que acontece, tendr\u00e1n que agregar nuevas dificultades que afectar\u00e1n y, en grado sumo y con muchas implicaciones, los deseos de trasformar y hacer de las relaciones binacionales entre Colombia y Venezuela la oportunidad para que de manera aut\u00e9ntica y progresista los&nbsp; anhelados beneficios conjuntos y el esperanzador prop\u00f3sito de integraci\u00f3n productiva pudiera lograrse, superando y venciendo la&nbsp; inoperante actitud de no hacer esfuerzo alguno constante, ni de dar pasos firmes y alentadores que conduzcan a la acci\u00f3n compartida y al aprovechamiento de factores que no se utilizan, ni proyectan, porque entre los dos pa\u00edses ha hecho falta coordinar y lograr lo que bien anotaba el libertador Sim\u00f3n Bol\u00edvar &#8211; desde la Independencia &#8211; al advertir, se\u00f1alar y enjuiciar que &#8220;el no habernos compuesto con Santander &#8211; para el caso Colombia- nos ha&nbsp; perjudicado a todos&#8221;.<\/span><\/p>\n<p>Por eso, quienes defendemos la conveniencia de la uni\u00f3n y de la labor compartida dentro de par\u00e1metros y derroteros de libertad y juiciosas aplicaciones democr\u00e1ticas que propugnen por el avance y el desarrollo colectivos vamos a experimentar serios y graves contratiempos, si los afanes y los actos enunciativos y preparatorios que llegan a insinuar hasta&nbsp; el guerrerismo y el paso hacia la lucha armada, tal como se ha hecho p\u00fablico, en avances noticiosos&nbsp; y desde diferentes fuentes, no se logra detener y hay desbordamiento de actos y actitudes desafortunadas.<\/p>\n<p>2.- Eso de escuchar que los puentes sobre&nbsp; el r\u00edo Magdalena pueden ser atacados y eliminados para dividir a Colombia y propiciar ventajas comparativas para los ataques a\u00e9reos y terrestres es una demostraci\u00f3n atrevida e ins\u00f3lita. Y que los prospectos guerreristas sean manifiestos, sin que se tengan en cuenta el progreso y el desarrollo de cada pa\u00eds y&nbsp; sin analizar las insinuaciones y las propuestas&nbsp; formuladas para contrarrestar los \u00edndices de desempleo y el abandono al aprovechamiento de recursos y posibilidades que nos son propias, incuestionablemente, tambi\u00e9n va a generar, que la poblaci\u00f3n, sin discriminaci\u00f3n partidarista o de grupo y que por el momento, tan solo es contemplativa, irrumpir\u00e1 para contrarrestar el desvar\u00edo que de por s\u00ed propicia da\u00f1os y afecciones de alto contenido en lo social, econ\u00f3mico y pol\u00edtico, como lo contemplan balances y ex\u00e1menes financieros, \u00edndices de desempleo y tensi\u00f3n socioecon\u00f3mica.<\/p>\n<p>Y, ese calvario que experimentaremos, si no se valida y triunfa el enfoque hacia la labor asociada y edificante, puede dar al traste con muchas motivaciones de gran significado y alcance, que costar\u00e1n a\u00f1os de angustia y aguante.<\/p>\n<p>3.- Por eso, y sin entremeternos en lo que exponga o defienda&nbsp; A, B o C, lo que viene ahora es un juicioso y comprometedor enfoque&nbsp; y an\u00e1lisis abierto y p\u00fablico de lo que acontezca y que va a sacar a la luz todo aquello&nbsp; que se mantiene en reserva y hasta ahora solo para fracciones minoritarias, cuando la inmensa mayor\u00eda lo que ansia es paz, progreso, integraci\u00f3n y un mejor y mayor compromiso de desarrollo&nbsp; hacia el futuro.<\/p>\n<p>Y, sin miedo, ni temores de ninguna especie o valoraci\u00f3n, hay que aceptar y reconocer que si se agrava la suerte de la colombo-venezolaneidad&nbsp; los perjuicios ser\u00e1n para todos y muy grandes .Por eso y porque no caben salidas en falso, lo b\u00e1sico y ejemplar es acudir a la verdad y que el pueblo, que experimenta afanes m\u00faltiples, reaccione inteligentemente&nbsp; y obre acorde con quienes expongan y ubiquen en el terreno de la realidad los mejores soportes y la l\u00ednea de conducta que debe imponerse.<\/p>\n<p>La frontera com\u00fan entre las dos naciones, est\u00e1 preocupada, porque sabe y reconoce que con sus l\u00edmites, muchas veces se abusa y no se tienen en cuenta su vigor e importancia. De ah\u00ed que lo que pasa puede&nbsp; despertar nuevas y mayores preocupaciones.<\/p>\n<p>Ante lo expuesto, quiera Dios que quienes tienen en sus manos y direcci\u00f3n el comando de los empe\u00f1os y las acciones nacionales y bilaterales, obren con dignidad, juicio y&nbsp; serenidad, y asuman con entereza, rectitud y encomio lo que&nbsp; urge y requieren las dos naciones, que son hermanas y que con uni\u00f3n y labor compartida, pueden ser ejemplo ante Am\u00e9rica y el mundo. Por eso, todos, los que ansiamos un mejor futuro debemos estar atentos.&nbsp;&nbsp;&nbsp;&nbsp;<\/p>\n<p><strong>JOS\u00c9 NEIRA REY<\/strong><\/p>\n<p><a href=\"mailto:jneirarey@hotmail.com\">jneirarey@hotmail.com<\/a> <\/p>\n","protected":false},"excerpt":{"rendered":"<p>1.- El desenvolvimiento de la realidad fronteriza, que hace varios a\u00f1os no ha tenido el acople, la atenci\u00f3n, ni los acercamientos y&nbsp; los entendimientos necesarios para promover y formalizar&nbsp; los deseos de progreso y desarrollo que tanto requieren quienes con objetividad y&nbsp; detenimiento observan y valoran lo que hay y lo que acontece, tendr\u00e1n que &hellip;<\/p>\n","protected":false},"author":1,"featured_media":32791,"comment_status":"open","ping_status":"open","sticky":false,"template":"","format":"standard","meta":{"footnotes":""},"categories":[14,4],"tags":[578,1759],"class_list":["post-32790","post","type-post","status-publish","format-standard","has-post-thumbnail","hentry","category-articulistas","category-barra","tag-frontera-colombo-venezolana","tag-jose-neira-notas-al-margen"],"_links":{"self":[{"href":"https:\/\/contraluzcucuta.co\/index.php?rest_route=\/wp\/v2\/posts\/32790","targetHints":{"allow":["GET"]}}],"collection":[{"href":"https:\/\/contraluzcucuta.co\/index.php?rest_route=\/wp\/v2\/posts"}],"about":[{"href":"https:\/\/contraluzcucuta.co\/index.php?rest_route=\/wp\/v2\/types\/post"}],"author":[{"embeddable":true,"href":"https:\/\/contraluzcucuta.co\/index.php?rest_route=\/wp\/v2\/users\/1"}],"replies":[{"embeddable":true,"href":"https:\/\/contraluzcucuta.co\/index.php?rest_route=%2Fwp%2Fv2%2Fcomments&post=32790"}],"version-history":[{"count":1,"href":"https:\/\/contraluzcucuta.co\/index.php?rest_route=\/wp\/v2\/posts\/32790\/revisions"}],"predecessor-version":[{"id":32792,"href":"https:\/\/contraluzcucuta.co\/index.php?rest_route=\/wp\/v2\/posts\/32790\/revisions\/32792"}],"wp:featuredmedia":[{"embeddable":true,"href":"https:\/\/contraluzcucuta.co\/index.php?rest_route=\/wp\/v2\/media\/32791"}],"wp:attachment":[{"href":"https:\/\/contraluzcucuta.co\/index.php?rest_route=%2Fwp%2Fv2%2Fmedia&parent=32790"}],"wp:term":[{"taxonomy":"category","embeddable":true,"href":"https:\/\/contraluzcucuta.co\/index.php?rest_route=%2Fwp%2Fv2%2Fcategories&post=32790"},{"taxonomy":"post_tag","embeddable":true,"href":"https:\/\/contraluzcucuta.co\/index.php?rest_route=%2Fwp%2Fv2%2Ftags&post=32790"}],"curies":[{"name":"wp","href":"https:\/\/api.w.org\/{rel}","templated":true}]}}