{"id":32776,"date":"2018-07-12T21:01:55","date_gmt":"2018-07-13T02:01:55","guid":{"rendered":"http:\/\/contraluzcucuta.co\/?p=32776"},"modified":"2018-07-12T21:01:55","modified_gmt":"2018-07-13T02:01:55","slug":"justicia-transicional-campesinas-e-indigenas-capacitadas-en-prevencion-de-violencia-sexual","status":"publish","type":"post","link":"https:\/\/contraluzcucuta.co\/?p=32776","title":{"rendered":"JUSTICIA TRANSICIONAL. Campesinas e ind\u00edgenas, capacitadas en prevenci\u00f3n de\u00a0 violencia sexual"},"content":{"rendered":"<p style=\"padding-left: 60px;\"><span style=\"color: #ff6600;\"><strong>EL ZULIA \u2013 Norte de Santander<\/strong>.-&nbsp; Irrepetibles, sensibles, amables, responsables, luchadoras, fuertes,&nbsp; creyentes, conciliadoras, amorosas, sencillas, protectoras, as\u00ed se definen las integrantes de la Asociaci\u00f3n de Mujeres Campesinas e Ind\u00edgenas de El Zulia (Norte de Santander). &nbsp;Las mujeres terminaron los talleres de salud sexual y reproductiva con \u00e9nfasis en prevenci\u00f3n de&nbsp; violencia sexual. La capacitaci\u00f3n estuvo a cargo de la Unidad para las V\u00edctimas, por medio del Programa para el Desarrollo de las Naciones Unidas (PDNU).<\/span><\/p>\n<p>\u00c1lvaro Vargas, funcionario de la Unidad en la territorial Norte de Santander, explic\u00f3 que las asociadas de Amuci escogieron la capacitaci\u00f3n. El taller se tom\u00f3 como medida de rehabilitaci\u00f3n en el proceso de reparaci\u00f3n integral al que tienen derecho como sujeto colectivo reconocido como v\u00edctimas, por la Ley 1448.<\/p>\n<p>Elizabeth Torres, coordinadora de la capacitaci\u00f3n, explic\u00f3 que durante el conflicto armado muchas de esas&nbsp; mujeres sufrieron desplazamiento forzado, hostigamiento y violencia sexual. Se les afect\u00f3 la vida sexual y reproductiva y hab\u00eda necesidad de restaurarla.<\/p>\n<p>Con apoyo de Funamor se dictaron seis talleres, de siete horas en promedio cada uno. Trabajaron:<\/p>\n<p>1.- Emociones y sexualidad<\/p>\n<p>2.- Sistemas genitales femenino y masculino<\/p>\n<p>3.- Infecciones de trasmisi\u00f3n sexual con \u00e9nfasis en VIH\/SIDA<\/p>\n<p>4.- Derechos sexuales y reproductivos<\/p>\n<p>5.- Prevenci\u00f3n de embarazos en la adolescencia<\/p>\n<p>6.- M\u00e9todos anticonceptivos<\/p>\n<p>7.- G\u00e9nero y diversidad sexual<\/p>\n<p>8.- Violencia sexual, de g\u00e9nero y en los entornos familiar y social.<\/p>\n<p>Los encuentros evidenciaron fortalezas en el conocimiento sobre los derechos sexuales, pero tambi\u00e9n desconocimiento sobre m\u00e9todos anticonceptivos y enfermedades de trasmisi\u00f3n sexual, entre otros.<\/p>\n<p>\u201cFue muy buena esta capacitaci\u00f3n, porque ahora puedo orientar sobre temas que desconoc\u00eda, decirle a la comunidad c\u00f3mo mejorar la vida sexual, prevenir embarazos, qu\u00e9 debe hacerse\u201d, se\u00f1al\u00f3 Sandra Mina, una de las asistentes.<\/p>\n<p>Las replicas en las comunidades podr\u00e1n hacerlas con la ayuda del kit de herramientas pedag\u00f3gicas que recibi\u00f3 cada una de las 30 asistentes.<\/p>\n<p>&nbsp;<\/p>\n<p>En desarrollo de la reparaci\u00f3n a las v\u00edctimas de Amuci se han implementado 10 medidas y quedan pendientes otras, con las que se terminar\u00eda&nbsp; este a\u00f1o el proceso de reparaci\u00f3n colectiva para este sujeto. Las faltantes son:<\/p>\n<p>1.- Implementaci\u00f3n y puesta en marcha de la planta&nbsp; procesadora de c\u00e1rnicos (en la Piara &#8211; El Zulia)<\/p>\n<p>2.- No repetici\u00f3n, que son&nbsp; tres jornadas de alivio y desahogo emocional para las integrantes de la organizaci\u00f3n que adelanta el ICBF. El tr\u00e1mite lo har\u00e1 la Unidad en Bogot\u00e1 ante Fiscal\u00eda General de la Naci\u00f3n para saber el estado de las investigaciones&nbsp; sobre los hechos victimizantes,&nbsp; individuales y colectivos,&nbsp; de acuerdo a los procedimientos de ley.<\/p>\n<p>3.- Implementaci\u00f3n de la medida de rehabilitaci\u00f3n comunitaria y reconstrucci\u00f3n del tejido social, Entrelazando\u201d <\/p>\n","protected":false},"excerpt":{"rendered":"<p>EL ZULIA \u2013 Norte de Santander.-&nbsp; Irrepetibles, sensibles, amables, responsables, luchadoras, fuertes,&nbsp; creyentes, conciliadoras, amorosas, sencillas, protectoras, as\u00ed se definen las integrantes de la Asociaci\u00f3n de Mujeres Campesinas e Ind\u00edgenas de El Zulia (Norte de Santander). &nbsp;Las mujeres terminaron los talleres de salud sexual y reproductiva con \u00e9nfasis en prevenci\u00f3n de&nbsp; violencia sexual. La capacitaci\u00f3n &hellip;<\/p>\n","protected":false},"author":1,"featured_media":32777,"comment_status":"open","ping_status":"open","sticky":false,"template":"","format":"standard","meta":{"footnotes":""},"categories":[4,36],"tags":[952,1678],"class_list":["post-32776","post","type-post","status-publish","format-standard","has-post-thumbnail","hentry","category-barra","category-la-voz-del-pueblo","tag-mujeres-victimas-de-la-violencia","tag-unidad-de-victimas"],"_links":{"self":[{"href":"https:\/\/contraluzcucuta.co\/index.php?rest_route=\/wp\/v2\/posts\/32776","targetHints":{"allow":["GET"]}}],"collection":[{"href":"https:\/\/contraluzcucuta.co\/index.php?rest_route=\/wp\/v2\/posts"}],"about":[{"href":"https:\/\/contraluzcucuta.co\/index.php?rest_route=\/wp\/v2\/types\/post"}],"author":[{"embeddable":true,"href":"https:\/\/contraluzcucuta.co\/index.php?rest_route=\/wp\/v2\/users\/1"}],"replies":[{"embeddable":true,"href":"https:\/\/contraluzcucuta.co\/index.php?rest_route=%2Fwp%2Fv2%2Fcomments&post=32776"}],"version-history":[{"count":1,"href":"https:\/\/contraluzcucuta.co\/index.php?rest_route=\/wp\/v2\/posts\/32776\/revisions"}],"predecessor-version":[{"id":32778,"href":"https:\/\/contraluzcucuta.co\/index.php?rest_route=\/wp\/v2\/posts\/32776\/revisions\/32778"}],"wp:featuredmedia":[{"embeddable":true,"href":"https:\/\/contraluzcucuta.co\/index.php?rest_route=\/wp\/v2\/media\/32777"}],"wp:attachment":[{"href":"https:\/\/contraluzcucuta.co\/index.php?rest_route=%2Fwp%2Fv2%2Fmedia&parent=32776"}],"wp:term":[{"taxonomy":"category","embeddable":true,"href":"https:\/\/contraluzcucuta.co\/index.php?rest_route=%2Fwp%2Fv2%2Fcategories&post=32776"},{"taxonomy":"post_tag","embeddable":true,"href":"https:\/\/contraluzcucuta.co\/index.php?rest_route=%2Fwp%2Fv2%2Ftags&post=32776"}],"curies":[{"name":"wp","href":"https:\/\/api.w.org\/{rel}","templated":true}]}}