{"id":32773,"date":"2018-07-12T20:37:14","date_gmt":"2018-07-13T01:37:14","guid":{"rendered":"http:\/\/contraluzcucuta.co\/?p=32773"},"modified":"2018-07-12T20:37:14","modified_gmt":"2018-07-13T01:37:14","slug":"historia-16-de-julio-fiesta-de-la-virgen-del-carmen","status":"publish","type":"post","link":"https:\/\/contraluzcucuta.co\/?p=32773","title":{"rendered":"HISTORIA. 16 de julio, fiesta de la Virgen del Carmen"},"content":{"rendered":"<p style=\"padding-left: 60px;\"><span style=\"color: #ff6600;\">La historia de la Virgen del Carmen nace con el profeta El\u00edas, en el Antiguo Testamento. La Virgen del Carmen es la Virgen Mar\u00eda, la Madre de Jes\u00fas y por ello Madre Nuestra.<\/span><\/p>\n<p>Las distintas advocaciones que Ella recibe son producto del lugar y del mensaje que Ella nos trae. As\u00ed en distintos momentos de la historia Ella se ha mostrado vestida de diferentes maneras, es por esta raz\u00f3n que se le conoce con distintos nombres o advocaciones como por ejemplo La Virgen del Carmen, que toma su nombre en alusi\u00f3n al Monte Carmelo.<\/p>\n<p>Sobre sus or\u00edgenes, en el Primer Libro de los Reyes, se habla del profeta El\u00edas, de la gran sequ\u00eda que sufr\u00eda el pa\u00eds y de los sacrificios ofrecidos en el Monte Carmelo. Fue entonces que El\u00edas prometi\u00f3 a Dios que el rey Ajaab y el pueblo abandonar\u00edan al dios Baal para que El terminara con la sequ\u00eda que asolaba a la regi\u00f3n. Despu\u00e9s de varias veces que El\u00edas subi\u00f3 al momento, apareci\u00f3 una gran se\u00f1al :<\/p>\n<p>&#8220;Cuando volvi\u00f3 la s\u00e9ptima vez, sub\u00eda desde el mar una nubecita no m\u00e1s grande que la palma de la mano&#8221; (1 Rey 18,44)<\/p>\n<p>A partir de entonces el Monte Carmelo \u2013ubicado al oeste del lago Galileo y cuyo nombre significa jard\u00edn- se convirti\u00f3 en un lugar sagrado, hasta donde llegaron a vivir ermita\u00f1os que se dedicaban a rezar y que con el paso de los siglos fueron llamados carmelitas.<\/p>\n<p>Estos hombres que se entregaron a la oraci\u00f3n y a la penitencia en el desierto, comenzaron con los a\u00f1os a invocar a Mar\u00eda con el nombre de \u201cSant\u00edsima Virgen del Monte Carmelo\u201d.<\/p>\n<p>En el siglo XIII, el Patriarca Latino de Jerusal\u00e9n, delegado papal en Tierra Santa, les pidi\u00f3 a los ermita\u00f1os del Monte Carmelo que ordenaran su estilo de vida, lo cual se concret\u00f3 gracias a los Papas Honorio III e Inocencio IV. De esta manera, naci\u00f3 la orden religiosa de los Padres Carmelitas, que se extendi\u00f3 por el mundo tanto en su rama masculina como femenina.<\/p>\n<p>Posteriormente en el S. XVI Santa Teresa de Jes\u00fas, doctora de la Iglesia es la reformadora del Carmelo descalzo reimpulsando la fuerza de su regla original, de oraci\u00f3n y clausura. Y es as\u00ed como se difunde a Am\u00e9rica.<\/p>\n<p>En 1690, la rama femenina carmelita se extendi\u00f3 a Chile, fundando el primer monasterio chileno \u201cEl Carmen Alto de San Jos\u00e9\u201d en Santiago. Con el tiempo y la abundancia de las vocaciones nacieron otros conventos, viniendo desde el Monasterio de Los Andes, nuestra primera santa, Teresa de Jes\u00fas de Los Andes.<\/p>\n<p>Respecto del origen del mensaje de la Virgen del Carmen, \u00e9ste est\u00e1 en Inglaterra. El domingo 16 de julio de 1251, San Sim\u00f3n Stock, Superior General de los Padres Carmelitas del convento de Cambridge, estaba rezando por el destino de su orden, cuando se le apareci\u00f3 la Virgen Mar\u00eda.<\/p>\n<p>Estaba Ella vestida de h\u00e1bito carmelita, llevaba al Ni\u00f1o Jes\u00fas en sus brazos y en su mano el Escapulario, que le entrega diciendo: \u201cRecibe hijo m\u00edo este Escapulario de tu orden, que ser\u00e1 de hoy en adelante se\u00f1al de mi confraternidad, privilegio para ti y para todos los que lo vistan. Quien muriese con \u00e9l, no padecer\u00e1 el fuego eterno. Es una se\u00f1al de salvaci\u00f3n, amparo en los peligros del cuerpo y del alma, alianza de paz y pacto sempiterno\u201d. (Novena de Nuestra Se\u00f1ora del Carmen, Santiago, Carmelitas descalzos, 1942, pag. 30; Matte y Dom\u00ednguez, El Escapulario del Carmen, p\u00e1g. 9). <\/p>\n","protected":false},"excerpt":{"rendered":"<p>La historia de la Virgen del Carmen nace con el profeta El\u00edas, en el Antiguo Testamento. La Virgen del Carmen es la Virgen Mar\u00eda, la Madre de Jes\u00fas y por ello Madre Nuestra. Las distintas advocaciones que Ella recibe son producto del lugar y del mensaje que Ella nos trae. As\u00ed en distintos momentos de &hellip;<\/p>\n","protected":false},"author":1,"featured_media":32774,"comment_status":"open","ping_status":"open","sticky":false,"template":"","format":"standard","meta":{"footnotes":""},"categories":[45,4],"tags":[4223,4224],"class_list":["post-32773","post","type-post","status-publish","format-standard","has-post-thumbnail","hentry","category-destacado","category-barra","tag-fiesta-de-la-virgen-del-carmen","tag-patrona-de-los-choferes"],"_links":{"self":[{"href":"https:\/\/contraluzcucuta.co\/index.php?rest_route=\/wp\/v2\/posts\/32773","targetHints":{"allow":["GET"]}}],"collection":[{"href":"https:\/\/contraluzcucuta.co\/index.php?rest_route=\/wp\/v2\/posts"}],"about":[{"href":"https:\/\/contraluzcucuta.co\/index.php?rest_route=\/wp\/v2\/types\/post"}],"author":[{"embeddable":true,"href":"https:\/\/contraluzcucuta.co\/index.php?rest_route=\/wp\/v2\/users\/1"}],"replies":[{"embeddable":true,"href":"https:\/\/contraluzcucuta.co\/index.php?rest_route=%2Fwp%2Fv2%2Fcomments&post=32773"}],"version-history":[{"count":1,"href":"https:\/\/contraluzcucuta.co\/index.php?rest_route=\/wp\/v2\/posts\/32773\/revisions"}],"predecessor-version":[{"id":32775,"href":"https:\/\/contraluzcucuta.co\/index.php?rest_route=\/wp\/v2\/posts\/32773\/revisions\/32775"}],"wp:featuredmedia":[{"embeddable":true,"href":"https:\/\/contraluzcucuta.co\/index.php?rest_route=\/wp\/v2\/media\/32774"}],"wp:attachment":[{"href":"https:\/\/contraluzcucuta.co\/index.php?rest_route=%2Fwp%2Fv2%2Fmedia&parent=32773"}],"wp:term":[{"taxonomy":"category","embeddable":true,"href":"https:\/\/contraluzcucuta.co\/index.php?rest_route=%2Fwp%2Fv2%2Fcategories&post=32773"},{"taxonomy":"post_tag","embeddable":true,"href":"https:\/\/contraluzcucuta.co\/index.php?rest_route=%2Fwp%2Fv2%2Ftags&post=32773"}],"curies":[{"name":"wp","href":"https:\/\/api.w.org\/{rel}","templated":true}]}}