{"id":32759,"date":"2018-07-10T16:02:42","date_gmt":"2018-07-10T21:02:42","guid":{"rendered":"http:\/\/contraluzcucuta.co\/?p=32759"},"modified":"2018-07-10T16:02:42","modified_gmt":"2018-07-10T21:02:42","slug":"premios-andesco-aguas-kpital-repitio-como-mejor-empresa-mediana-de-servicios-publicos","status":"publish","type":"post","link":"https:\/\/contraluzcucuta.co\/?p=32759","title":{"rendered":"PREMIOS ANDESCO. Aguas Kpital repiti\u00f3 como Mejor Empresa Mediana de Servicios P\u00fablicos"},"content":{"rendered":"<p style=\"padding-left: 60px;\"><span style=\"color: #ff6600;\"><strong>C\u00daCUTA.-<\/strong> Aguas Kpital C\u00facuta fue declarada, por segundo a\u00f1o consecutivo, Fuera de Concurso como Mejor Empresa Mediana de Servicios P\u00fablicos del pa\u00eds. La Asociaci\u00f3n Nacional de Empresas de Servicios P\u00fablicos y Comunicaciones (Andesco) entreg\u00f3 el reconocimiento al gerente Hugo Vergel.<\/span><\/p>\n<p>La calificaci\u00f3n se obtuvo entre 147 organizaciones participantes, de las cuales 8 representaron a Norte de Santander. Cuatro firmas regionales quedaron como finalistas en la vig\u00e9sima versi\u00f3n del premio. En el 2017, la empresa cucute\u00f1a recibi\u00f3 el mismo galard\u00f3n.<\/p>\n<p>El jurado decidi\u00f3 que Aguas Kpital C\u00facuta supera los par\u00e1metros establecidos en:<\/p>\n<p>1.- Entorno de trabajo.<\/p>\n<p>2.- Entorno de mercado.<\/p>\n<p>3.- Desempe\u00f1o Social.<\/p>\n<p>4.- Desempe\u00f1o Ambiental<\/p>\n<p>5.- Buen Gobierno Corporativo.<\/p>\n<p>La exaltaci\u00f3n convierte a Aguas Kpital C\u00facuta en empresa ejemplo y referente para el resto del pa\u00eds, por las buenas pr\u00e1cticas y maneras de articular esfuerzos con la sociedad. Cada proyecto que inicia va encaminado a la construcci\u00f3n de una sociedad justa y equitativa para los cucute\u00f1os.<\/p>\n<p>Al recibir el galard\u00f3n, el gerente Vergel agradeci\u00f3 el compromiso de cada uno de los colaboradores y los directivos que conforman la familia Kpital y que trabajan con amor siendo la esencia de un proyecto que implica servir.<\/p>\n<p>A los m\u00e1s de 180.000 usuarios agradeci\u00f3 por el apoyo en los 12 a\u00f1os de operaci\u00f3n. En el tiempo trascurrido se han superado los retos propuestos para la trasformaci\u00f3n del servicio de acueducto y alcantarillado en la ciudad.<\/p>\n<p>Entre las iniciativas que destacan los cucute\u00f1os est\u00e1n la MerkTienda La Confianza y la Fundaci\u00f3n VYC. Estos proyectos fueron presentados en el cub\u00edculo de la empresa en el congreso Andesco y se dieron a conocer a los empresarios del pa\u00eds para ser replicados en las organizaciones y fortalecer los valores que cada persona tiene.<\/p>\n<p>Aguas de Los Patios gan\u00f3 en la categor\u00eda de Mejor Empresa Peque\u00f1a de Servicios P\u00fablicos del Pa\u00eds. La firma obtuvo para el municipio el galard\u00f3n a la buena gesti\u00f3n y compromiso en sostenibilidad en la labor que desempe\u00f1a. <\/p>\n","protected":false},"excerpt":{"rendered":"<p>C\u00daCUTA.- Aguas Kpital C\u00facuta fue declarada, por segundo a\u00f1o consecutivo, Fuera de Concurso como Mejor Empresa Mediana de Servicios P\u00fablicos del pa\u00eds. La Asociaci\u00f3n Nacional de Empresas de Servicios P\u00fablicos y Comunicaciones (Andesco) entreg\u00f3 el reconocimiento al gerente Hugo Vergel. La calificaci\u00f3n se obtuvo entre 147 organizaciones participantes, de las cuales 8 representaron a Norte &hellip;<\/p>\n","protected":false},"author":1,"featured_media":32760,"comment_status":"open","ping_status":"open","sticky":false,"template":"","format":"standard","meta":{"footnotes":""},"categories":[4,6],"tags":[1270,4219,4220,2176],"class_list":["post-32759","post","type-post","status-publish","format-standard","has-post-thumbnail","hentry","category-barra","category-ojo-avizor","tag-aguas-kpital-cucuta","tag-aguas-los-patios","tag-andesco","tag-hugo-vergel"],"_links":{"self":[{"href":"https:\/\/contraluzcucuta.co\/index.php?rest_route=\/wp\/v2\/posts\/32759","targetHints":{"allow":["GET"]}}],"collection":[{"href":"https:\/\/contraluzcucuta.co\/index.php?rest_route=\/wp\/v2\/posts"}],"about":[{"href":"https:\/\/contraluzcucuta.co\/index.php?rest_route=\/wp\/v2\/types\/post"}],"author":[{"embeddable":true,"href":"https:\/\/contraluzcucuta.co\/index.php?rest_route=\/wp\/v2\/users\/1"}],"replies":[{"embeddable":true,"href":"https:\/\/contraluzcucuta.co\/index.php?rest_route=%2Fwp%2Fv2%2Fcomments&post=32759"}],"version-history":[{"count":1,"href":"https:\/\/contraluzcucuta.co\/index.php?rest_route=\/wp\/v2\/posts\/32759\/revisions"}],"predecessor-version":[{"id":32761,"href":"https:\/\/contraluzcucuta.co\/index.php?rest_route=\/wp\/v2\/posts\/32759\/revisions\/32761"}],"wp:featuredmedia":[{"embeddable":true,"href":"https:\/\/contraluzcucuta.co\/index.php?rest_route=\/wp\/v2\/media\/32760"}],"wp:attachment":[{"href":"https:\/\/contraluzcucuta.co\/index.php?rest_route=%2Fwp%2Fv2%2Fmedia&parent=32759"}],"wp:term":[{"taxonomy":"category","embeddable":true,"href":"https:\/\/contraluzcucuta.co\/index.php?rest_route=%2Fwp%2Fv2%2Fcategories&post=32759"},{"taxonomy":"post_tag","embeddable":true,"href":"https:\/\/contraluzcucuta.co\/index.php?rest_route=%2Fwp%2Fv2%2Ftags&post=32759"}],"curies":[{"name":"wp","href":"https:\/\/api.w.org\/{rel}","templated":true}]}}