{"id":32756,"date":"2018-07-10T12:34:25","date_gmt":"2018-07-10T17:34:25","guid":{"rendered":"http:\/\/contraluzcucuta.co\/?p=32756"},"modified":"2018-07-10T12:34:25","modified_gmt":"2018-07-10T17:34:25","slug":"crisis-en-venezuela-obispos-presentaran-al-papa-los-graves-problemas-que-vive-el-pueblo","status":"publish","type":"post","link":"https:\/\/contraluzcucuta.co\/?p=32756","title":{"rendered":"CRISIS EN VENEZUELA. Obispos presentar\u00e1n al Papa \u00a0los graves problemas que vive el pueblo"},"content":{"rendered":"<p style=\"padding-left: 60px;\"><span style=\"color: #ff6600;\"><strong>CARACAS.-<\/strong> Los obispos de Venezuela presentar\u00e1n al papa Francisco \u201clas inquietudes, las angustias, los graves problemas, las grandes esperanzas y las grandes alegr\u00edas de nuestra gente\u201d, durante la <em>Visita<\/em> <em>Ad Limina,<\/em> que cumplir\u00e1n en septiembre en El Vaticano.<\/span><\/p>\n<p>La Asamblea Plenaria Ordinaria de la Conferencia Episcopal Venezolana anunci\u00f3 que en el encuentro con el Santo Padre tendr\u00e1n un di\u00e1logo fraterno acerca de la vida de la Iglesia y la situaci\u00f3n del pa\u00eds. \u201cNo vamos como turistas ni como simples funcionarios\u201d, aclararon en la Carta Pastoral dirigida al pueblo de Dios en Venezuela.<\/p>\n<p>La Iglesia Cat\u00f3lica ha mostrado preocupaci\u00f3n por la situaci\u00f3n socio-pol\u00edtica que afronta Venezuela, y enviaron un informe a la Santa Sede. Entre tanto, El papa Francisco ha estado atento a lo que ocurre en el pa\u00eds. Los obispos recibir\u00e1n nuevas luces en beneficio de la acci\u00f3n pastoral a favor del pueblo venezolano.<\/p>\n<p>En la Carta los pastores cat\u00f3licos se hacen \u201cpart\u00edcipes del gozo y la esperanza, as\u00ed como de las angustias y dificultades de nuestro pa\u00eds\u201d.<\/p>\n<p>La <em>Visita Ad Limina Apostolorum<\/em> es una actividad que los Obispos del mundo, por disposici\u00f3n del Derecho Can\u00f3nico, deben levar a cabo peri\u00f3dicamente. Las dos \u00faltimas de los prelados venezolanos tuvieron lugar en 2002, en el papado de San Juan Pablo II y en el 2009, en el pontificado de Benedicto XVI.<\/p>\n<p>El nombre que se da a la Visita alude a los sepulcros de los santos ap\u00f3stoles Pedro y Pablo. La veneraci\u00f3n y peregrinaci\u00f3n a las tumbas de los ap\u00f3stoles Pedro y Pablo tiene profundo sentido espiritual y de comuni\u00f3n eclesial.<\/p>\n<p>El encuentro incluye tambi\u00e9n reuniones con los Dicasterios de la Santa Sede, para estudiar temas m\u00e1s precisos de la vida de la Iglesia en cada pa\u00eds. La reuni\u00f3n con el Santo Padre ser\u00e1 10 de septiembre, en la ma\u00f1ana. El Papa recibir\u00e1 en conjunto a todos los Obispos de la Conferencia Episcopal, con quienes tendr\u00e1 un di\u00e1logo fraterno acerca de la vida de la Iglesia y la situaci\u00f3n del pa\u00eds.<\/p>\n<p>Francisco dar\u00e1 un mensaje para orientar e iluminar la vida eclesial y el trabajo de la Iglesia en Venezuela para los pr\u00f3ximos a\u00f1os. Al Papa y los m\u00e1s inmediatos cooperadores \u201cles haremos sentir la voluntad de libertad, justicia y paz de todo nuestro pueblo, golpeado por la crisis que vive la naci\u00f3n\u2026 Llevaremos la voz de los m\u00e1s pobres y peque\u00f1os de nuestra sociedad venezolana\u201d.<\/p>\n<p>Durante la Visita se tendr\u00e1n concelebraciones eucar\u00edsticas en cada las Bas\u00edlicas Mayores (San Pedro, Santa Mar\u00eda la Mayor, San Pablo Extramuros y San Juan de Letr\u00e1n). Los venezolanos \u201cpueden estar seguros de que estar\u00e1n siempre en nuestra oraci\u00f3n y en cada uno de los planteamientos que hagamos al Santo Padre y que sabemos nos animar\u00e1 con su mensaje y su bendici\u00f3n\u201d.<\/p>\n<p>El informe previo enviado a la Santa Sede &nbsp;expresa:<\/p>\n<p>1.- La vitalidad de cada Iglesia particular. La riqueza del pueblo, los agentes de pastoral, las instituciones, las actividades y los logros.<\/p>\n<p>2.- Los esfuerzos y los trabajos de sacerdotes y di\u00e1conos.<\/p>\n<p>3.- El testimonio de vida apost\u00f3lica de los laicos, el aporte de quienes trabajan en la catequesis y en las diversas \u00e1reas de la pastoral<\/p>\n<p>4.- La luz que brilla desde los miembros de la Vida Consagrada<\/p>\n<p>5.- La esperanza que surge de seminarios y casas de formaci\u00f3n.<\/p>\n<p>El documento es examinado por los organismos de la Curia romana y dar\u00e1n a conocer las observaciones de modo general en las visitas del Episcopado, o de manera particular a cada Obispo. <\/p>\n","protected":false},"excerpt":{"rendered":"<p>CARACAS.- Los obispos de Venezuela presentar\u00e1n al papa Francisco \u201clas inquietudes, las angustias, los graves problemas, las grandes esperanzas y las grandes alegr\u00edas de nuestra gente\u201d, durante la Visita Ad Limina, que cumplir\u00e1n en septiembre en El Vaticano. La Asamblea Plenaria Ordinaria de la Conferencia Episcopal Venezolana anunci\u00f3 que en el encuentro con el Santo &hellip;<\/p>\n","protected":false},"author":1,"featured_media":32757,"comment_status":"open","ping_status":"open","sticky":false,"template":"","format":"standard","meta":{"footnotes":""},"categories":[1326,45,4],"tags":[2504,1164,3104,594],"class_list":["post-32756","post","type-post","status-publish","format-standard","has-post-thumbnail","hentry","category-crisis-en-venezuela-2","category-destacado","category-barra","tag-conferencia-episcopal-venezolana","tag-crisis-en-venezuela","tag-obispos-de-venezuela","tag-papa-francisco"],"_links":{"self":[{"href":"https:\/\/contraluzcucuta.co\/index.php?rest_route=\/wp\/v2\/posts\/32756","targetHints":{"allow":["GET"]}}],"collection":[{"href":"https:\/\/contraluzcucuta.co\/index.php?rest_route=\/wp\/v2\/posts"}],"about":[{"href":"https:\/\/contraluzcucuta.co\/index.php?rest_route=\/wp\/v2\/types\/post"}],"author":[{"embeddable":true,"href":"https:\/\/contraluzcucuta.co\/index.php?rest_route=\/wp\/v2\/users\/1"}],"replies":[{"embeddable":true,"href":"https:\/\/contraluzcucuta.co\/index.php?rest_route=%2Fwp%2Fv2%2Fcomments&post=32756"}],"version-history":[{"count":1,"href":"https:\/\/contraluzcucuta.co\/index.php?rest_route=\/wp\/v2\/posts\/32756\/revisions"}],"predecessor-version":[{"id":32758,"href":"https:\/\/contraluzcucuta.co\/index.php?rest_route=\/wp\/v2\/posts\/32756\/revisions\/32758"}],"wp:featuredmedia":[{"embeddable":true,"href":"https:\/\/contraluzcucuta.co\/index.php?rest_route=\/wp\/v2\/media\/32757"}],"wp:attachment":[{"href":"https:\/\/contraluzcucuta.co\/index.php?rest_route=%2Fwp%2Fv2%2Fmedia&parent=32756"}],"wp:term":[{"taxonomy":"category","embeddable":true,"href":"https:\/\/contraluzcucuta.co\/index.php?rest_route=%2Fwp%2Fv2%2Fcategories&post=32756"},{"taxonomy":"post_tag","embeddable":true,"href":"https:\/\/contraluzcucuta.co\/index.php?rest_route=%2Fwp%2Fv2%2Ftags&post=32756"}],"curies":[{"name":"wp","href":"https:\/\/api.w.org\/{rel}","templated":true}]}}