{"id":32743,"date":"2018-07-08T14:26:53","date_gmt":"2018-07-08T19:26:53","guid":{"rendered":"http:\/\/contraluzcucuta.co\/?p=32743"},"modified":"2018-07-08T14:26:53","modified_gmt":"2018-07-08T19:26:53","slug":"mesa-de-garantias-ajustan-politica-publica-para-proteger-lideres-sociales","status":"publish","type":"post","link":"https:\/\/contraluzcucuta.co\/?p=32743","title":{"rendered":"MESA DE GARANT\u00cdAS. Ajustan pol\u00edtica p\u00fablica para proteger a l\u00edderes sociales"},"content":{"rendered":"<p style=\"padding-left: 60px;\"><span style=\"color: #ff6600;\"><strong>C\u00daCUTA.-<\/strong> Planes de prevenci\u00f3n y articulaci\u00f3n para mitigar el riesgo de los l\u00edderes sociales, comunales y defensores de derechos humanos se formularon en la Mesa Territorial de Garant\u00edas, presidida por el secretario de Gobierno de Norte de Santander, \u00c9dgar Pallares.<\/span><\/p>\n<p>En la reuni\u00f3n participaron representantes de los gobiernos nacional, departamental y local, y organizaciones defensoras de derechos humanos. Entre las determinaciones asumidas destacan:<\/p>\n<p>1.- Revisar y reforzar los esquemas de seguridad, por parte de la Unidad Nacional de Protecci\u00f3n<\/p>\n<p>2.- Hacer mayor inversi\u00f3n social, especialmente en la zona de El Catatumbo<\/p>\n<p>3.- Hacer seguimiento efectivo y monitoreo a las denuncias expuestas en la Mesa de Garant\u00edas.<\/p>\n<p>El Ej\u00e9rcito, la Polic\u00eda y las dem\u00e1s instituciones se comprometieron a continuar con las operaciones y el acompa\u00f1amiento a la poblaci\u00f3n, y desarrollar las labores de inteligencia.<\/p>\n<p>\u201cBuscamos, esencialmente, establecer compromisos que sean efectivos y sostenibles en el tiempo, en cuanto a la protecci\u00f3n de los l\u00edderes\u201d, dijo Pallares.<\/p>\n<p><strong>Erradicaci\u00f3n de cultivos <\/strong><\/p>\n<p>El gobernador William Villamizar expuso la dif\u00edcil situaci\u00f3n del departamento con la migraci\u00f3n de venezolanos, los altos costos de los pasajes de Avianca y la necesidad de apoyar a los campesinos tras la erradicaci\u00f3n de los cultivos il\u00edcitos.<\/p>\n<p>\u201cEl Gobierno debe cumplirles a los campesinos los compromisos acordados\u201d, dijo tras conocer algunas quejas de labriegos sobre este programa.<\/p>\n<p>Villamizar Laguado respalda la decisi\u00f3n del Gobierno de erradicar los cultivos il\u00edcitos. Solicit\u00f3 que en el centro del proceso est\u00e9 el campesinado y volcar las miradas y las ayudas para que desista de seguir con esta pr\u00e1ctica ilegal.&nbsp;<\/p>\n<p>Lament\u00f3 los altos costo de los pasajes a\u00e9reos de Avianca para salir o ingresar a C\u00facuta. \u201cEstamos siendo v\u00edctimas del abuso y de la posici\u00f3n dominante de la empresa, pues las tarifas son las m\u00e1s elevadas del pa\u00eds. Con esos costos log\u00edsticos, es dif\u00edcil atraer inversi\u00f3n e inversionistas hacia C\u00facuta, impidiendo que el pilar fundamental del Plan de Desarrollo (la productividad) pueda tener un empuje nacional\u201d. <\/p>\n","protected":false},"excerpt":{"rendered":"<p>C\u00daCUTA.- Planes de prevenci\u00f3n y articulaci\u00f3n para mitigar el riesgo de los l\u00edderes sociales, comunales y defensores de derechos humanos se formularon en la Mesa Territorial de Garant\u00edas, presidida por el secretario de Gobierno de Norte de Santander, \u00c9dgar Pallares. En la reuni\u00f3n participaron representantes de los gobiernos nacional, departamental y local, y organizaciones defensoras &hellip;<\/p>\n","protected":false},"author":1,"featured_media":32744,"comment_status":"open","ping_status":"open","sticky":false,"template":"","format":"standard","meta":{"footnotes":""},"categories":[4,32],"tags":[3924,4213,4212],"class_list":["post-32743","post","type-post","status-publish","format-standard","has-post-thumbnail","hentry","category-barra","category-recorrido-por-la-region","tag-andres-pallares","tag-lideres-sociales","tag-mesa-regional-de-garantias"],"_links":{"self":[{"href":"https:\/\/contraluzcucuta.co\/index.php?rest_route=\/wp\/v2\/posts\/32743","targetHints":{"allow":["GET"]}}],"collection":[{"href":"https:\/\/contraluzcucuta.co\/index.php?rest_route=\/wp\/v2\/posts"}],"about":[{"href":"https:\/\/contraluzcucuta.co\/index.php?rest_route=\/wp\/v2\/types\/post"}],"author":[{"embeddable":true,"href":"https:\/\/contraluzcucuta.co\/index.php?rest_route=\/wp\/v2\/users\/1"}],"replies":[{"embeddable":true,"href":"https:\/\/contraluzcucuta.co\/index.php?rest_route=%2Fwp%2Fv2%2Fcomments&post=32743"}],"version-history":[{"count":1,"href":"https:\/\/contraluzcucuta.co\/index.php?rest_route=\/wp\/v2\/posts\/32743\/revisions"}],"predecessor-version":[{"id":32745,"href":"https:\/\/contraluzcucuta.co\/index.php?rest_route=\/wp\/v2\/posts\/32743\/revisions\/32745"}],"wp:featuredmedia":[{"embeddable":true,"href":"https:\/\/contraluzcucuta.co\/index.php?rest_route=\/wp\/v2\/media\/32744"}],"wp:attachment":[{"href":"https:\/\/contraluzcucuta.co\/index.php?rest_route=%2Fwp%2Fv2%2Fmedia&parent=32743"}],"wp:term":[{"taxonomy":"category","embeddable":true,"href":"https:\/\/contraluzcucuta.co\/index.php?rest_route=%2Fwp%2Fv2%2Fcategories&post=32743"},{"taxonomy":"post_tag","embeddable":true,"href":"https:\/\/contraluzcucuta.co\/index.php?rest_route=%2Fwp%2Fv2%2Ftags&post=32743"}],"curies":[{"name":"wp","href":"https:\/\/api.w.org\/{rel}","templated":true}]}}