{"id":32740,"date":"2018-07-08T14:02:00","date_gmt":"2018-07-08T19:02:00","guid":{"rendered":"http:\/\/contraluzcucuta.co\/?p=32740"},"modified":"2018-07-08T14:02:00","modified_gmt":"2018-07-08T19:02:00","slug":"mensaje-de-los-obispos-no-nos-cansemos-de-trabajar-por-la-paz","status":"publish","type":"post","link":"https:\/\/contraluzcucuta.co\/?p=32740","title":{"rendered":"MENSAJE DE LOS OBISPOS. No nos cansemos de trabajar por la paz"},"content":{"rendered":"<p style=\"padding-left: 60px;\"><span style=\"color: #ff6600;\">\u00abPues s\u00e9 muy bien lo que pienso hacer con ustedes: designios de paz y no de aflicci\u00f3n, darles un porvenir y una esperanza\u00bb (Jerem\u00edas 29, 11) Como disc\u00edpulos de Jesucristo que leemos la historia a la luz de Dios, los Obispos colombianos, reunidos en Asamblea Plenaria, interpretamos algunos hechos de la actual situaci\u00f3n del pa\u00eds a la luz de la fe y queremos dirigirles un mensaje de esperanza.<\/span><\/p>\n<p><strong>1.- Construyamos la unidad. <\/strong><\/p>\n<p>No nos conviene ahondar en la polarizaci\u00f3n a la que hemos llegado en el esfuerzo de lograr el pa\u00eds que so\u00f1amos. La divisi\u00f3n no hace bien a ninguno. Hay que avanzar, dentro de un pacto social y cultural, a un gran acuerdo que nos permita vivir y trabajar todos en un gran proyecto nacional.<\/p>\n<p>Saludamos al nuevo Presidente de la Rep\u00fablica y lo acompa\u00f1amos en su prop\u00f3sito de ser garante de la unidad del pa\u00eds, como lo prometi\u00f3 en su primer discurso. Pedimos al Congreso de la Rep\u00fablica que se comprometa con este cometido. A los partidos y diversas agrupaciones sociales y pol\u00edticas los invitamos para que, con responsabilidad, luchen tambi\u00e9n por este ideal.<\/p>\n<p>Llamamos a todos los colombianos a so\u00f1ar de nuevo nuestra convivencia y a empe\u00f1arnos seriamente en el bien com\u00fan.<\/p>\n<p><strong>2.- Combatamos la corrupci\u00f3n. <\/strong><\/p>\n<p>La corrupci\u00f3n, que incrementa la inequidad, la ilegalidad, el narcotr\u00e1fico, la pobreza y distintas formas de violencia, se ha vuelto para Colombia un mal grav\u00edsimo. A\u00fan resuenan en nuestros o\u00eddos las palabras del Papa Francisco: \u201cNo participen en ninguna negociaci\u00f3n que malvenda sus esperanzas. No tengan miedo de alzar serenamente la voz para recordar a todos que una sociedad que se deja seducir por el espejismo del narcotr\u00e1fico se arrastra a s\u00ed misma en esa met\u00e1stasis moral que mercantiliza el infierno y siembra por doquier la corrupci\u00f3n y, al mismo tiempo, engorda los para\u00edsos fiscales\u201d (1). Para que la corrupci\u00f3n ceda en nuestro pa\u00eds es determinante el rescate de la \u00e9tica en la vida personal, la familia, la escuela, la academia y la sociedad en general.<\/p>\n<p>Debemos conocer y acoger las iniciativas que se juzguen v\u00e1lidas en el pa\u00eds para combatir este flagelo, rechazar este tipo de pr\u00e1cticas corruptas y cultivar una cultura de la honestidad y la transparencia.<\/p>\n<ol start=\"3\">\n<li><strong> No nos cansemos de trabajar por la paz. <\/strong><\/li>\n<\/ol>\n<p>La paz es un bien que merece todos nuestros esfuerzos. Ning\u00fan colombiano puede negarse a participar en la superaci\u00f3n de los problemas y situaciones conflictivas del pa\u00eds. Invitamos a no dejar a mitad de camino el esfuerzo que el pa\u00eds ha realizado por la paz y la reconciliaci\u00f3n, que requiere nuevos aportes y nuevos horizontes, pero sobre todo el \u00e1nimo y compromiso de todos para que finalmente la paz sea una realidad.<\/p>\n<p>Manifestamos de nuevo nuestra profunda consternaci\u00f3n por los asesinatos de hermanos y hermanas en los \u00faltimos d\u00edas; nos unimos al dolor de sus familias. Toda vida es sagrada y toda muerte violenta es inaceptable.<\/p>\n<p>Hacemos una llamada a la sociedad colombiana a mantener la estabilidad de las regiones y de la democracia y a continuar avanzando por los caminos que garantizan la vida, la libertad y la justicia. Pedimos a las autoridades elevar los niveles de protecci\u00f3n y los mecanismos establecidos legalmente para garantizar la vida de quienes est\u00e1n bajo amenazas.<\/p>\n<ol start=\"4\">\n<li><strong> Compromet\u00e1monos todos.<\/strong><\/li>\n<\/ol>\n<p>&nbsp;Jes\u00fas nos ha dicho: \u00abUstedes son la luz del mundo y la sal de la tierra\u00bb (Cf. Mt 5,13-16). Este imperativo moral nos compromete como Iglesia. Por eso, a los cat\u00f3licos colombianos nos duele lo que sucede en el pa\u00eds. Queremos ser obreros decididos en la reconstrucci\u00f3n de la naci\u00f3n. Nos proponemos multiplicar las acciones que puedan dar esperanza en este momento y ser creativos y generosos para encontrar la soluci\u00f3n a nuestros problemas.<\/p>\n<p>No esperemos con los brazos cruzados el cambio del pa\u00eds. Inspirados en el Evangelio, trabajemos sin descanso por sanar las heridas, tender puentes, encontrar la reconciliaci\u00f3n y cultivar la cultura del encuentro fraterno.<\/p>\n<p>Tambi\u00e9n nos preocupa la situaci\u00f3n de nuestros hermanos venidos de Venezuela. &nbsp;Haciendo propia la llamada del Papa Francisco, acojamos, protejamos, promovamos e integremos a quienes, desde la hermana naci\u00f3n, llegan a nuestro pa\u00eds en busca de nuevos horizontes.<\/p>\n<p>Que la Virgen Mar\u00eda nos ense\u00f1e a ser fieles al querer de Dios sobre nuestra patria en esta nueva etapa de su historia.<\/p>\n<p>+ \u00d3scar Urbina Ortega<\/p>\n<p>Arzobispo de Villavicencio<\/p>\n<p>Presidente de la Conferencia Episcopal<\/p>\n<p>+ Ricardo Tob\u00f3n Restrepo<\/p>\n<p>Arzobispo de Medell\u00edn<\/p>\n<p>Vicepresidente de la Conferencia Episcopal<\/p>\n<p>+ Elkin Fernando \u00c1lvarez Botero<\/p>\n<p>Obispo Auxiliar de Medell\u00edn<\/p>\n<p>Secretario General de la Conferencia Episcopal<\/p>\n<p>(1) Papa Francisco, Discurso a los Obispos colombianos, Bogot\u00e1, Septiembre 7 de 2017. <\/p>\n","protected":false},"excerpt":{"rendered":"<p>\u00abPues s\u00e9 muy bien lo que pienso hacer con ustedes: designios de paz y no de aflicci\u00f3n, darles un porvenir y una esperanza\u00bb (Jerem\u00edas 29, 11) Como disc\u00edpulos de Jesucristo que leemos la historia a la luz de Dios, los Obispos colombianos, reunidos en Asamblea Plenaria, interpretamos algunos hechos de la actual situaci\u00f3n del pa\u00eds &hellip;<\/p>\n","protected":false},"author":1,"featured_media":32741,"comment_status":"open","ping_status":"open","sticky":false,"template":"","format":"standard","meta":{"footnotes":""},"categories":[45,4],"tags":[2503],"class_list":["post-32740","post","type-post","status-publish","format-standard","has-post-thumbnail","hentry","category-destacado","category-barra","tag-conferencia-episcopal-colombiana"],"_links":{"self":[{"href":"https:\/\/contraluzcucuta.co\/index.php?rest_route=\/wp\/v2\/posts\/32740","targetHints":{"allow":["GET"]}}],"collection":[{"href":"https:\/\/contraluzcucuta.co\/index.php?rest_route=\/wp\/v2\/posts"}],"about":[{"href":"https:\/\/contraluzcucuta.co\/index.php?rest_route=\/wp\/v2\/types\/post"}],"author":[{"embeddable":true,"href":"https:\/\/contraluzcucuta.co\/index.php?rest_route=\/wp\/v2\/users\/1"}],"replies":[{"embeddable":true,"href":"https:\/\/contraluzcucuta.co\/index.php?rest_route=%2Fwp%2Fv2%2Fcomments&post=32740"}],"version-history":[{"count":1,"href":"https:\/\/contraluzcucuta.co\/index.php?rest_route=\/wp\/v2\/posts\/32740\/revisions"}],"predecessor-version":[{"id":32742,"href":"https:\/\/contraluzcucuta.co\/index.php?rest_route=\/wp\/v2\/posts\/32740\/revisions\/32742"}],"wp:featuredmedia":[{"embeddable":true,"href":"https:\/\/contraluzcucuta.co\/index.php?rest_route=\/wp\/v2\/media\/32741"}],"wp:attachment":[{"href":"https:\/\/contraluzcucuta.co\/index.php?rest_route=%2Fwp%2Fv2%2Fmedia&parent=32740"}],"wp:term":[{"taxonomy":"category","embeddable":true,"href":"https:\/\/contraluzcucuta.co\/index.php?rest_route=%2Fwp%2Fv2%2Fcategories&post=32740"},{"taxonomy":"post_tag","embeddable":true,"href":"https:\/\/contraluzcucuta.co\/index.php?rest_route=%2Fwp%2Fv2%2Ftags&post=32740"}],"curies":[{"name":"wp","href":"https:\/\/api.w.org\/{rel}","templated":true}]}}