{"id":32731,"date":"2018-07-08T12:18:56","date_gmt":"2018-07-08T17:18:56","guid":{"rendered":"http:\/\/contraluzcucuta.co\/?p=32731"},"modified":"2018-07-08T12:18:56","modified_gmt":"2018-07-08T17:18:56","slug":"notas-al-margen-el-proceso-de-cambio-trasformacion-compenetracion-union-y-universalizacion-compartidos","status":"publish","type":"post","link":"https:\/\/contraluzcucuta.co\/?p=32731","title":{"rendered":"NOTAS AL MARGEN. El proceso de cambio, trasformaci\u00f3n, compenetraci\u00f3n, uni\u00f3n y universalizaci\u00f3n compartidos"},"content":{"rendered":"<p style=\"padding-left: 60px;\"><span style=\"color: #ff6600;\">1.- Son tantos los cambios y las trasformaciones generados en el desarrollo de la humanidad, y tantas las variables que acontecen&nbsp; y&nbsp; de manera manifiesta, cubriendo y resaltando su presencia, en las actividades que definen y caracterizan el desenvolvimiento de la humanidad y la ubicaci\u00f3n de nuestro planeta, en el concierto de las presencias y hechos normales y universales que, paulatina y diariamente, ese proceso acumula sucesos y acontecimientos que de alguna manera y sin que muchas veces sean f\u00e1cilmente advertibles, porque las implicaciones solo se presentan con el correr del tiempo&nbsp; y la ocurrencia de impactos sobresalientes, hacen que &nbsp;la presunta normalidad solo surja manifiesta y clara cuando la generalidad y la suma de factores exponen la realidad&nbsp; y las razones o motivos que se producen &nbsp;y son&nbsp; demostrables.<\/span><\/p>\n<p>Pues bien, esa conducta de la actuaci\u00f3n y&nbsp; de los hechos &#8211; casi imperceptible &#8211; y que &nbsp;se acumulan de manera constante, y comienza a observarse cuando el tal proceso de trasformaci\u00f3n que no puede ocultarse, irrumpe significativamente ante el avance de el tiempo. Y, eso, a su vez, genera una nueva visi\u00f3n y referencia, porque hay modificaciones y acumulaci\u00f3n de consecuencias que necesariamente se tienen que tener en cuenta en el desenvolvimiento de la sociedad y como producto o consecuencia de los factores que se agregan e integran en aplicaciones y acciones que toman cuerpo y asumen una representatividad formal y de presencia incuestionable con el trascurrir de esas vivencias.<\/p>\n<p>Una de las mayores y mejores demostraciones en lo estrictamente humano es el desempe\u00f1o o prueba que asume cada ser en el desenvolvimiento de la vivencia o tarea, y al hacer tr\u00e1nsito diariamente con el avance y el desarrollo, tanto en el tiempo como en las obligaciones&nbsp; o gestiones que emprende, proyecta o mantiene como reto. Y son esos cambios o trasformaciones, tan claros, manifiestos&nbsp; y evidentes, que el tr\u00e1nsito de la infancia o ni\u00f1ez a la juventud o pubertad, para luego llegar a la madurez o senectud, constituyen la mejor y mayor prueba de recaudo para patentar que vivimos en un&nbsp; indetenible proceso de cambio y trasformaci\u00f3n, que cuando nos proponemos examinarlo &#8211; o al menos captar y deducir&nbsp; un&nbsp; esbozo, part\u00edcula o detalle &#8211; este no se esconde, porque al examinar y procesar las causas y las razones que lo motivan&nbsp; nos proyectan hasta el logro de lo que es y sintetiza el proceso de formaci\u00f3n como con grandes rasgos, lo demostramos, ante el an\u00e1lisis y la constataci\u00f3n de operaciones, giros&nbsp; y experiencias que se acumulan v contemplan ante la irrupci\u00f3n de las horas, d\u00edas, meses, a\u00f1os, d\u00e9cadas y centurias para reflejar y palpar de manera objetiva y&nbsp; n\u00edtida que, ciertamente, &#8211; humanos y seres vivientes &#8211; somos la demostraci\u00f3n de esos giros, modificaciones y&nbsp; variables que se forjan ante las&nbsp; tipificaciones que se producen y modifican la actuaci\u00f3n y la referencia humanas.<\/p>\n<p>2.- Observando y siguiendo paso a paso lo que muestra el Mundial de F\u00fatbol, que se celebra en Rusia y lo ubica como centro atractivo, son muchas las apreciaciones que pueden destacarse como prueba, al constatar que el seguimiento es de alto contenido y que el grado de penetraci\u00f3n incrementa los avances y desarrollos, al punto de llegar a altos \u00edndices de aceptaci\u00f3n y de reconocimiento en el concierto mundial, cuando hace 2000 a\u00f1os, el juego de bolas o pelotas inici\u00f3 la aparici\u00f3n. Y lo que era y como se jugaba modific\u00f3 el ejercicio, hasta llegar al&nbsp; grado de hoy, que semi paraliza y compromete a las mayor\u00edas que lo siguen, critican&nbsp; y aplauden.<\/p>\n<p>3.- Por esto y porque tenemos que dar un giro de mayor comprensi\u00f3n y an\u00e1lisis, no solo dentro de la tem\u00e1tica de lo com\u00fan y primario, sino ante las obligaciones que m\u00e1s nos comprometen en t\u00e9rminos de humanidad, el proceso de trasformaci\u00f3n que sucede y que amerita haya un nuevo pensar y unas m\u00e1s primarias conductas, as\u00ed como consideraciones de mayor visi\u00f3n futurista y m\u00e1s altos compromisos con la evoluci\u00f3n &#8211; en todos los \u00f3rdenes y sentidos &#8211; porque los programas formativos y educativos requieren tener un fondo y conciencia m\u00e1s comprensivos del reto y obligaciones que se sintetizan en el diario vivir, en el cambio permanente y en la compenetraci\u00f3n general cuyo destino es la universalizaci\u00f3n compartida.<\/p>\n<p><strong>JOSE NEIRA REY&nbsp;&nbsp; <\/strong><\/p>\n<p><strong><a href=\"mailto:jnerirarey@hotmail.com\">jnerirarey@hotmail.com<\/a><\/strong> <\/p>\n","protected":false},"excerpt":{"rendered":"<p>1.- Son tantos los cambios y las trasformaciones generados en el desarrollo de la humanidad, y tantas las variables que acontecen&nbsp; y&nbsp; de manera manifiesta, cubriendo y resaltando su presencia, en las actividades que definen y caracterizan el desenvolvimiento de la humanidad y la ubicaci\u00f3n de nuestro planeta, en el concierto de las presencias y &hellip;<\/p>\n","protected":false},"author":1,"featured_media":32732,"comment_status":"open","ping_status":"open","sticky":false,"template":"","format":"standard","meta":{"footnotes":""},"categories":[14,4],"tags":[2749,382,956,4211],"class_list":["post-32731","post","type-post","status-publish","format-standard","has-post-thumbnail","hentry","category-articulistas","category-barra","tag-articulistas-contraluz","tag-jose-neira","tag-notas-al-margen","tag-proceso-de-cambio"],"_links":{"self":[{"href":"https:\/\/contraluzcucuta.co\/index.php?rest_route=\/wp\/v2\/posts\/32731","targetHints":{"allow":["GET"]}}],"collection":[{"href":"https:\/\/contraluzcucuta.co\/index.php?rest_route=\/wp\/v2\/posts"}],"about":[{"href":"https:\/\/contraluzcucuta.co\/index.php?rest_route=\/wp\/v2\/types\/post"}],"author":[{"embeddable":true,"href":"https:\/\/contraluzcucuta.co\/index.php?rest_route=\/wp\/v2\/users\/1"}],"replies":[{"embeddable":true,"href":"https:\/\/contraluzcucuta.co\/index.php?rest_route=%2Fwp%2Fv2%2Fcomments&post=32731"}],"version-history":[{"count":1,"href":"https:\/\/contraluzcucuta.co\/index.php?rest_route=\/wp\/v2\/posts\/32731\/revisions"}],"predecessor-version":[{"id":32733,"href":"https:\/\/contraluzcucuta.co\/index.php?rest_route=\/wp\/v2\/posts\/32731\/revisions\/32733"}],"wp:featuredmedia":[{"embeddable":true,"href":"https:\/\/contraluzcucuta.co\/index.php?rest_route=\/wp\/v2\/media\/32732"}],"wp:attachment":[{"href":"https:\/\/contraluzcucuta.co\/index.php?rest_route=%2Fwp%2Fv2%2Fmedia&parent=32731"}],"wp:term":[{"taxonomy":"category","embeddable":true,"href":"https:\/\/contraluzcucuta.co\/index.php?rest_route=%2Fwp%2Fv2%2Fcategories&post=32731"},{"taxonomy":"post_tag","embeddable":true,"href":"https:\/\/contraluzcucuta.co\/index.php?rest_route=%2Fwp%2Fv2%2Ftags&post=32731"}],"curies":[{"name":"wp","href":"https:\/\/api.w.org\/{rel}","templated":true}]}}