{"id":32727,"date":"2018-07-04T22:08:23","date_gmt":"2018-07-05T03:08:23","guid":{"rendered":"http:\/\/contraluzcucuta.co\/?p=32727"},"modified":"2018-07-04T22:08:23","modified_gmt":"2018-07-05T03:08:23","slug":"carta-de-fenalco-la-internacion-temporal-no-fue-lo-que-pedimos","status":"publish","type":"post","link":"https:\/\/contraluzcucuta.co\/?p=32727","title":{"rendered":"CARTA DE FENALCO. La internaci\u00f3n temporal no fue lo que pedimos"},"content":{"rendered":"<p style=\"padding-left: 60px;\"><span style=\"color: #ff6600;\">La internaci\u00f3n temporal de veh\u00edculos es una herramienta jur\u00eddica contemplada en la Ley de Fronteras 191 de 1995, y que durante el \u00faltimo a\u00f1o empresarios y gremios del sector automotor hab\u00edan solicitado al Gobierno por medio de la Alcald\u00eda de C\u00facuta, solicitud que se hac\u00eda para frenar el contrabando de veh\u00edculos, que durante el 2017, mantuvo en jaque a los empresarios, porque, a pesar de que la frontera estaba cerrada, segu\u00edan apareciendo veh\u00edculos modelo 2015, en adelante. <\/span><\/p>\n<p><span style=\"color: #000000;\">Luego es falso que la solicitud pretend\u00eda perseguir a los carros de modelo anterior a ese a\u00f1o que han estado aqu\u00ed en la ciudad, y que es f\u00e1cil demostrar por el propietario con la compra consecutiva del Soat.<\/span><\/p>\n<p>El Decreto 2229 del 27 de diciembre de 2017, se expidi\u00f3 con vicios jur\u00eddicos que los gremios, como Fenalco, hemos querido demostrar al Ministerio de Transporte, porque corresponde a las alcald\u00edas constituidas como Unidades Especiales de Desarrollo Fronterizo, de acuerdo con el art\u00edculo 85 de la Ley 633 del 2000, reglamentar la operaci\u00f3n, as\u00ed como los requisitos y el recaudo de este proceso.<\/p>\n<p>En la reglamentaci\u00f3n se establece que una persona solo puede hacer internaci\u00f3n de un veh\u00edculo y deber\u00e1 demostrar que es residente en una Unidad Especial de Desarrollo Fronterizo y corresponder\u00eda a todos los veh\u00edculos que estaban en la ciudad antes del 19 de agosto del 2015, fecha en la que se cerr\u00f3 la frontera con Venezuela.<\/p>\n<p>Es importante aclarar por parte de Fenalco, que representa a los empresarios del sector automotor, que tampoco estamos de acuerdo con el Decreto 2229 de 2017, que define que pasados siete a\u00f1os este veh\u00edculo internado se deber\u00e1 chatarrizar, lo que significa una p\u00e9rdida total de un bien para muchas familias cucute\u00f1as.<\/p>\n<p>El alcalde Cesar Rojas Ayala afirm\u00f3 que la administraci\u00f3n est\u00e1 dando aplicaci\u00f3n al Decreto 2229 y que por ello deleg\u00f3 esta acci\u00f3n en el Secretario de Hacienda, mediante el Decreto 0642, habilitando la solicitud de internaci\u00f3n en la p\u00e1gina web de la administraci\u00f3n, en la que de manera voluntaria los propietarios de veh\u00edculos de placa extranjera pueden hacerla. As\u00ed mismo reafirm\u00f3 que en estos 6 meses anteriores el gobierno municipal no hizo ninguna gesti\u00f3n para la aplicaci\u00f3n.<\/p>\n<p>Lo que s\u00ed es claro, es que tal como sali\u00f3 el decreto no resuelve las inquietudes de los empresarios y s\u00ed deja un mar de inquietudes y mucho descontento en la comunidad.<\/p>\n<p>&nbsp; <\/p>\n","protected":false},"excerpt":{"rendered":"<p>La internaci\u00f3n temporal de veh\u00edculos es una herramienta jur\u00eddica contemplada en la Ley de Fronteras 191 de 1995, y que durante el \u00faltimo a\u00f1o empresarios y gremios del sector automotor hab\u00edan solicitado al Gobierno por medio de la Alcald\u00eda de C\u00facuta, solicitud que se hac\u00eda para frenar el contrabando de veh\u00edculos, que durante el 2017, &hellip;<\/p>\n","protected":false},"author":1,"featured_media":32728,"comment_status":"open","ping_status":"open","sticky":false,"template":"","format":"standard","meta":{"footnotes":""},"categories":[14,4],"tags":[226,1526,3970],"class_list":["post-32727","post","type-post","status-publish","format-standard","has-post-thumbnail","hentry","category-articulistas","category-barra","tag-alcaldia-de-cucuta","tag-fenalco-norte-de-santander","tag-internacion-de-vehiculos"],"_links":{"self":[{"href":"https:\/\/contraluzcucuta.co\/index.php?rest_route=\/wp\/v2\/posts\/32727","targetHints":{"allow":["GET"]}}],"collection":[{"href":"https:\/\/contraluzcucuta.co\/index.php?rest_route=\/wp\/v2\/posts"}],"about":[{"href":"https:\/\/contraluzcucuta.co\/index.php?rest_route=\/wp\/v2\/types\/post"}],"author":[{"embeddable":true,"href":"https:\/\/contraluzcucuta.co\/index.php?rest_route=\/wp\/v2\/users\/1"}],"replies":[{"embeddable":true,"href":"https:\/\/contraluzcucuta.co\/index.php?rest_route=%2Fwp%2Fv2%2Fcomments&post=32727"}],"version-history":[{"count":1,"href":"https:\/\/contraluzcucuta.co\/index.php?rest_route=\/wp\/v2\/posts\/32727\/revisions"}],"predecessor-version":[{"id":32729,"href":"https:\/\/contraluzcucuta.co\/index.php?rest_route=\/wp\/v2\/posts\/32727\/revisions\/32729"}],"wp:featuredmedia":[{"embeddable":true,"href":"https:\/\/contraluzcucuta.co\/index.php?rest_route=\/wp\/v2\/media\/32728"}],"wp:attachment":[{"href":"https:\/\/contraluzcucuta.co\/index.php?rest_route=%2Fwp%2Fv2%2Fmedia&parent=32727"}],"wp:term":[{"taxonomy":"category","embeddable":true,"href":"https:\/\/contraluzcucuta.co\/index.php?rest_route=%2Fwp%2Fv2%2Fcategories&post=32727"},{"taxonomy":"post_tag","embeddable":true,"href":"https:\/\/contraluzcucuta.co\/index.php?rest_route=%2Fwp%2Fv2%2Ftags&post=32727"}],"curies":[{"name":"wp","href":"https:\/\/api.w.org\/{rel}","templated":true}]}}