{"id":32709,"date":"2018-07-04T17:13:50","date_gmt":"2018-07-04T22:13:50","guid":{"rendered":"http:\/\/contraluzcucuta.co\/?p=32709"},"modified":"2018-07-04T17:13:50","modified_gmt":"2018-07-04T22:13:50","slug":"notas-al-margen-cucuta-y-las-fronteras-piden-paz-integracion-y-desarrollo","status":"publish","type":"post","link":"https:\/\/contraluzcucuta.co\/?p=32709","title":{"rendered":"NOTAS AL MARGEN. C\u00facuta\u00a0 y las fronteras piden paz, integraci\u00f3n y desarrollo"},"content":{"rendered":"<p style=\"padding-left: 60px;\"><span style=\"color: #ff6600;\">1.- Escribo estas notas luego de un di\u00e1logo telef\u00f3nico, franco, sincero y abierto, con el embajador de Venezuela en Colombia, Iv\u00e1n Guillermo Rinc\u00f3n Urdaneta, quien expres\u00f3 sus preocupaciones por el futuro de las relaciones colombo-venezolanas y del muy posible retiro de su representaci\u00f3n ante las declaraciones p\u00fablicas del nuevo presidente de Colombia, Iv\u00e1n Duque, quien, seg\u00fan el Embajador, no nombrar\u00e1 Embajador en Venezuela y, adem\u00e1s, no reconocer\u00e1 como legal la elecci\u00f3n del presidente Maduro y su&nbsp; continuidad.<\/span><\/p>\n<p>Situaci\u00f3n esta que de inmediato genera enormes expectativas y gigantes preocupaciones para la frontera colombo-venezolana y en especial la que tiene como eje y centro a C\u00facuta, ciudad que experimenta uno de los momentos socio- econ\u00f3micos y pol\u00edticos m\u00e1s delicados y complejos de la historia, en orden a los altos \u00edndices de desempleo e inseguridad, carencia de apoyo en incentivos, est\u00edmulos y mecanismos que permitan dar vigencia y soluci\u00f3n a propuestas que han sido formuladas a los dos gobiernos por intermedio de las canciller\u00edas y nacidas desde asociaciones del sector privado, que claman por unos prontos y constructivos&nbsp; an\u00e1lisis, que podr\u00edan dar salida y vigencia a la creaci\u00f3n de empleos y nuevas perspectivas, dada la calamitosa situaci\u00f3n que se experimenta en Venezuela y la necesidad de cambiar y trasformar la frontera hacia desarrollos compartidos, aprovechando la ubicaci\u00f3n geoestrat\u00e9gica de sus fajas territoriales bilaterales lim\u00edtrofes, los recursos que conjuntamente podr\u00edan canalizarse hacia lo b\u00e1sico, urgente y necesario, para impulsar la industrializaci\u00f3n, la modernizaci\u00f3n comercial y el estimulo a la producci\u00f3n agr\u00edcola, partiendo de la base que uno de los problemas que han frenado el desarrollo de los dos pa\u00edses es la falta de generaci\u00f3n de empleos, el fortalecimiento educativo universitario y la capacitaci\u00f3n en general.<\/p>\n<p>2.- S\u00ed, las fronteras y quienes han expuesto sus tesis y propuestas lo que piden es acercamientos y prontos avances para entendimientos y acuerdos al m\u00e1s alto nivel, para que se&nbsp; superen el exagerado centralismo y las limitantes al desarrollo conjunto que mantienen paralizadas a estas fajas territoriales que no han sido tratadas y estimuladas por los gobiernos de Caracas y Bogot\u00e1, como se debe y necesita, debido a las pugnas y retos verbales presentados en los altos cargos&nbsp; y niveles de gobierno y poder, hasta el punto de estar cerrada la frontera &#8211; casi por tres a\u00f1os-&nbsp; y&nbsp; olvidando la expresi\u00f3n y el reto que el libertador Sim\u00f3n Bol\u00edvar sintetiz\u00f3 a ra\u00edz de las divisiones y quebrantos que experiment\u00f3 la causa independista cuando dijo: \u201cEl no habernos compuesto con Santander nos ha perjudicado a todos\u201d.<\/p>\n<p>3.- Infortunadamente, en los centros de poder y por falta de uni\u00f3n y de labores en equipo, acercamientos, asociaci\u00f3n y&nbsp; uni\u00f3n han sido desplazados por declaraciones que han sacudido el ambiente, por la ausencia de entendimientos&nbsp; hacia el progreso y dentro de una concepci\u00f3n futurista y perseverante para modernizar las gestiones por cumplir dentro de una visi\u00f3n americanista renovadora y para aplicarla internacionalmente, porque se viene aplazando y sin mejorar lo que debe ser el trato abierto y sincero, la innovaci\u00f3n educativa y la tecnificaci\u00f3n en todo el andamiaje productivo, ante el reto libre, cierto, &nbsp;evolutivo, renovador y cambiante que se capta en el planeta .<\/p>\n<p>Por eso, la preocupaci\u00f3n del embajador Rinc\u00f3n Urdaneta y la posibilidad, de crear parques industriales y tecnol\u00f3gicos, zonas francas especializadas y zonas aduaneras especiales, para dar paso, asistencia y vida a las maquiladoras, las recibimos con impacto y expectativa, porque lo que es primario y urgente exige un di\u00e1logo directo, franco, trasformador y ejemplarizante para que las soluciones fundamentales&nbsp; que se deben emplear e implementar deben ser el producto de una libre y democr\u00e1tica demostraci\u00f3n de confianza mutua, porque unidos y laborando mancomunadamente se dar\u00eda no solo un gran ejemplo, sino la demostraci\u00f3n clara y rotunda de la importancia y trascendencia de esa&nbsp; hermandad nacida y proyectada desde la Villa hist\u00f3rica del Rosario, cuando desde all\u00ed se&nbsp; origin\u00f3 y constituy\u00f3 La Gran Colombia, que fue y sigue siendo fuente viva y demostrable de un prop\u00f3sito mayor que la llevar\u00e1 a que alg\u00fan- ojal\u00e1 pr\u00f3ximo &#8211; d\u00eda los gobernantes&nbsp; de Colombia y Venezuela se re\u00fanan all\u00ed para exteriorizar&nbsp; y dar vigencia a los buenos prospectos que se aprueban desde la frontera. Y calificar a ese retablo de historia y&nbsp; fraternidad como la Capital de la Integraci\u00f3n en Am\u00e9rica.<\/p>\n<p>Quiera Dios que estos sentimientos y anhelos constituyan los fundamentos de los acuerdos y entendimientos que desde los l\u00edmites integradores, formulan los pobladores a presidentes y gobiernos de Colombia y Venezuela en un momento de gran importancia para Am\u00e9rica.<\/p>\n<p>Se\u00f1or embajador Iv\u00e1n Guillermo&nbsp; Rinc\u00f3n, le pedimos que siga defendiendo y proyectando las causas y las motivaciones de la gente de frontera.<\/p>\n<p>Doctor Iv\u00e1n Duque, vivamente anhelamos que el inicio de su mandato como presidente de Colombia constituya un aut\u00e9ntico comienzo de una nueva y trasformadora relaci\u00f3n con Venezuela&nbsp; y auxiliando a las fronteras, que constituyen y representan el 53 % de la faja territorial nacional o sea&nbsp; m\u00e1s de la mitad de Colombia, pero que son los territorios m\u00e1s marginales y abandonados, aunque los de mayor perspectiva, si se los respalda.&nbsp;&nbsp;<\/p>\n<p><strong>JOS\u00c9 NEIRA REY<\/strong> <\/p>\n","protected":false},"excerpt":{"rendered":"<p>1.- Escribo estas notas luego de un di\u00e1logo telef\u00f3nico, franco, sincero y abierto, con el embajador de Venezuela en Colombia, Iv\u00e1n Guillermo Rinc\u00f3n Urdaneta, quien expres\u00f3 sus preocupaciones por el futuro de las relaciones colombo-venezolanas y del muy posible retiro de su representaci\u00f3n ante las declaraciones p\u00fablicas del nuevo presidente de Colombia, Iv\u00e1n Duque, quien, &hellip;<\/p>\n","protected":false},"author":1,"featured_media":32710,"comment_status":"open","ping_status":"open","sticky":false,"template":"","format":"standard","meta":{"footnotes":""},"categories":[14,4],"tags":[578,382,956],"class_list":["post-32709","post","type-post","status-publish","format-standard","has-post-thumbnail","hentry","category-articulistas","category-barra","tag-frontera-colombo-venezolana","tag-jose-neira","tag-notas-al-margen"],"_links":{"self":[{"href":"https:\/\/contraluzcucuta.co\/index.php?rest_route=\/wp\/v2\/posts\/32709","targetHints":{"allow":["GET"]}}],"collection":[{"href":"https:\/\/contraluzcucuta.co\/index.php?rest_route=\/wp\/v2\/posts"}],"about":[{"href":"https:\/\/contraluzcucuta.co\/index.php?rest_route=\/wp\/v2\/types\/post"}],"author":[{"embeddable":true,"href":"https:\/\/contraluzcucuta.co\/index.php?rest_route=\/wp\/v2\/users\/1"}],"replies":[{"embeddable":true,"href":"https:\/\/contraluzcucuta.co\/index.php?rest_route=%2Fwp%2Fv2%2Fcomments&post=32709"}],"version-history":[{"count":1,"href":"https:\/\/contraluzcucuta.co\/index.php?rest_route=\/wp\/v2\/posts\/32709\/revisions"}],"predecessor-version":[{"id":32711,"href":"https:\/\/contraluzcucuta.co\/index.php?rest_route=\/wp\/v2\/posts\/32709\/revisions\/32711"}],"wp:featuredmedia":[{"embeddable":true,"href":"https:\/\/contraluzcucuta.co\/index.php?rest_route=\/wp\/v2\/media\/32710"}],"wp:attachment":[{"href":"https:\/\/contraluzcucuta.co\/index.php?rest_route=%2Fwp%2Fv2%2Fmedia&parent=32709"}],"wp:term":[{"taxonomy":"category","embeddable":true,"href":"https:\/\/contraluzcucuta.co\/index.php?rest_route=%2Fwp%2Fv2%2Fcategories&post=32709"},{"taxonomy":"post_tag","embeddable":true,"href":"https:\/\/contraluzcucuta.co\/index.php?rest_route=%2Fwp%2Fv2%2Ftags&post=32709"}],"curies":[{"name":"wp","href":"https:\/\/api.w.org\/{rel}","templated":true}]}}