{"id":32702,"date":"2018-07-01T22:03:58","date_gmt":"2018-07-02T03:03:58","guid":{"rendered":"http:\/\/contraluzcucuta.co\/?p=32702"},"modified":"2018-07-01T22:03:58","modified_gmt":"2018-07-02T03:03:58","slug":"mano-mano-con-caballero-cucuta-no-merece-estar-en-segunda-division","status":"publish","type":"post","link":"https:\/\/contraluzcucuta.co\/?p=32702","title":{"rendered":"MANO A MANO CON CABALLERO. C\u00facuta no merece estar en Segunda Divisi\u00f3n"},"content":{"rendered":"<p style=\"padding-left: 60px;\"><span style=\"color: #ff6600;\"><strong>C\u00daCUTA.-<\/strong> Para el paraguayo Roque Caballero su sue\u00f1o desde peque\u00f1o fue ser futbolista. Amante de los tatuajes, tanto que el primero se lo hizo a escondidas de los padres. Este delantero aguerrido, como se describe, lleg\u00f3 a C\u00facuta con el fin de aportar para que el once motil\u00f3n llegue a Primera Divisi\u00f3n. Al principio se le hizo dif\u00edcil ganarse el cari\u00f1o de la hinchada, pero sabe que va a dejar todo en la cancha por darles alegr\u00edas a los aficionados rojinegro.<\/span><\/p>\n<p><strong>\u00bfDesde qu\u00e9 edad empez\u00f3 a gustarle el futbol?<\/strong><\/p>\n<ul>\n<li><em>Desde que tengo uno de raz\u00f3n. Recuerdo que los 6 a\u00f1os empec\u00e9 en una escuela y desde ah\u00ed sigo d\u00e1ndole duro a este deporte.<\/em><\/li>\n<\/ul>\n<p><strong>\u00bfPorque la posici\u00f3n de delantero?<\/strong><\/p>\n<ul>\n<li><em>Me gust\u00f3 cuando vi a Roque Santa Cruz. Tambi\u00e9n desde peque\u00f1o me ha gustado utilizar la n\u00famero 9, todo gracias a \u00e9l. <\/em><\/li>\n<\/ul>\n<p><strong>\u00bfTuvo dificultades econ\u00f3micas a la hora de iniciar el camino en el futbol?<\/strong><\/p>\n<ul>\n<li><em> Siempre fui de una familia pudiente y que me brind\u00f3 todo. No puedo decir que falt\u00f3 apoyo econ\u00f3mico. Desde peque\u00f1o me gusta este deporte, mis pap\u00e1s lo sab\u00edan y me apoyaban. Hasta hoy que las cosas se est\u00e1n dando de una mejor manera trato de aprovechar todo. <\/em><\/li>\n<\/ul>\n<p><strong>\u00bfQu\u00e9 locura hizo cuando estaba ni\u00f1o por estar pendiente del futbol?<\/strong><\/p>\n<ul>\n<li><em> Nunca fui un ni\u00f1o de travesuras, fui juicioso. Entrenaba, no me gustaba pelear y siempre era obediente y responsable. <\/em><\/li>\n<\/ul>\n<p><strong>\u00bfQu\u00e9 recuerda de ese debut como profesional en Sportivo Luque\u00f1o, en el 2010?<\/strong><\/p>\n<ul>\n<li><em>Estaba feliz de debutar y llegar a Primera Divisi\u00f3n. Contento por la oportunidad que me dieron para mostrarme. Lastimosamente, no marqu\u00e9, porque entr\u00e9 en el segundo tiempo; pero, bueno, desde ah\u00ed empez\u00f3 todo un sue\u00f1o, una carrera que gracias a Dios llevo con orgullo y respaldo.<\/em><\/li>\n<\/ul>\n<p><strong>\u00bfNervios en ese primer partido?<\/strong><\/p>\n<ul>\n<li><em>S\u00ed, claro. Siempre, hasta hoy, sigo con nervios antes de un partido. Los nervios van a estar presente, as\u00ed sea el primero o el \u00faltimo. Uno entra con esa adrenalina que provoca nervios. <\/em><\/li>\n<\/ul>\n<p><strong>\u00bfQu\u00e9 t\u00e9cnico le dio la oportunidad de debutar?<\/strong><\/p>\n<ul>\n<li><em>Pablo Caballero.<\/em><\/li>\n<\/ul>\n<p><strong>\u00bfQu\u00e9 recuerda del paso por Sportivo Trinidense, de Paraguay?<\/strong><\/p>\n<ul>\n<li><em>Trinidense fue un equipo que me abri\u00f3 las puertas, me apoy\u00f3, me dio esos minutos de juego que necesitaba. Los partidos me fueron bien. Hice 15 goles en ese equipo. Fue un semestre hermoso para mi carrera. Desde ah\u00ed pude saltar a Colombia.<\/em><\/li>\n<\/ul>\n<p><strong>\u00bfQu\u00e9 tan cierta es&nbsp; la frase que dice que \u2018todo buen jugador es mal estudiante\u2019? \u00bfFue usted mal estudiante?<\/strong><\/p>\n<ul>\n<li><em>S\u00ed. La verdad que es cierto. A veces ni siquiera iba al colegio, me vest\u00eda como para ir, pero empacaba mis botines, el uniforme y me iba a entrenar. A mi mam\u00e1 nunca le gust\u00f3 que jugara f\u00fatbol y hasta hoy no le gusta. Dejaba 12 0 15 materias pendientes. <\/em><\/li>\n<\/ul>\n<p><strong>\u00bfQu\u00e9 Recuerda de la llegada y el paso por Atl\u00e9tico Huila?<\/strong><\/p>\n<ul>\n<li><em>El presidente de Huila confi\u00f3 en mi trabajo, vio que estaba en buen momento y me dijo que quer\u00eda contar conmigo. Me fue bien, los minutos que quer\u00eda jugar, termin\u00e9 como uno de los goleadores del equipo. Lastimosamente, me tuve que operar y no termin\u00e9 el a\u00f1o. <\/em><\/li>\n<\/ul>\n<p><strong>Por ser su primer equipo extranjero \u00bfSe le hizo dif\u00edcil la salida de casa y la adaptaci\u00f3n a otro pa\u00eds?<\/strong><\/p>\n<ul>\n<li><em> Me dio, duro porque toda mi vida la viv\u00ed con mis padres. Hace 3 a\u00f1os estoy fuera de casa. Ahora no tanto, porque tengo a mi esposa que me acompa\u00f1a desde el primer a\u00f1o que viaj\u00e9 fuera de Paraguay, y me siento m\u00e1s tranquilo. <\/em><\/li>\n<\/ul>\n<p><strong>\u00bfQu\u00e9 recuerda de la hinchada del Atl\u00e9tico Huila?<\/strong><\/p>\n<ul>\n<li><em>Fue una hinchada maravillosa. La gente me apoya, todav\u00eda recibo mensajes. Creo que es una afici\u00f3n que mira el trabajo del jugador en el campo. Muchas veces no se daba el resultado, pero segu\u00edan ah\u00ed. Estoy contento por esa parte.<\/em><\/li>\n<\/ul>\n<p><strong>\u00bfC\u00f3mo lleg\u00f3 a Rionegro \u00c1guilas?<\/strong><\/p>\n<ul>\n<li><em>El presidente me hab\u00eda llamado en junio del 2016. Todav\u00eda ten\u00eda contrato con Huila. A fin de a\u00f1o, cuando Huila no hizo la opci\u00f3n de compra, Rionegro s\u00ed lo hizo. Llegu\u00e9, habl\u00e9 con el presidente, le ced\u00e9 el 60 % de mis derechos deportivos y firm\u00e9 por 3 a\u00f1os con el club. Actualmente sigue con mis derechos.<\/em><\/li>\n<\/ul>\n<p><strong>\u00bfEl mejor gol de su carrera?<\/strong><\/p>\n<ul>\n<li><em>Tengo Dos. Uno de chilena que hice con Sportivo Trinidense, desde fuera del \u00e1rea. Y segundo el de mitad de cancha que marqu\u00e9 con el C\u00facuta Deportivo (en el General Santander).<\/em><\/li>\n<\/ul>\n<p><strong>\u00bfPor qu\u00e9 regres\u00f3 a Deportivo Trinidense, en el 2017?<\/strong><\/p>\n<ul>\n<li><em>Porque en Rionegro juegu\u00e9 nueve partidos, apenas hice tres goles. Creo que me forzaron el clima y la altura de all\u00e1 a tomar esa decisi\u00f3n. Fui a pr\u00e9stamo por 6 meses a Trinidense. No tuve la oportunidad de jugar, porque el t\u00e9cnico ten\u00eda el equipo armado. Llego a mitad del campeonato y me tuve que acomodar a lo que el t\u00e9cnico quer\u00eda. Solo jugu\u00e9 dos partidos. Despu\u00e9s se me da la oportunidad de estar en C\u00facuta. <\/em><\/li>\n<\/ul>\n<p><strong>\u00bfC\u00f3mo lleg\u00f3 al C\u00facuta Deportivo?<\/strong><\/p>\n<ul>\n<li><em>Recibo la noticia contento, porque me dio la oportunidad de volver a Colombia, un pa\u00eds que me abri\u00f3 las puertas para mostrarme como profesional. Estaba feliz y cuando me dijeron que el C\u00facuta me quer\u00eda, le coment\u00e9 a mi esposa, a mi familia. Mis padres estaban tristes, porque volv\u00eda a estar afuera del pa\u00eds. Pero estaba feliz de estar en un equipo tan grande como C\u00facuta. <\/em><\/li>\n<\/ul>\n<p><strong>\u00bfQu\u00e9 lo motivo a decir que s\u00ed al C\u00facuta Deportivo?<\/strong><\/p>\n<ul>\n<li><em>Lo que significa el C\u00facuta. Es un equipo grande, creo que es un equipo que no merece estar en segunda divisi\u00f3n. Sab\u00eda que hab\u00eda que luchar por el ascenso. Es un desaf\u00edo que me propuse, ayudar a marcar goles para que el equipo ascienda.<\/em><\/li>\n<\/ul>\n<p><strong>\u00bfLe costaron los primeros entrenamientos debido al clima?<\/strong><\/p>\n<ul>\n<li><em>Un poco, pero era porque ven\u00eda sin ritmo de f\u00fatbol, 6 meses sin jugar. Me cost\u00f3, pero el tema del clima no. Ven\u00eda de una zona donde hac\u00eda mucho calor, estaba acostumbrado. <\/em><\/li>\n<\/ul>\n<p><strong>\u00bfC\u00f3mo fue la reacci\u00f3n cuando vio el grupo?<\/strong><\/p>\n<ul>\n<li><em>Solo conoc\u00eda a Mauricio Duarte, cuando lo tuve como compa\u00f1ero en el Huila. Despu\u00e9s, conoc\u00ed a Agudelo, porque lo enfrent\u00e9 cuando estaba en Santa Fe y yo en Rionegro. Cuando empec\u00e9 a integrarme,&nbsp; vi que era un grupo maravilloso, que quiere salir adelante y sabe lo que se juega con este equipo. <\/em><\/li>\n<\/ul>\n<p><strong>\u00bfC\u00f3mo le fue en la primera conversaci\u00f3n con Lucas Pusineri?<\/strong><\/p>\n<ul>\n<li><em>Desde el primer momento me trat\u00f3 bien. Me habl\u00f3, me dijo lo que quer\u00eda que le aportara al equipo. Gracias a Dios he podido responder de la mejor manera. <\/em><\/li>\n<\/ul>\n<p><strong>\u00bfEs verdad que es aficionado a los tatuajes?<\/strong><\/p>\n<ul>\n<li><em>S\u00ed, me gustan mucho. Cuando tuve la oportunidad de hacerme el primero lo hice a escondidas de mis padres. Despu\u00e9s, cuando lo vieron y no me dijeron nada, segu\u00ed. Ahora, tengo 11 tatuajes y espero que me pueda hacer mucho m\u00e1s. <\/em><\/li>\n<\/ul>\n<p><strong>\u00bfCu\u00e1les son los tres m\u00e1s significativos?<\/strong><\/p>\n<ul>\n<li><em>El que tengo de mi hija. Lastimosamente, con mi esposa perdimos un beb\u00e9, me tatu\u00e9 un \u00e1ngel y el nombre de la beb\u00e9. Despu\u00e9s, la fecha en la que le ped\u00ed matrimonio y el n\u00famero que siempre he utilizado en mi carrera. <\/em><\/li>\n<\/ul>\n<p><strong>\u00bfQu\u00e9 tanto le aporta el f\u00fatbol paraguayo al latinoamericano?<\/strong><\/p>\n<ul>\n<li>El futbol paraguayo es de garra, de entrega. Es un juego a\u00e9reo. Todos conocen a los paraguayos por el juego de centro, cabeza y gol. Creo que eso es lo que aporta al latinoamericano.<\/li>\n<\/ul>\n<p><strong>\u00bfQu\u00e9 aporta el futbol colombiano al latinoamericano?<\/strong><\/p>\n<ul>\n<li><em>El futbol colombiano es m\u00e1s t\u00e9cnico. Por eso es muchos colombianos est\u00e1n en Europa, porque son t\u00e9cnicos y t\u00e1cticos, tambi\u00e9n tienen garra y entrega.<\/em><\/li>\n<\/ul>\n<p><strong>\u00bfEntre las hinchadas paraguaya y colombiana con cu\u00e1l se queda?<\/strong><\/p>\n<ul>\n<li><em>Con la de Colombia. En Paraguay somos pocos habitantes, los equipos con m\u00e1s grande hinchada son Cerro Porte\u00f1o y Olimpia. Cuando juega con estos equipos se siente presi\u00f3n, pero en los dem\u00e1s no pasan de 5000 los seguidores. En Colombia la mayor\u00eda de equipos tienen m\u00e1s de 7000 aficionados que van al estadio. <\/em><\/li>\n<\/ul>\n<p><strong>\u00bfQu\u00e9 opina de los futbolistas cucute\u00f1os?<\/strong><\/p>\n<ul>\n<li><em>Son j\u00f3venes y buena gente, apenas inician la carrera. Braynner es el \u00fanico experimentado y es ejemplo para seguir. Me parece una persona maravillosa. Solano y Rangel lo hacen bien, espero que sigan por esa l\u00ednea. Mauricio Duarte colabora en el grupo y si ascendemos van a dejar una huella importante en el club. <\/em><\/li>\n<\/ul>\n<p><strong>\u00bfSe enamor\u00f3 de la hinchada cucute\u00f1a?<\/strong><\/p>\n<ul>\n<li><em>S\u00ed. En los primeros partidos no ca\u00eda bien. Ahora, gracias al trabajo y a los goles que he hecho, me he ganado el cari\u00f1o y ellos el m\u00edo. <\/em><\/li>\n<\/ul>\n<p><strong>\u00bfSe le hizo dif\u00edcil ganarse ese cari\u00f1o?<\/strong><\/p>\n<ul>\n<li><em>S\u00ed. El ambiente de la hinchada es exigente no solo en Colombia, sino en Latinoam\u00e9rica. Uno como delantero depende de los goles y del trabajo que haga. Cuando uno marca un gol la hinchada lo quiere, lo aclama, eso es lo importante. <\/em><\/li>\n<\/ul>\n<p><strong>\u00bfC\u00f3mo podemos describir a Roque Caballero?<\/strong><\/p>\n<ul>\n<li>Como un jugador aguerrido. En el equipo que est\u00e9 no le prometo goles, pero si la entrega ciento por ciento. Un jugador con buen salto, nunca ahorrar\u00e9 una gota de sudor en el campo de juego. Soy amable, humilde, nunca le niego nada a nadie, cuando hay la posibilidad de ayudar lo hago, no me considero mala persona, me gusta compartir con mi esposa. Soy hogare\u00f1o.<\/li>\n<\/ul>\n<p><strong>JORDY ORLANDO CRUZ<\/strong> <\/p>\n","protected":false},"excerpt":{"rendered":"<p>C\u00daCUTA.- Para el paraguayo Roque Caballero su sue\u00f1o desde peque\u00f1o fue ser futbolista. Amante de los tatuajes, tanto que el primero se lo hizo a escondidas de los padres. Este delantero aguerrido, como se describe, lleg\u00f3 a C\u00facuta con el fin de aportar para que el once motil\u00f3n llegue a Primera Divisi\u00f3n. Al principio se &hellip;<\/p>\n","protected":false},"author":1,"featured_media":32703,"comment_status":"open","ping_status":"open","sticky":false,"template":"","format":"standard","meta":{"footnotes":""},"categories":[4,28],"tags":[3996,1988,4192],"class_list":["post-32702","post","type-post","status-publish","format-standard","has-post-thumbnail","hentry","category-barra","category-vistazo-deportivo","tag-cucuta-deportivo-2018","tag-futbol-de-segunda","tag-roque-caballero"],"_links":{"self":[{"href":"https:\/\/contraluzcucuta.co\/index.php?rest_route=\/wp\/v2\/posts\/32702","targetHints":{"allow":["GET"]}}],"collection":[{"href":"https:\/\/contraluzcucuta.co\/index.php?rest_route=\/wp\/v2\/posts"}],"about":[{"href":"https:\/\/contraluzcucuta.co\/index.php?rest_route=\/wp\/v2\/types\/post"}],"author":[{"embeddable":true,"href":"https:\/\/contraluzcucuta.co\/index.php?rest_route=\/wp\/v2\/users\/1"}],"replies":[{"embeddable":true,"href":"https:\/\/contraluzcucuta.co\/index.php?rest_route=%2Fwp%2Fv2%2Fcomments&post=32702"}],"version-history":[{"count":1,"href":"https:\/\/contraluzcucuta.co\/index.php?rest_route=\/wp\/v2\/posts\/32702\/revisions"}],"predecessor-version":[{"id":32704,"href":"https:\/\/contraluzcucuta.co\/index.php?rest_route=\/wp\/v2\/posts\/32702\/revisions\/32704"}],"wp:featuredmedia":[{"embeddable":true,"href":"https:\/\/contraluzcucuta.co\/index.php?rest_route=\/wp\/v2\/media\/32703"}],"wp:attachment":[{"href":"https:\/\/contraluzcucuta.co\/index.php?rest_route=%2Fwp%2Fv2%2Fmedia&parent=32702"}],"wp:term":[{"taxonomy":"category","embeddable":true,"href":"https:\/\/contraluzcucuta.co\/index.php?rest_route=%2Fwp%2Fv2%2Fcategories&post=32702"},{"taxonomy":"post_tag","embeddable":true,"href":"https:\/\/contraluzcucuta.co\/index.php?rest_route=%2Fwp%2Fv2%2Ftags&post=32702"}],"curies":[{"name":"wp","href":"https:\/\/api.w.org\/{rel}","templated":true}]}}