{"id":32696,"date":"2018-07-01T20:22:37","date_gmt":"2018-07-02T01:22:37","guid":{"rendered":"http:\/\/contraluzcucuta.co\/?p=32696"},"modified":"2018-07-01T20:22:37","modified_gmt":"2018-07-02T01:22:37","slug":"nota-pastoral-el-aborto-y-la-eutanasia-son-contrarios-al-designio-de-dios-y-tipificados-como-asesinatos","status":"publish","type":"post","link":"https:\/\/contraluzcucuta.co\/?p=32696","title":{"rendered":"NOTA PASTORAL. El aborto y la eutanasia son contrarios al designio de Dios y tipificados como asesinatos"},"content":{"rendered":"<p style=\"padding-left: 60px;\"><span style=\"color: #ff6600;\"><strong>SAN CRIST\u00d3BAL \u2013 Venezuela.-<\/strong> En Venezuela siempre hemos defendido la vida en todas sus hermosas expresiones. Somos defensores de la vida humana desde su concepci\u00f3n en el vientre materno hasta cuando pasa a la eternidad. En esto somos fieles a la ense\u00f1anza que nos da la Palabra de Dios y el magisterio de la Iglesia.<\/span><\/p>\n<p>La Constituci\u00f3n Bolivariana de Venezuela defiende y protege la vida humana desde los inicios de la misma.<\/p>\n<p>Desde esta perspectiva, consideramos que el aborto, como la eutanasia son contrarios al designio de Dios y son tipificados como asesinatos de personas que tienen una dignidad que les viene de Dios.<\/p>\n<p>La dignidad humana de donde se desprenden los derechos del hombre -y el primero es el derecho a la vida- debe ser respetada en todo momento. El tema del aborto no puede caer en la diatriba pol\u00edtica. No es ni de izquierdas ni de derechas. Es un atentado contra un ser totalmente vulnerable y con su dignidad de imagen y semejanza de Dios.<\/p>\n<p>En estos d\u00edas algunos grupos sociales han introducido ante la Asamblea Nacional Constituyente la solicitud de que se estudie la aprobaci\u00f3n del aborto. Los argumentos que se esgrimen suelen ser los mismos de otros lugares.<\/p>\n<p>Movidos por nuestra fidelidad al Dios de la vida y en conciencia los cristianos cat\u00f3licos debemos oponernos a esta solicitud y manifestarlo p\u00fablicamente. El aborto no es un derecho humano como tampoco es una manera de defender a los m\u00e1s pobres.<\/p>\n<p>Generalmente cargamos las tintas contra la mujer que aborta. Ella tiene su gran responsabilidad. Pero los m\u00e9dicos, enfermeros y todos los que realizan esta criminal praxis as\u00ed como quienes ejercen presi\u00f3n sobre la madre para abortar son tanto, o hasta m\u00e1s, responsables de un vil asesinato. Por eso, tambi\u00e9n ellos cometen un grav\u00edsimo pecado pues rompen con uno de los mandamientos de la Ley de Dios y pretenden suplantar el papel del mismo Dios crey\u00e9ndose due\u00f1os de la vida. Lo mismo acontece con los dirigentes pol\u00edticos y legisladores que aprueban leyes en favor del aborto.<\/p>\n<p>Dado el inminente peligro de que en nuestra patria se apruebe la despenalizaci\u00f3n del aborto &#8211; lo que vendr\u00eda a acrecentar la inmensa cantidad de problemas que atentan contra la dignidad humana en la crisis que sufrimos- es necesario no s\u00f3lo estar prevenidos sino hacernos eco fuerte del rechazo a esta posibilidad. Todos hemos de expresar por&nbsp; los medios a nuestro alcance el total rechazo al aborto y nuestro s\u00ed a la vida en todas sus expresiones<\/p>\n<p>Adem\u00e1s de elevar nuestra oraci\u00f3n al Se\u00f1or para que esto no se d\u00e9, es importante que en cada parroquia e instancia eclesial se organicen charlas para informarse bien acerca del tema de la defensa de la vida.<\/p>\n<p>Pedimos a m\u00e9dicos, abogados y maestros, comunicadores sociales y enfermeros, dirigentes pol\u00edticos y sociales que, de acuerdo con su fe y como miembros de la Iglesia, se pronuncien contundentemente sobre el tema. Para ello, por mensajes en los medios de comunicaci\u00f3n y por las redes sociales hagan sentir la voz y el mensaje en defensa de la vida. No se debe esperar m\u00e1s tiempo. Hay que adelantarse.<\/p>\n<p>Pedimos que el domingo 15 y el lunes 16 de julio en torno a la fiesta de Nuestra Se\u00f1ora del Carmen los sacerdotes y sus cooperadores laicos, adem\u00e1s de elevar oraciones, aprovechen la ocasi\u00f3n para orientar a la feligres\u00eda sobre el tema.<\/p>\n<p>El Dios de la vida y del amor ciertamente nos acompa\u00f1a en esta tarea. Digamos siempre SI A LA VIDA.<\/p>\n<p><strong>MONSE\u00d1OR MARIO MRONTA<\/strong><\/p>\n<p><strong>Obispo de San Crist\u00f3bal<\/strong> <\/p>\n","protected":false},"excerpt":{"rendered":"<p>SAN CRIST\u00d3BAL \u2013 Venezuela.- En Venezuela siempre hemos defendido la vida en todas sus hermosas expresiones. Somos defensores de la vida humana desde su concepci\u00f3n en el vientre materno hasta cuando pasa a la eternidad. En esto somos fieles a la ense\u00f1anza que nos da la Palabra de Dios y el magisterio de la Iglesia. &hellip;<\/p>\n","protected":false},"author":1,"featured_media":32697,"comment_status":"open","ping_status":"open","sticky":false,"template":"","format":"standard","meta":{"footnotes":""},"categories":[4,36],"tags":[1584,2491,4206,4205],"class_list":["post-32696","post","type-post","status-publish","format-standard","has-post-thumbnail","hentry","category-barra","category-la-voz-del-pueblo","tag-diocesis-de-san-cristobal","tag-monsenor-mario-moronta","tag-no-a-la-eutanasia","tag-no-al-aborto"],"_links":{"self":[{"href":"https:\/\/contraluzcucuta.co\/index.php?rest_route=\/wp\/v2\/posts\/32696","targetHints":{"allow":["GET"]}}],"collection":[{"href":"https:\/\/contraluzcucuta.co\/index.php?rest_route=\/wp\/v2\/posts"}],"about":[{"href":"https:\/\/contraluzcucuta.co\/index.php?rest_route=\/wp\/v2\/types\/post"}],"author":[{"embeddable":true,"href":"https:\/\/contraluzcucuta.co\/index.php?rest_route=\/wp\/v2\/users\/1"}],"replies":[{"embeddable":true,"href":"https:\/\/contraluzcucuta.co\/index.php?rest_route=%2Fwp%2Fv2%2Fcomments&post=32696"}],"version-history":[{"count":1,"href":"https:\/\/contraluzcucuta.co\/index.php?rest_route=\/wp\/v2\/posts\/32696\/revisions"}],"predecessor-version":[{"id":32698,"href":"https:\/\/contraluzcucuta.co\/index.php?rest_route=\/wp\/v2\/posts\/32696\/revisions\/32698"}],"wp:featuredmedia":[{"embeddable":true,"href":"https:\/\/contraluzcucuta.co\/index.php?rest_route=\/wp\/v2\/media\/32697"}],"wp:attachment":[{"href":"https:\/\/contraluzcucuta.co\/index.php?rest_route=%2Fwp%2Fv2%2Fmedia&parent=32696"}],"wp:term":[{"taxonomy":"category","embeddable":true,"href":"https:\/\/contraluzcucuta.co\/index.php?rest_route=%2Fwp%2Fv2%2Fcategories&post=32696"},{"taxonomy":"post_tag","embeddable":true,"href":"https:\/\/contraluzcucuta.co\/index.php?rest_route=%2Fwp%2Fv2%2Ftags&post=32696"}],"curies":[{"name":"wp","href":"https:\/\/api.w.org\/{rel}","templated":true}]}}