{"id":32673,"date":"2018-06-13T20:48:43","date_gmt":"2018-06-14T01:48:43","guid":{"rendered":"http:\/\/contraluzcucuta.co\/?p=32673"},"modified":"2018-06-13T20:48:43","modified_gmt":"2018-06-14T01:48:43","slug":"elecciones-presidenciales-ley-seca-no-al-porte-de-armas-y-otras-restricciones-en-cucuta","status":"publish","type":"post","link":"https:\/\/contraluzcucuta.co\/?p=32673","title":{"rendered":"ELECCIONES PRESIDENCIALES. \u00a0Ley seca, no al porte de armas y otras restricciones, en C\u00facuta"},"content":{"rendered":"<p style=\"padding-left: 60px;\"><span style=\"color: #ff6600;\"><strong>C\u00daCUTA.-<\/strong> La Alcald\u00eda de C\u00facuta dict\u00f3 normas para la conservaci\u00f3n del orden p\u00fablico durante el periodo de elecciones de Presidente y Vicepresidente de Colombia. Los comicios se llevar\u00e1n a cabo el 17 de junio, en las \u00e1reas urbana y rural del municipio.<\/span><\/p>\n<p>Mediante la Decreto 0644, del 12 de junio, qued\u00f3 prohibida la venta y consumo de bebidas embriagantes, entre las 6:00 de la tarde del 16 de junio, hasta las 6:00 de la ma\u00f1ana del 18.<\/p>\n<p>Otras medidas contempladas en la disposici\u00f3n municipal son las siguientes:<\/p>\n<p>1.- Suspensi\u00f3n general de los permisos para el porte de armas en el municipio.<\/p>\n<p>2.- Prohibido el transporte de escombros, cilindros de gas y trasteos, desde las 6:00 de la tarde del 16 de junio hasta las 6:00 de la ma\u00f1ana del 18 de junio.<\/p>\n<p>3.- Prohibida la instalaci\u00f3n de nuevos carteles, pasacalles, vallas y afiches destinados a hacer propaganda pol\u00edtica.<\/p>\n<p>Las infracciones a lo dispuesto en el decreto ser\u00e1n sancionadas &nbsp;de acuerdo con lo dispuesto en el C\u00f3digo Nacional de Polic\u00eda y Convivencia.<\/p>\n<p>La Administraci\u00f3n Municipal, invita a la ciudadan\u00eda a respetar las diferencias pol\u00edticas y conservar el orden p\u00fablico durante los comicios electorales, permitiendo que transcurran con total normalidad. <\/p>\n","protected":false},"excerpt":{"rendered":"<p>C\u00daCUTA.- La Alcald\u00eda de C\u00facuta dict\u00f3 normas para la conservaci\u00f3n del orden p\u00fablico durante el periodo de elecciones de Presidente y Vicepresidente de Colombia. Los comicios se llevar\u00e1n a cabo el 17 de junio, en las \u00e1reas urbana y rural del municipio. Mediante la Decreto 0644, del 12 de junio, qued\u00f3 prohibida la venta y &hellip;<\/p>\n","protected":false},"author":1,"featured_media":32674,"comment_status":"open","ping_status":"open","sticky":false,"template":"","format":"standard","meta":{"footnotes":""},"categories":[45,4],"tags":[226,3989,484,1448],"class_list":["post-32673","post","type-post","status-publish","format-standard","has-post-thumbnail","hentry","category-destacado","category-barra","tag-alcaldia-de-cucuta","tag-elecciones-2018","tag-ley-seca-en-cucuta","tag-segunda-vuelta-presidencial"],"_links":{"self":[{"href":"https:\/\/contraluzcucuta.co\/index.php?rest_route=\/wp\/v2\/posts\/32673","targetHints":{"allow":["GET"]}}],"collection":[{"href":"https:\/\/contraluzcucuta.co\/index.php?rest_route=\/wp\/v2\/posts"}],"about":[{"href":"https:\/\/contraluzcucuta.co\/index.php?rest_route=\/wp\/v2\/types\/post"}],"author":[{"embeddable":true,"href":"https:\/\/contraluzcucuta.co\/index.php?rest_route=\/wp\/v2\/users\/1"}],"replies":[{"embeddable":true,"href":"https:\/\/contraluzcucuta.co\/index.php?rest_route=%2Fwp%2Fv2%2Fcomments&post=32673"}],"version-history":[{"count":1,"href":"https:\/\/contraluzcucuta.co\/index.php?rest_route=\/wp\/v2\/posts\/32673\/revisions"}],"predecessor-version":[{"id":32675,"href":"https:\/\/contraluzcucuta.co\/index.php?rest_route=\/wp\/v2\/posts\/32673\/revisions\/32675"}],"wp:featuredmedia":[{"embeddable":true,"href":"https:\/\/contraluzcucuta.co\/index.php?rest_route=\/wp\/v2\/media\/32674"}],"wp:attachment":[{"href":"https:\/\/contraluzcucuta.co\/index.php?rest_route=%2Fwp%2Fv2%2Fmedia&parent=32673"}],"wp:term":[{"taxonomy":"category","embeddable":true,"href":"https:\/\/contraluzcucuta.co\/index.php?rest_route=%2Fwp%2Fv2%2Fcategories&post=32673"},{"taxonomy":"post_tag","embeddable":true,"href":"https:\/\/contraluzcucuta.co\/index.php?rest_route=%2Fwp%2Fv2%2Ftags&post=32673"}],"curies":[{"name":"wp","href":"https:\/\/api.w.org\/{rel}","templated":true}]}}