{"id":32663,"date":"2018-06-13T19:14:12","date_gmt":"2018-06-14T00:14:12","guid":{"rendered":"http:\/\/contraluzcucuta.co\/?p=32663"},"modified":"2018-06-13T19:14:12","modified_gmt":"2018-06-14T00:14:12","slug":"feria-de-cucuta-todo-listo-para-disfrutar-de-la-tercera-version","status":"publish","type":"post","link":"https:\/\/contraluzcucuta.co\/?p=32663","title":{"rendered":"FERIA DE C\u00daCUTA. Todo listo para disfrutar de la tercera versi\u00f3n"},"content":{"rendered":"<p style=\"padding-left: 60px;\"><span style=\"color: #ff6600;\"><strong>C\u00daCUTA.-<\/strong> Las secretar\u00edas de Cultura y Turismo, Desarrollo Social y Econ\u00f3mico y el Banco del Progreso preparan la tercera versi\u00f3n de la Feria de C\u00facuta. El evento se llevar\u00e1 a cabo del 18 al 22 de julio con el eslogan Rescatando Tradiciones.<\/span><\/p>\n<p>El alcalde C\u00e9sar Rojas sigue apost\u00e1ndole a la Feria como estrategia que reactiva la econom\u00eda de la ciudad y que sirve de escenario para los artistas de la regi\u00f3n. Mediante las actividades se resaltan la cultura, la historia y la idiosincrasia de los cucute\u00f1os y dan a conocer en el exterior a la capital de Norte de Santander.<\/p>\n<p>El equipo de trabajo tiene como objetivo principal posicionar la feria a la altura de las grandes del pa\u00eds. Por tal motivo, ha involucrado a empresarios, microempresarios y sectores productivos de la ciudad para dise\u00f1ar una nutrida programaci\u00f3n que cuenta con actividades para todos los gustos y para que ning\u00fan cucute\u00f1o tenga la excusa para no disfrutar la fiesta.<\/p>\n<p>Este 15 de junio, en el Parque Fundadores (junto al Centro Comercial Ventura Plaza), se har\u00e1 el lanzamiento de la Feria. \u201cAnunciaremos a la regi\u00f3n y a Colombia que estamos de fiesta. Este ser\u00e1 el abrebocas de lo que se vivir\u00e1 en los d\u00edas de julio\u201d, dijo el alcalde Rojas.<\/p>\n<p>La Polic\u00eda brindar\u00e1 el despliegue de seguridad en los puntos de concentraci\u00f3n masiva para asegurar la tranquilidad de turistas y locales asistentes a la feria. Los Bomberos y la Defensa Civil unir\u00e1n esfuerzos para garantizar que no haya contratiempos.<\/p>\n<p>En el despliegue de eventos estar\u00e1n:<\/p>\n<p>1.- Reinado Comunal, Circuitos Culturales y Feria Infantil<\/p>\n<p>2.- C\u00facuta Moda 2018<\/p>\n<p>3.- Expodetodo<\/p>\n<p>4.- Feria Agropecuaria<\/p>\n<p>5.- Estrategia comercial \u2018El comercio se viste de feria\u2019<\/p>\n<p>6.- Feria Artesanal<\/p>\n<p>7.- Emprende Fest<\/p>\n<p>8.- Desfile de carrozas, autos y motos antiguos<\/p>\n<p>9.- Partido de f\u00fatbol con celebridades<\/p>\n<p>10.- Gran cabalgata<\/p>\n<p>11.- Verano Fest y Rock Fest<\/p>\n<p>12.- Primera cl\u00e1sica de ciclistas estrellas del futuro, Copa Santanderes<\/p>\n<p>13.- Global Village<\/p>\n<p>14.- Conciertos y el cantinazo. <\/p>\n","protected":false},"excerpt":{"rendered":"<p>C\u00daCUTA.- Las secretar\u00edas de Cultura y Turismo, Desarrollo Social y Econ\u00f3mico y el Banco del Progreso preparan la tercera versi\u00f3n de la Feria de C\u00facuta. El evento se llevar\u00e1 a cabo del 18 al 22 de julio con el eslogan Rescatando Tradiciones. El alcalde C\u00e9sar Rojas sigue apost\u00e1ndole a la Feria como estrategia que reactiva &hellip;<\/p>\n","protected":false},"author":1,"featured_media":32664,"comment_status":"open","ping_status":"open","sticky":false,"template":"","format":"standard","meta":{"footnotes":""},"categories":[2625,4],"tags":[2733,226,3029],"class_list":["post-32663","post","type-post","status-publish","format-standard","has-post-thumbnail","hentry","category-alcaldia-de-cucuta","category-barra","tag-alcalde-cesar-rojas","tag-alcaldia-de-cucuta","tag-feria-de-cucuta"],"_links":{"self":[{"href":"https:\/\/contraluzcucuta.co\/index.php?rest_route=\/wp\/v2\/posts\/32663","targetHints":{"allow":["GET"]}}],"collection":[{"href":"https:\/\/contraluzcucuta.co\/index.php?rest_route=\/wp\/v2\/posts"}],"about":[{"href":"https:\/\/contraluzcucuta.co\/index.php?rest_route=\/wp\/v2\/types\/post"}],"author":[{"embeddable":true,"href":"https:\/\/contraluzcucuta.co\/index.php?rest_route=\/wp\/v2\/users\/1"}],"replies":[{"embeddable":true,"href":"https:\/\/contraluzcucuta.co\/index.php?rest_route=%2Fwp%2Fv2%2Fcomments&post=32663"}],"version-history":[{"count":1,"href":"https:\/\/contraluzcucuta.co\/index.php?rest_route=\/wp\/v2\/posts\/32663\/revisions"}],"predecessor-version":[{"id":32665,"href":"https:\/\/contraluzcucuta.co\/index.php?rest_route=\/wp\/v2\/posts\/32663\/revisions\/32665"}],"wp:featuredmedia":[{"embeddable":true,"href":"https:\/\/contraluzcucuta.co\/index.php?rest_route=\/wp\/v2\/media\/32664"}],"wp:attachment":[{"href":"https:\/\/contraluzcucuta.co\/index.php?rest_route=%2Fwp%2Fv2%2Fmedia&parent=32663"}],"wp:term":[{"taxonomy":"category","embeddable":true,"href":"https:\/\/contraluzcucuta.co\/index.php?rest_route=%2Fwp%2Fv2%2Fcategories&post=32663"},{"taxonomy":"post_tag","embeddable":true,"href":"https:\/\/contraluzcucuta.co\/index.php?rest_route=%2Fwp%2Fv2%2Ftags&post=32663"}],"curies":[{"name":"wp","href":"https:\/\/api.w.org\/{rel}","templated":true}]}}