{"id":32656,"date":"2018-06-12T21:21:03","date_gmt":"2018-06-13T02:21:03","guid":{"rendered":"http:\/\/contraluzcucuta.co\/?p=32656"},"modified":"2018-06-12T21:21:03","modified_gmt":"2018-06-13T02:21:03","slug":"trabajo-infantil-norte-de-santander-primero-en-la-region-andina-con-301-casos","status":"publish","type":"post","link":"https:\/\/contraluzcucuta.co\/?p=32656","title":{"rendered":"TRABAJO INFANTIL. Norte de Santander, primero en la regi\u00f3n Andina con 301 casos"},"content":{"rendered":"<p style=\"padding-left: 60px;\"><span style=\"color: #ff6600;\"><strong>C\u00daCUTA.-<\/strong> Norte de Santander report\u00f3 301 casos de trabajo infantil entre los departamentos de la regi\u00f3n Andina, durante los tres meses de la campa\u00f1a \u2018Presente contra el trabajo infantil\u2019. En cuanto a ni\u00f1os venezolanos trabajadores, en el departamento se detectaron 135, de los &nbsp;345 menores de edad identificados en el pa\u00eds.<\/span><\/p>\n<p>La Regional Norte de Santander del ICBF adelant\u00f3 31 jornadas de sensibilizaci\u00f3n e identificaci\u00f3n de trabajo infantil. El resultado fue la apertura de 21 procesos administrativos para restablecer los derechos de los ni\u00f1os y los adolescentes atendidos por la situaci\u00f3n.<\/p>\n<p>El Equipo M\u00f3vil de Protecci\u00f3n Integral y tres Unidades M\u00f3viles de la Regional hacen 11 recorridos semanales. Adem\u00e1s de las b\u00fasquedas activas, las profesionales del \u00e1rea sicosocial llevan a cabo tareas de sensibilizaci\u00f3n a las familias que se encuentran en los sem\u00e1foros y zona c\u00e9ntrica de la capital nortesantandereana.<\/p>\n<p>En C\u00facuta el ICBF trabaja en la garant\u00eda de derechos de ni\u00f1os, adolescentes y j\u00f3venes, y con las familias provenientes de otros pa\u00edses. Por ser zona de frontera requieren de mayor sensibilizaci\u00f3n y acompa\u00f1amiento para evitar que los hijos trabajen.<\/p>\n<p><strong>Campa\u00f1a para erradicar el trabajo infantil <\/strong><\/p>\n<p>\u2018Un ni\u00f1o que trabaja, pierde m\u00e1s de lo que gana\u201d. El mensaje hace parte de la campa\u00f1a liderada por la Secretar\u00eda de Desarrollo Social del departamento y el Comit\u00e9 Interinstitucional de Prevenci\u00f3n y Erradicaci\u00f3n del Trabajo Infantil y Protecci\u00f3n al Joven Trabajador de Norte de Santander. El fin es sensibilizar a los nortesantandereanos sobre la necesidad de erradicar el trabajo infantil en la regi\u00f3n.<\/p>\n<p>El mensaje se conoci\u00f3 en la rueda de prensa efectuada en la Torre del Reloj de C\u00facuta, en la que se present\u00f3 el v\u00eddeo que invita a pap\u00e1s, comerciantes, empresarios y habitantes a contribuir con la mitigaci\u00f3n de este problema, de manera que se pueda consolidar un mejor futuro para los ni\u00f1os y los adolescentes.<\/p>\n<p>\u201cQuisimos vincularnos para hacer un trabajo m\u00e1s efectivo y llegar a m\u00e1s poblaci\u00f3n\u201d, dijo Lady Morales, secretaria Desarrollo Social. La idea es propiciar acciones para erradicar el trabajo infantil en el departamento, por medio de la sensibilizaci\u00f3n.<\/p>\n<p>El 15 de junio, en C\u00facuta, miembros del comit\u00e9 continuar\u00e1n la campa\u00f1a de sensibilizaci\u00f3n en:<\/p>\n<p>1.- Cenabastos, a partir de las 4:00 de la ma\u00f1ana<\/p>\n<p>2.- Terminal de Transportes, a las 7:00 de la ma\u00f1ana<\/p>\n<p>3.- Parque Mercedes, a las 9:00 de la ma\u00f1ana<\/p>\n<p>4.- Plaza Amelia del Centro Comercial Ventura, a las 11:00 de la ma\u00f1ana. <\/p>\n","protected":false},"excerpt":{"rendered":"<p>C\u00daCUTA.- Norte de Santander report\u00f3 301 casos de trabajo infantil entre los departamentos de la regi\u00f3n Andina, durante los tres meses de la campa\u00f1a \u2018Presente contra el trabajo infantil\u2019. En cuanto a ni\u00f1os venezolanos trabajadores, en el departamento se detectaron 135, de los &nbsp;345 menores de edad identificados en el pa\u00eds. La Regional Norte de &hellip;<\/p>\n","protected":false},"author":1,"featured_media":32657,"comment_status":"open","ping_status":"open","sticky":false,"template":"","format":"standard","meta":{"footnotes":""},"categories":[4,6],"tags":[405,465,77],"class_list":["post-32656","post","type-post","status-publish","format-standard","has-post-thumbnail","hentry","category-barra","category-ojo-avizor","tag-bienestar-familiar","tag-icbf","tag-trabajo-infantil"],"_links":{"self":[{"href":"https:\/\/contraluzcucuta.co\/index.php?rest_route=\/wp\/v2\/posts\/32656","targetHints":{"allow":["GET"]}}],"collection":[{"href":"https:\/\/contraluzcucuta.co\/index.php?rest_route=\/wp\/v2\/posts"}],"about":[{"href":"https:\/\/contraluzcucuta.co\/index.php?rest_route=\/wp\/v2\/types\/post"}],"author":[{"embeddable":true,"href":"https:\/\/contraluzcucuta.co\/index.php?rest_route=\/wp\/v2\/users\/1"}],"replies":[{"embeddable":true,"href":"https:\/\/contraluzcucuta.co\/index.php?rest_route=%2Fwp%2Fv2%2Fcomments&post=32656"}],"version-history":[{"count":1,"href":"https:\/\/contraluzcucuta.co\/index.php?rest_route=\/wp\/v2\/posts\/32656\/revisions"}],"predecessor-version":[{"id":32658,"href":"https:\/\/contraluzcucuta.co\/index.php?rest_route=\/wp\/v2\/posts\/32656\/revisions\/32658"}],"wp:featuredmedia":[{"embeddable":true,"href":"https:\/\/contraluzcucuta.co\/index.php?rest_route=\/wp\/v2\/media\/32657"}],"wp:attachment":[{"href":"https:\/\/contraluzcucuta.co\/index.php?rest_route=%2Fwp%2Fv2%2Fmedia&parent=32656"}],"wp:term":[{"taxonomy":"category","embeddable":true,"href":"https:\/\/contraluzcucuta.co\/index.php?rest_route=%2Fwp%2Fv2%2Fcategories&post=32656"},{"taxonomy":"post_tag","embeddable":true,"href":"https:\/\/contraluzcucuta.co\/index.php?rest_route=%2Fwp%2Fv2%2Ftags&post=32656"}],"curies":[{"name":"wp","href":"https:\/\/api.w.org\/{rel}","templated":true}]}}