{"id":32653,"date":"2018-06-12T20:53:43","date_gmt":"2018-06-13T01:53:43","guid":{"rendered":"http:\/\/contraluzcucuta.co\/?p=32653"},"modified":"2018-06-12T20:53:43","modified_gmt":"2018-06-13T01:53:43","slug":"mano-mano-con-guigo-mafla-la-camiseta-del-america-no-se-la-pone-cualquiera","status":"publish","type":"post","link":"https:\/\/contraluzcucuta.co\/?p=32653","title":{"rendered":"MANO A MANO CON GUIGO MAFLA. La camiseta del Am\u00e9rica no se la pone cualquiera"},"content":{"rendered":"<p style=\"padding-left: 60px;\"><span style=\"color: #ff6600;\"><strong>C\u00daCUTA.-<\/strong> Para el vallecaucano Edison Mafla Pe\u00f1a la camiseta del Am\u00e9rica no es para cualquier jugador. Tanto influye el equipo rojo que tiene hinchada en todo el pa\u00eds. El paso del club escarlata por el Torneo de Ascenso afianz\u00f3 el amor del hincha. Record\u00f3 con cari\u00f1o a Jorge Luis Pinto, t\u00e9cnico que le dio la oportunidad de debutar en el futbol profesional.<\/span><\/p>\n<p><span style=\"color: #000000;\"><strong>\u00bfPorque el apodo de <\/strong><em><strong>G<\/strong><\/em><em><strong>uigo<\/strong><\/em><strong>?<\/strong><\/span><\/p>\n<ul>\n<li><em>Ve\u00eda mucho al Topo Gigio y la gente ve\u00eda que le prestaba atenci\u00f3n al programa, as\u00ed que me dec\u00edan Gigio. Pero como hab\u00eda uno en el barrio, me pusieron Guigo\u201d. As\u00ed la gente me reconoci\u00f3.<\/em><\/li>\n<\/ul>\n<p><strong>\u00bfQu\u00e9 recuerda de su paso por Am\u00e9rica de Cali?<\/strong><\/p>\n<ul>\n<li><em>Tengo recuerdos muy bonitos. Al principio fue dif\u00edcil, porque el paso por el Deportivo Cali fue importante. Mucha gente no sabe que jugu\u00e9 para el Cali. Cuando llegu\u00e9 era resistido por la hinchada del Am\u00e9rica. Pero con dedicaci\u00f3n, profesionalismo y en cada partido me entregaba y me gan\u00e9 el respeto y el cari\u00f1o de la gente. <\/em><\/li>\n<\/ul>\n<p><strong>\u00bfQu\u00e9 t\u00e9cnico le dio la oportunidad de debutar en el f\u00fatbol profesional?<\/strong><\/p>\n<ul>\n<li><em>El t\u00e9cnico que me dio la oportunidad de debutar fue Jorge Luis Pinto, en Deportivo Cali. <\/em><\/li>\n<\/ul>\n<p><strong>\u00bfEn qu\u00e9 ha cambiado el f\u00fatbol?<\/strong><\/p>\n<ul>\n<li><em>Son \u00e9pocas diferentes. Nosotros jug\u00e1bamos por la camiseta, se hac\u00eda buen f\u00fatbol. Hoy el f\u00fatbol se volvi\u00f3 m\u00e1s f\u00edsico, el talento de un jugador lo han dejado atr\u00e1s. Cuando a uno lo llevaban a un equipo era por talento; actualmente, se valora m\u00e1s el sacrificio de correr. Se perdi\u00f3 lo bonito que era hacer un t\u00fanel, un sombrero, no se ven cambios de frente, porque todo ha ido en un proceso de cambio. <\/em><\/li>\n<\/ul>\n<p><strong>\u00bfQu\u00e9 recuerda de Jorge Luis Pinto?<\/strong><\/p>\n<ul>\n<li><em>Es un t\u00e9cnico trabajador. En la \u00e9poca m\u00eda, uno era joven con ganas de salir adelante. De sacar a la familia a una mejor calidad de vida, de llegar al profesionalismo y que me haya trabajado fue un honor. Aprend\u00ed mucho y estoy eternamente agradecido por los consejos y mis mejores deseos en su camino. Me impuls\u00f3 para llegar al profesionalismo. <\/em><\/li>\n<\/ul>\n<p><strong>\u00bfQue tiene la hinchada del Am\u00e9rica que la hace distinta a las dem\u00e1s en el pa\u00eds?<\/strong><\/p>\n<ul>\n<li><em>Como dice la canci\u00f3n, Am\u00e9rica es la pasi\u00f3n de un pueblo. Ha sido un club que ha conseguido muchos t\u00edtulos y eso hace la exigencia m\u00e1s fuerte. Esta camiseta no se la pone cualquiera. El hincha siempre quiere lo mejor. Hoy, te van a exigir el doble como jugador por los t\u00edtulos que el club gan\u00f3. <\/em><\/li>\n<\/ul>\n<p><strong>\u00bfDesde que Am\u00e9rica descendi\u00f3 el hincha se volvi\u00f3 m\u00e1s fan\u00e1tico al equipo?<\/strong><\/p>\n<ul>\n<li><em>S\u00ed. Estaban pendientes del Am\u00e9rica cuando estuvo en la B. Am\u00e9rica ascendi\u00f3 y la gente ni lo mira. Cuando estaba en el Torneo de Ascenso en cada cancha que iba hab\u00eda lleno. Eso favoreci\u00f3 las taquillas de los equipos que econ\u00f3micamente no estaban bien. <\/em><\/li>\n<\/ul>\n<p><strong>\u00bfC\u00f3mo lleg\u00f3 a Villareal, en Espa\u00f1a?<\/strong><\/p>\n<ul>\n<li><em>Fue una experiencia bonita. Llegu\u00e9 en 1997, pero no pude tener mayor participaci\u00f3n. Todo eso marca para cuando toque dirigir pueda utilizarlo para aconsejar a los jugadores. <\/em><\/li>\n<\/ul>\n<p><strong>\u00bfC\u00f3mo fue el paso por Universidad de Chile?<\/strong><\/p>\n<ul>\n<li><em>Llegu\u00e9 a Chile bien, porque estaba en un proceso de adaptaci\u00f3n, gracias a que jugu\u00e9 en Villareal. Ten\u00eda ritmo de competencia. En el primer a\u00f1o sal\u00ed campe\u00f3n. Cuando el t\u00e9cnico que me llev\u00f3 no continu\u00f3 en el club, ah\u00ed termin\u00f3 mi proceso al no tener continuidad. As\u00ed que regrese a Colombia. <\/em><\/li>\n<\/ul>\n<p><strong>\u00bfQu\u00e9 le falta al f\u00fatbol colombiano para ser igual a las ligas argentina, brasile\u00f1a o chilena?<\/strong><\/p>\n<ul>\n<li><strong><em>Le falta organizaci\u00f3n. Lo que pasa es que ac\u00e1 hay mucha diferencia entre los equipos chicos y grandes. Muchos clubes no tienen canchas d<\/em><\/strong><strong><em>\u00f3<\/em><\/strong><strong><em>nde entrenar. Nacional, Medell\u00edn, Junior, Cali tienen sedes <\/em><\/strong><strong><em>para<\/em><\/strong><strong><em> entrenan y se preparan<\/em><\/strong><strong><em>. H<\/em><\/strong><strong><em>ay mucha ventaja sobre el resto de equipos. Pienso que si todos los equipos se ponen a la par el futbol colombiano puede ser equilibrado.<\/em><\/strong><\/li>\n<\/ul>\n<p><strong>\u00bfQu\u00e9 recuerda de esos partidos contra el C\u00facuta Deportivo en el estadio General Santander?<\/strong><\/p>\n<ul>\n<li><em>Jugu\u00e9 un solo partido y ese d\u00eda marqu\u00e9 dos goles. Recuerdo que el estadio ten\u00eda solo dos tribunas, la cancha era dura, pero la presi\u00f3n fue la misma. Hoy, el estadio est\u00e1 diferente. <\/em><\/li>\n<\/ul>\n<p><strong>\u00bfCree que es malo que una persona no sea hincha del equipo de su ciudad y se incline por otros colores?<\/strong><\/p>\n<ul>\n<li><em>Creo que hay que respetar y tener tolerancia. Qu\u00e9 lindo es que cada club tenga su hinchada. Tengo amigos en Cali que son paisas y son hinchas de otro club, no necesariamente tienen que ser hinchas de Medell\u00edn, Nacional o Envigado. Hay paisas hinchas del Cali o Am\u00e9rica, as\u00ed que hay que respetar. Hay que acabar con la violencia en las tribunas por parte de las barras. Es un espect\u00e1culo que no deja ir a las familias. Antes de ser jugador fui hincha y pienso que hechos como estos no motivan ir al estadio. <\/em><\/li>\n<\/ul>\n<p><strong>\u00bfEl gol que m\u00e1s recuerda es?<\/strong><\/p>\n<ul>\n<li><em>Uno que hice con la camisa del Am\u00e9rica contra Deportivo Cali. Recuerdo que Cali jugaba mejor ese partido. En esa jugada me junto con Mauricio Romero, sale Mart\u00edn Zapata a cerrar la jugada, me tiran la pelota por encima, la tomo de volea y la meto por arriba de Rolando Vargas. <\/em><\/li>\n<\/ul>\n<p><strong>\u00bfUn recuerdo que jam\u00e1s olvida por parte de la afici\u00f3n de Am\u00e9rica de Cali?<\/strong><\/p>\n<ul>\n<li><em>La Final del 2001 contra Medell\u00edn, en Cali. Hab\u00edamos ganado en Medell\u00edn. El estadio lleno. Hab\u00eda marcado un gol y despu\u00e9s hice una jugada brillante que termin\u00f3 con gol de Juli\u00e1n V\u00e1zquez. La hinchada nunca se fue; al contrario, termin\u00f3 coreando el nombre de cada uno de nosotros. Eso para m\u00ed es inolvidable. <\/em><\/li>\n<\/ul>\n<p><strong>JORDY ORLANDO CRUZ<\/strong> <\/p>\n","protected":false},"excerpt":{"rendered":"<p>C\u00daCUTA.- Para el vallecaucano Edison Mafla Pe\u00f1a la camiseta del Am\u00e9rica no es para cualquier jugador. Tanto influye el equipo rojo que tiene hinchada en todo el pa\u00eds. El paso del club escarlata por el Torneo de Ascenso afianz\u00f3 el amor del hincha. Record\u00f3 con cari\u00f1o a Jorge Luis Pinto, t\u00e9cnico que le dio la &hellip;<\/p>\n","protected":false},"author":1,"featured_media":32654,"comment_status":"open","ping_status":"open","sticky":false,"template":"","format":"standard","meta":{"footnotes":""},"categories":[4,28],"tags":[2972,4201],"class_list":["post-32653","post","type-post","status-publish","format-standard","has-post-thumbnail","hentry","category-barra","category-vistazo-deportivo","tag-america-de-cali","tag-edison-mafla"],"_links":{"self":[{"href":"https:\/\/contraluzcucuta.co\/index.php?rest_route=\/wp\/v2\/posts\/32653","targetHints":{"allow":["GET"]}}],"collection":[{"href":"https:\/\/contraluzcucuta.co\/index.php?rest_route=\/wp\/v2\/posts"}],"about":[{"href":"https:\/\/contraluzcucuta.co\/index.php?rest_route=\/wp\/v2\/types\/post"}],"author":[{"embeddable":true,"href":"https:\/\/contraluzcucuta.co\/index.php?rest_route=\/wp\/v2\/users\/1"}],"replies":[{"embeddable":true,"href":"https:\/\/contraluzcucuta.co\/index.php?rest_route=%2Fwp%2Fv2%2Fcomments&post=32653"}],"version-history":[{"count":1,"href":"https:\/\/contraluzcucuta.co\/index.php?rest_route=\/wp\/v2\/posts\/32653\/revisions"}],"predecessor-version":[{"id":32655,"href":"https:\/\/contraluzcucuta.co\/index.php?rest_route=\/wp\/v2\/posts\/32653\/revisions\/32655"}],"wp:featuredmedia":[{"embeddable":true,"href":"https:\/\/contraluzcucuta.co\/index.php?rest_route=\/wp\/v2\/media\/32654"}],"wp:attachment":[{"href":"https:\/\/contraluzcucuta.co\/index.php?rest_route=%2Fwp%2Fv2%2Fmedia&parent=32653"}],"wp:term":[{"taxonomy":"category","embeddable":true,"href":"https:\/\/contraluzcucuta.co\/index.php?rest_route=%2Fwp%2Fv2%2Fcategories&post=32653"},{"taxonomy":"post_tag","embeddable":true,"href":"https:\/\/contraluzcucuta.co\/index.php?rest_route=%2Fwp%2Fv2%2Ftags&post=32653"}],"curies":[{"name":"wp","href":"https:\/\/api.w.org\/{rel}","templated":true}]}}