{"id":32627,"date":"2018-06-09T11:18:12","date_gmt":"2018-06-09T16:18:12","guid":{"rendered":"http:\/\/contraluzcucuta.co\/?p=32627"},"modified":"2018-06-09T11:18:12","modified_gmt":"2018-06-09T16:18:12","slug":"segunda-vuelta-presidencial-cierre-de-frontera-con-venezuela-el-jueves-media-noche","status":"publish","type":"post","link":"https:\/\/contraluzcucuta.co\/?p=32627","title":{"rendered":"SEGUNDA VUELTA PRESIDENCIAL. Cierre de frontera con Venezuela el jueves, a media noche"},"content":{"rendered":"<p style=\"padding-left: 60px;\"><span style=\"color: #ff6600;\"><strong>C\u00daCUTA.-<\/strong> En Norte de Santander hay tranquilidad en materia de orden p\u00fablico, a ocho d\u00edas de la segunda vuelta para elegir presidente de la rep\u00fablica. El Comit\u00e9 Departamental de Seguimiento Electoral inform\u00f3 que la seguridad est\u00e1 garantizada en el departamento para este 17 de junio.<\/span><\/p>\n<p>La Fuerza P\u00fablica implementar\u00e1 dispositivos en v\u00edas, \u00e1reas rurales y cabeceras municipales, y acompa\u00f1ar\u00e1 el desplazamiento del material electoral, de manera que llegue a los 40 municipios. &nbsp;<\/p>\n<p>El calendario trascurre normalmente y en el curso de la semana la documentaci\u00f3n requerida llegar\u00e1 a las localidades para que est\u00e9 a disposici\u00f3n de jurados y ciudadan\u00eda, el d\u00eda de los comicios.<\/p>\n<p>\u201cEsperamos que todo trascurra sin contratiempos y en completo orden\u201d, dijo el secretario de Gobierno, \u00c9dgar Pallares. Se han desplegado operativos de seguridad por parte de la fuerza del orden y organismos de control.<\/p>\n<p>En la reuni\u00f3n del Comit\u00e9 participaron delegados de las dos campa\u00f1as electorales y solicitaron que se permita la toma de fotograf\u00edas del formulario E-14. La respuesta fue inmediata por parte de la Registradur\u00eda, que acept\u00f3 la propuesta y pidi\u00f3 a la Polic\u00eda permitir esta acci\u00f3n.<\/p>\n<p>La zona de El Catatumbo contar\u00e1 con especial atenci\u00f3n para que los pobladores acudan a las urnas sin inconvenientes y en orden, como ocurri\u00f3 en la primera vuelta, el 27 de mayo.<\/p>\n<p>La Registradur\u00eda trabajar\u00e1 en Norte de Santander con el mismo censo y log\u00edstica:<\/p>\n<p>1.- Instaladas: 3130 mesas de votaci\u00f3n en zonas urbanas y rurales<\/p>\n<p>2.- Poblaci\u00f3n para atender: 1.155.957 aptas para votar<\/p>\n<p>3.- Mujeres: 592.580<\/p>\n<p>4.- Hombres: 563.377.<\/p>\n<p>La totalidad de las mesas tendr\u00e1 cobertura de seguridad para garantizar que los ciudadanos se acerquen a las urnas con libertad.&nbsp; Desde el Puesto de Mando Unificado (PMU), en la sede de la Polic\u00eda Metropolitana de C\u00facuta (Mecuc), se monitorear\u00e1 el proceso de elecci\u00f3n. Observadores y entidades de control estar\u00e1n atentos para resolver problemas surgidos por delitos e irregularidades que tengan lugar.<\/p>\n<p>El viceministro del interior Eduardo Garz\u00f3n dijo que desde Bogot\u00e1, en el PMU, estar\u00e1n atentos para tener enlace y hacer seguimiento en el pa\u00eds, para saber c\u00f3mo trascurre la jornada electoral.<\/p>\n<p>La frontera, por decreto nacional, se cerrar\u00e1 el 14 de junio, a las 12:00 de la noche y se abrir\u00e1 el 18, a las 6:00 de la ma\u00f1ana. Regir\u00e1n las medidas restrictivas de la primera vuelta, Ley Seca y porte de armas. <\/p>\n","protected":false},"excerpt":{"rendered":"<p>C\u00daCUTA.- En Norte de Santander hay tranquilidad en materia de orden p\u00fablico, a ocho d\u00edas de la segunda vuelta para elegir presidente de la rep\u00fablica. El Comit\u00e9 Departamental de Seguimiento Electoral inform\u00f3 que la seguridad est\u00e1 garantizada en el departamento para este 17 de junio. La Fuerza P\u00fablica implementar\u00e1 dispositivos en v\u00edas, \u00e1reas rurales y &hellip;<\/p>\n","protected":false},"author":1,"featured_media":32628,"comment_status":"open","ping_status":"open","sticky":false,"template":"","format":"standard","meta":{"footnotes":""},"categories":[4,9],"tags":[4043,4157,3544,1448],"class_list":["post-32627","post","type-post","status-publish","format-standard","has-post-thumbnail","hentry","category-barra","category-politica","tag-elecciones-en-norte-de-santander","tag-gustavo-petro","tag-ivan-duque","tag-segunda-vuelta-presidencial"],"_links":{"self":[{"href":"https:\/\/contraluzcucuta.co\/index.php?rest_route=\/wp\/v2\/posts\/32627","targetHints":{"allow":["GET"]}}],"collection":[{"href":"https:\/\/contraluzcucuta.co\/index.php?rest_route=\/wp\/v2\/posts"}],"about":[{"href":"https:\/\/contraluzcucuta.co\/index.php?rest_route=\/wp\/v2\/types\/post"}],"author":[{"embeddable":true,"href":"https:\/\/contraluzcucuta.co\/index.php?rest_route=\/wp\/v2\/users\/1"}],"replies":[{"embeddable":true,"href":"https:\/\/contraluzcucuta.co\/index.php?rest_route=%2Fwp%2Fv2%2Fcomments&post=32627"}],"version-history":[{"count":1,"href":"https:\/\/contraluzcucuta.co\/index.php?rest_route=\/wp\/v2\/posts\/32627\/revisions"}],"predecessor-version":[{"id":32629,"href":"https:\/\/contraluzcucuta.co\/index.php?rest_route=\/wp\/v2\/posts\/32627\/revisions\/32629"}],"wp:featuredmedia":[{"embeddable":true,"href":"https:\/\/contraluzcucuta.co\/index.php?rest_route=\/wp\/v2\/media\/32628"}],"wp:attachment":[{"href":"https:\/\/contraluzcucuta.co\/index.php?rest_route=%2Fwp%2Fv2%2Fmedia&parent=32627"}],"wp:term":[{"taxonomy":"category","embeddable":true,"href":"https:\/\/contraluzcucuta.co\/index.php?rest_route=%2Fwp%2Fv2%2Fcategories&post=32627"},{"taxonomy":"post_tag","embeddable":true,"href":"https:\/\/contraluzcucuta.co\/index.php?rest_route=%2Fwp%2Fv2%2Ftags&post=32627"}],"curies":[{"name":"wp","href":"https:\/\/api.w.org\/{rel}","templated":true}]}}